{"id":999,"date":"2026-05-09T07:22:27","date_gmt":"2026-05-09T07:22:27","guid":{"rendered":"https:\/\/turkiyemhaber.com\/?p=999"},"modified":"2026-05-09T07:22:32","modified_gmt":"2026-05-09T07:22:32","slug":"unlu-sanatciya-sohreti-getiren-video-simdilerde-turkiyede-adini-bilmeyen-yok","status":"publish","type":"post","link":"https:\/\/turkiyemhaber.com\/?p=999","title":{"rendered":"\u00dcnl\u00fc sanat\u00e7\u0131ya \u015f\u00f6hreti getiren video! \u015eimdilerde T\u00fcrkiye&#8217;de ad\u0131n\u0131 bilmeyen yok"},"content":{"rendered":"\n<p class=\"wp-block-paragraph\">K\u00f6y\u00fcnde t\u00fcrk\u00fc s\u00f6yledi\u011fi anlar\u0131n kayda al\u0131nmas\u0131yla ke\u015ffedilen Sebahat Akkiraz, bu tesad\u00fcf sayesinde T\u00fcrkiye\u2019nin en sevilen halk m\u00fczi\u011fi sanat\u00e7\u0131lar\u0131ndan biri haline geldi.<\/p>\n\n\n\n<p class=\"wp-block-paragraph\">K\u00f6y\u00fcnde t\u00fcrk\u00fc s\u00f6yleyen Sebahat Akkiraz\u2019\u0131n hayat\u0131, k\u00f6ye gelen \u00e7ekim ekibinin k\u00fc\u00e7\u00fck bir videosunu kaydetmesiyle de\u011fi\u015fti. Sanat\u00e7\u0131, o video sayesinde\u00a0T\u00fcrkiye\u2019nin en sevilen halk m\u00fczi\u011fi sanat\u00e7\u0131lar\u0131ndan biri olarak \u015f\u00f6hrete kavu\u015ftu.\u00a0<\/p>\n","protected":false},"excerpt":{"rendered":"<p>K\u00f6y\u00fcnde t\u00fcrk\u00fc s\u00f6yledi\u011fi anlar\u0131n kayda al\u0131nmas\u0131yla ke\u015ffedilen Sebahat Akkiraz, bu tesad\u00fcf sayesinde T\u00fcrkiye\u2019nin en sevilen<\/p>\n","protected":false},"author":1,"featured_media":1000,"comment_status":"open","ping_status":"open","sticky":false,"template":"","format":"standard","meta":{"_rtcl_gb_attr":"","footnotes":""},"categories":[41],"tags":[],"class_list":["post-999","post","type-post","status-publish","format-standard","has-post-thumbnail","hentry","category-magazin"],"_links":{"self":[{"href":"https:\/\/turkiyemhaber.com\/index.php?rest_route=\/wp\/v2\/posts\/999","targetHints":{"allow":["GET"]}}],"collection":[{"href":"https:\/\/turkiyemhaber.com\/index.php?rest_route=\/wp\/v2\/posts"}],"about":[{"href":"https:\/\/turkiyemhaber.com\/index.php?rest_route=\/wp\/v2\/types\/post"}],"author":[{"embeddable":true,"href":"https:\/\/turkiyemhaber.com\/index.php?rest_route=\/wp\/v2\/users\/1"}],"replies":[{"embeddable":true,"href":"https:\/\/turkiyemhaber.com\/index.php?rest_route=%2Fwp%2Fv2%2Fcomments&post=999"}],"version-history":[{"count":1,"href":"https:\/\/turkiyemhaber.com\/index.php?rest_route=\/wp\/v2\/posts\/999\/revisions"}],"predecessor-version":[{"id":1001,"href":"https:\/\/turkiyemhaber.com\/index.php?rest_route=\/wp\/v2\/posts\/999\/revisions\/1001"}],"wp:featuredmedia":[{"embeddable":true,"href":"https:\/\/turkiyemhaber.com\/index.php?rest_route=\/wp\/v2\/media\/1000"}],"wp:attachment":[{"href":"https:\/\/turkiyemhaber.com\/index.php?rest_route=%2Fwp%2Fv2%2Fmedia&parent=999"}],"wp:term":[{"taxonomy":"category","embeddable":true,"href":"https:\/\/turkiyemhaber.com\/index.php?rest_route=%2Fwp%2Fv2%2Fcategories&post=999"},{"taxonomy":"post_tag","embeddable":true,"href":"https:\/\/turkiyemhaber.com\/index.php?rest_route=%2Fwp%2Fv2%2Ftags&post=999"}],"curies":[{"name":"wp","href":"https:\/\/api.w.org\/{rel}","templated":true}]}}