{"id":975,"date":"2026-05-09T07:08:05","date_gmt":"2026-05-09T07:08:05","guid":{"rendered":"https:\/\/turkiyemhaber.com\/?p=975"},"modified":"2026-05-09T07:08:10","modified_gmt":"2026-05-09T07:08:10","slug":"kirklareli-valisi-gaziyi-ziyaret-etti","status":"publish","type":"post","link":"https:\/\/turkiyemhaber.com\/?p=975","title":{"rendered":"K\u0131rklareli Valisi Gaziyi Ziyaret Etti"},"content":{"rendered":"\n<p class=\"wp-block-paragraph\">Vali Turan, K\u0131br\u0131s Gazisi Mustafa Ko\u00e7o\u011flu&#8217;nu kabul ederek gazilerin \u00f6nemine de\u011findi.<\/p>\n\n\n\n<p class=\"wp-block-paragraph\">K\u0131rklareli Valisi U\u011fur Turan, K\u0131br\u0131s Gazisi Mustafa Ko\u00e7o\u011flu&#8217;nu makam\u0131nda kabul etti.<\/p>\n\n\n\n<p class=\"wp-block-paragraph\">Vali Turan, ziyaretten duydu\u011fu memnuniyeti dile getirerek, gazi Ko\u00e7o\u011flu ile bir s\u00fcre sohbet etti.<\/p>\n\n\n\n<p class=\"wp-block-paragraph\">Gazilerin vatan u\u011fruna g\u00f6sterdikleri kahramanl\u0131k ve fedakarl\u0131klar\u0131n T\u00fcrk milletinin g\u00f6nl\u00fcnde her zaman \u00f6zel bir yere sahip oldu\u011funu ifade eden Turan, gazilerin toplumsal haf\u0131zadaki \u00f6nemine de\u011findi.<\/p>\n\n\n\n<p class=\"wp-block-paragraph\">Ziyarette Ko\u00e7o\u011flu&#8217;nun torunu Cenker Bayramo\u011flu da bulundu.<\/p>\n\n\n\n<p class=\"wp-block-paragraph\">Rehber \u00f6\u011fretmenlere e\u011fitim verildi<\/p>\n\n\n\n<p class=\"wp-block-paragraph\">K\u0131rklareli Rehberlik ve Ara\u015ft\u0131rma Merkezi taraf\u0131ndan y\u00fcr\u00fct\u00fclen &#8220;\u00d6zel Bireylerin Kariyer Yolculu\u011fu&#8221; projesi kapsam\u0131nda, rehber \u00f6\u011fretmenlere e\u011fitim verildi.<\/p>\n\n\n\n<p class=\"wp-block-paragraph\">\u00d6\u011fretmenevinde d\u00fczenlenen programda, rehber \u00f6\u011fretmenlere &#8220;Kariyer Dan\u0131\u015fmanl\u0131\u011f\u0131nda Aile Yakla\u015f\u0131mlar\u0131 ve Kuramsal Temeller&#8221; konulu sunum yap\u0131ld\u0131.<\/p>\n\n\n\n<p class=\"wp-block-paragraph\">E\u011fitimin ard\u0131ndan \u0130l Milli E\u011fitim M\u00fcd\u00fcr\u00fc Murat Alt\u0131n\u00f6z, kat\u0131l\u0131mc\u0131lara sertifikalar\u0131n\u0131 verdi.<\/p>\n\n\n\n<p class=\"wp-block-paragraph\">Alt\u0131n\u00f6z, \u00f6zel gereksinimli bireylerin gelece\u011fe haz\u0131rlanmas\u0131nda bu t\u00fcr projelerin \u00f6nemine dikkat \u00e7ekerek, t\u00fcm \u00f6\u011fretmenlere \u00e7al\u0131\u015fmalar\u0131nda ba\u015far\u0131lar diledi.<\/p>\n","protected":false},"excerpt":{"rendered":"<p>Vali Turan, K\u0131br\u0131s Gazisi Mustafa Ko\u00e7o\u011flu&#8217;nu kabul ederek gazilerin \u00f6nemine de\u011findi. K\u0131rklareli Valisi U\u011fur Turan,<\/p>\n","protected":false},"author":1,"featured_media":976,"comment_status":"open","ping_status":"open","sticky":false,"template":"","format":"standard","meta":{"_rtcl_gb_attr":"","footnotes":""},"categories":[1],"tags":[],"class_list":["post-975","post","type-post","status-publish","format-standard","has-post-thumbnail","hentry","category-http-turkiyemhaber-com-wp-content-uploads-2026-03-saray-59-haber-13-mart-pdf"],"_links":{"self":[{"href":"https:\/\/turkiyemhaber.com\/index.php?rest_route=\/wp\/v2\/posts\/975","targetHints":{"allow":["GET"]}}],"collection":[{"href":"https:\/\/turkiyemhaber.com\/index.php?rest_route=\/wp\/v2\/posts"}],"about":[{"href":"https:\/\/turkiyemhaber.com\/index.php?rest_route=\/wp\/v2\/types\/post"}],"author":[{"embeddable":true,"href":"https:\/\/turkiyemhaber.com\/index.php?rest_route=\/wp\/v2\/users\/1"}],"replies":[{"embeddable":true,"href":"https:\/\/turkiyemhaber.com\/index.php?rest_route=%2Fwp%2Fv2%2Fcomments&post=975"}],"version-history":[{"count":1,"href":"https:\/\/turkiyemhaber.com\/index.php?rest_route=\/wp\/v2\/posts\/975\/revisions"}],"predecessor-version":[{"id":977,"href":"https:\/\/turkiyemhaber.com\/index.php?rest_route=\/wp\/v2\/posts\/975\/revisions\/977"}],"wp:featuredmedia":[{"embeddable":true,"href":"https:\/\/turkiyemhaber.com\/index.php?rest_route=\/wp\/v2\/media\/976"}],"wp:attachment":[{"href":"https:\/\/turkiyemhaber.com\/index.php?rest_route=%2Fwp%2Fv2%2Fmedia&parent=975"}],"wp:term":[{"taxonomy":"category","embeddable":true,"href":"https:\/\/turkiyemhaber.com\/index.php?rest_route=%2Fwp%2Fv2%2Fcategories&post=975"},{"taxonomy":"post_tag","embeddable":true,"href":"https:\/\/turkiyemhaber.com\/index.php?rest_route=%2Fwp%2Fv2%2Ftags&post=975"}],"curies":[{"name":"wp","href":"https:\/\/api.w.org\/{rel}","templated":true}]}}