{"id":933,"date":"2026-05-09T06:43:30","date_gmt":"2026-05-09T06:43:30","guid":{"rendered":"https:\/\/turkiyemhaber.com\/?p=933"},"modified":"2026-05-09T06:43:35","modified_gmt":"2026-05-09T06:43:35","slug":"resmi-gazetede-dikkat-ceken-atama-zikrullah-erdogan-33-yasinda-genel-mudur-oldu","status":"publish","type":"post","link":"https:\/\/turkiyemhaber.com\/?p=933","title":{"rendered":"Resmi Gazete&#8217;de dikkat \u00e7eken atama! Zikrullah Erdo\u011fan, 33 ya\u015f\u0131nda genel m\u00fcd\u00fcr oldu"},"content":{"rendered":"\n<p class=\"wp-block-paragraph\">Milli Savunma Bakanl\u0131\u011f\u0131 Tedarik Hizmetleri Genel M\u00fcd\u00fcr\u00fc Mehmet Avc\u0131 g\u00f6revden al\u0131nd\u0131. Resmi Gazete\u2019de yay\u0131mlanan kararla Avc\u0131\u2019n\u0131n yerine Diyarbak\u0131r \u00c7\u0131nar Kaymakam\u0131 Zikrullah Erdo\u011fan atand\u0131. Erdo\u011fan\u2019\u0131n hen\u00fcz 33 ya\u015f\u0131nda olmas\u0131 dikkat \u00e7ekti.<\/p>\n\n\n\n<p class=\"wp-block-paragraph\">Cumhurba\u015fkan\u0131 Recep Tayyip Erdo\u011fan\u2019\u0131n imzas\u0131yla yay\u0131mlanan atama karar\u0131na g\u00f6re,&nbsp;<a href=\"https:\/\/www.sondakika.com\/milli-savunma-bakanligi\/\">Milli Savunma Bakanl\u0131\u011f\u0131<\/a>&nbsp;Tedarik Hizmetleri Genel M\u00fcd\u00fcr\u00fc Mehmet Avc\u0131 g\u00f6revden al\u0131nd\u0131. Bo\u015falan g\u00f6reve ise Diyarbak\u0131r \u00c7\u0131nar Kaymakam\u0131 Zikrullah Erdo\u011fan getirildi.<\/p>\n\n\n\n<p class=\"wp-block-paragraph\">Gen\u00e7 ya\u015fta yap\u0131lan \u00fcst d\u00fczey b\u00fcrokratik atama kamuoyunda dikkat \u00e7ekti.<\/p>\n\n\n\n<figure class=\"wp-block-image\"><img decoding=\"async\" src=\"https:\/\/foto.sondakika.com\/haber\/2026\/05\/09\/resmi-gazetede-dikkat-ceken-at-19829579-3033_1_m.jpg\" alt=\"Resmi Gazete'de dikkat \u00e7eken atama! Zikrullah Erdo\u011fan, 33 ya\u015f\u0131nda genel m\u00fcd\u00fcr oldu\"\/><\/figure>\n\n\n\n<h3 class=\"wp-block-heading\">Z\u0130KRULLAH ERDO\u011eAN K\u0130MD\u0130R?<\/h3>\n\n\n\n<p class=\"wp-block-paragraph\">1993 y\u0131l\u0131nda Rize\u2019nin G\u00fcneysu il\u00e7esinde d\u00fcnyaya gelen Zikrullah Erdo\u011fan, ilk ve orta \u00f6\u011frenimini Rize\u2019de tamamlad\u0131. 2016 y\u0131l\u0131nda \u0130stanbul \u00dcniversitesi Siyasal Bilgiler Fak\u00fcltesi Siyaset Bilimi ve Kamu Y\u00f6netimi B\u00f6l\u00fcm\u00fc\u2019nden mezun oldu.<\/p>\n\n\n\n<p class=\"wp-block-paragraph\">Ayn\u0131 d\u00f6nemde \u0130stanbul \u00dcniversitesi\u2019nde \u00e7ift anadal program\u0131 kapsam\u0131nda Siyaset Bilimi ve Uluslararas\u0131 \u0130li\u015fkiler B\u00f6l\u00fcm\u00fc\u2019n\u00fc de bitirdi. \u00dcniversite y\u0131llar\u0131nda \u00e7e\u015fitli sivil toplum kurulu\u015flar\u0131nda y\u00f6neticilik yapt\u0131.<\/p>\n\n\n\n<p class=\"wp-block-paragraph\">Bir s\u00fcre Halk Bankas\u0131\u2019nda g\u00f6rev yapan Erdo\u011fan, daha sonra \u0130\u00e7i\u015fleri Bakanl\u0131\u011f\u0131\u2019n\u0131n a\u00e7t\u0131\u011f\u0131 Kaymakam Adayl\u0131\u011f\u0131 s\u0131nav\u0131n\u0131 kazanarak m\u00fclki idare amirli\u011fi mesle\u011fine ad\u0131m att\u0131.<\/p>\n\n\n\n<figure class=\"wp-block-image\"><img decoding=\"async\" src=\"https:\/\/foto.sondakika.com\/haber\/2026\/05\/09\/resmi-gazetede-dikkat-ceken-at-19829579-7126_2_m.jpg\" alt=\"Resmi Gazete'de dikkat \u00e7eken atama! Zikrullah Erdo\u011fan, 33 ya\u015f\u0131nda genel m\u00fcd\u00fcr oldu\"\/><\/figure>\n\n\n\n<h3 class=\"wp-block-heading\">T\u00dcRK\u0130YE&#8217;N\u0130N FARKLI \u0130LLER\u0130NDE G\u00d6REV YAPTI<\/h3>\n\n\n\n<p class=\"wp-block-paragraph\">Rize Valili\u011fi\u2019nde il merkez staj\u0131n\u0131 tamamlayan Erdo\u011fan, K\u0131rklareli\u2019nin P\u0131narhisar il\u00e7esinde kaymakam refikli\u011fi staj\u0131 yapt\u0131. Aksaray\u2019\u0131n A\u011fa\u00e7\u00f6ren il\u00e7esinde Kaymakam Vekili olarak g\u00f6rev ald\u0131.<\/p>\n\n\n\n<p class=\"wp-block-paragraph\">Edirne\u2019de m\u00fclkiye m\u00fcfetti\u015fi refakatinde tefti\u015f staj\u0131n\u0131 tamamlayan Erdo\u011fan, yurt d\u0131\u015f\u0131 staj\u0131 kapsam\u0131nda \u0130ngiltere\u2019de Sheffield \u00dcniversitesi\u2019nde dil e\u011fitimi ald\u0131.<\/p>\n\n\n\n<p class=\"wp-block-paragraph\">D\u00f6nem Kaymakaml\u0131k Kursu\u2019nun ard\u0131ndan 2020-2022 y\u0131llar\u0131 aras\u0131nda Isparta\u2019n\u0131n Uluborlu il\u00e7esinde, 2022-2024 y\u0131llar\u0131 aras\u0131nda ise \u015eanl\u0131urfa\u2019n\u0131n Halfeti il\u00e7esinde kaymakam olarak g\u00f6rev yapt\u0131. Erdo\u011fan, 1 Temmuz 2024 tarihinde Diyarbak\u0131r \u00c7\u0131nar Kaymakaml\u0131\u011f\u0131 g\u00f6revine atanm\u0131\u015ft\u0131.<\/p>\n\n\n\n<p class=\"wp-block-paragraph\">Evli ve bir \u00e7ocuk babas\u0131 olan Erdo\u011fan\u2019\u0131n iyi derecede \u0130ngilizce bildi\u011fi \u00f6\u011frenildi.<\/p>\n","protected":false},"excerpt":{"rendered":"<p>Milli Savunma Bakanl\u0131\u011f\u0131 Tedarik Hizmetleri Genel M\u00fcd\u00fcr\u00fc Mehmet Avc\u0131 g\u00f6revden al\u0131nd\u0131. Resmi Gazete\u2019de yay\u0131mlanan kararla<\/p>\n","protected":false},"author":1,"featured_media":934,"comment_status":"open","ping_status":"open","sticky":false,"template":"","format":"standard","meta":{"_rtcl_gb_attr":"","footnotes":""},"categories":[7],"tags":[],"class_list":["post-933","post","type-post","status-publish","format-standard","has-post-thumbnail","hentry","category-gundem"],"_links":{"self":[{"href":"https:\/\/turkiyemhaber.com\/index.php?rest_route=\/wp\/v2\/posts\/933","targetHints":{"allow":["GET"]}}],"collection":[{"href":"https:\/\/turkiyemhaber.com\/index.php?rest_route=\/wp\/v2\/posts"}],"about":[{"href":"https:\/\/turkiyemhaber.com\/index.php?rest_route=\/wp\/v2\/types\/post"}],"author":[{"embeddable":true,"href":"https:\/\/turkiyemhaber.com\/index.php?rest_route=\/wp\/v2\/users\/1"}],"replies":[{"embeddable":true,"href":"https:\/\/turkiyemhaber.com\/index.php?rest_route=%2Fwp%2Fv2%2Fcomments&post=933"}],"version-history":[{"count":1,"href":"https:\/\/turkiyemhaber.com\/index.php?rest_route=\/wp\/v2\/posts\/933\/revisions"}],"predecessor-version":[{"id":935,"href":"https:\/\/turkiyemhaber.com\/index.php?rest_route=\/wp\/v2\/posts\/933\/revisions\/935"}],"wp:featuredmedia":[{"embeddable":true,"href":"https:\/\/turkiyemhaber.com\/index.php?rest_route=\/wp\/v2\/media\/934"}],"wp:attachment":[{"href":"https:\/\/turkiyemhaber.com\/index.php?rest_route=%2Fwp%2Fv2%2Fmedia&parent=933"}],"wp:term":[{"taxonomy":"category","embeddable":true,"href":"https:\/\/turkiyemhaber.com\/index.php?rest_route=%2Fwp%2Fv2%2Fcategories&post=933"},{"taxonomy":"post_tag","embeddable":true,"href":"https:\/\/turkiyemhaber.com\/index.php?rest_route=%2Fwp%2Fv2%2Ftags&post=933"}],"curies":[{"name":"wp","href":"https:\/\/api.w.org\/{rel}","templated":true}]}}