{"id":927,"date":"2026-05-09T06:34:39","date_gmt":"2026-05-09T06:34:39","guid":{"rendered":"https:\/\/turkiyemhaber.com\/?p=927"},"modified":"2026-05-09T06:34:44","modified_gmt":"2026-05-09T06:34:44","slug":"aykut-kocamana-kotu-haber-istedigi-olmayabilir","status":"publish","type":"post","link":"https:\/\/turkiyemhaber.com\/?p=927","title":{"rendered":"Aykut Kocaman&#8217;a k\u00f6t\u00fc haber! \u0130stedi\u011fi olmayabilir"},"content":{"rendered":"\n<p class=\"wp-block-paragraph\">Fenerbah\u00e7e\u2019de Aykut Kocaman\u2019\u0131n teknik direkt\u00f6rl\u00fck ihtimali sonras\u0131 taraftardan gelen yo\u011fun tepkilerin ard\u0131ndan kulislerde yeni bir form\u00fcl konu\u015fulmaya ba\u015fland\u0131. \u0130ddiaya g\u00f6re sar\u0131-lacivertli camiada, Kocaman\u2019\u0131n tak\u0131m\u0131n ba\u015f\u0131na ge\u00e7mesi yerine y\u00f6netimde g\u00f6rev almas\u0131n\u0131n daha do\u011fru olaca\u011f\u0131 g\u00f6r\u00fc\u015f\u00fc de \u00f6ne \u00e7\u0131k\u0131yor.<\/p>\n\n\n\n<p class=\"wp-block-paragraph\">Fenerbah\u00e7e\u2019de se\u00e7im s\u00fcreci devam ederken Aykut Kocaman\u2019la ilgili dikkat \u00e7eken bir iddia ortaya at\u0131ld\u0131.<\/p>\n\n\n\n<h3 class=\"wp-block-heading\">TEPK\u0130LER SONRASI YEN\u0130 FORM\u00dcL<\/h3>\n\n\n\n<p class=\"wp-block-paragraph\">Gazeteci Yusuf Kenan \u00c7al\u0131k\u2019\u0131n a\u00e7\u0131klamas\u0131na g\u00f6re, Aykut Kocaman\u2019\u0131n teknik direkt\u00f6rl\u00fck ihtimali sonras\u0131 gelen tepkilerin ard\u0131ndan farkl\u0131 bir plan g\u00fcndeme geldi.<\/p>\n\n\n\n<h3 class=\"wp-block-heading\">\u201cY\u00d6NET\u0130ME M\u0130 ALSAK?\u201d<\/h3>\n\n\n\n<p class=\"wp-block-paragraph\">\u00c7al\u0131k, yapt\u0131\u011f\u0131 a\u00e7\u0131klamada \u201cAykut Kocaman i\u00e7in gelen tepkilerden sonra, \u2018Acaba y\u00f6netime mi alsak\u2019 diye konu\u015fulmaya ba\u015fland\u0131\u201d ifadelerini kulland\u0131.<\/p>\n\n\n\n<h3 class=\"wp-block-heading\">AZ\u0130Z YILDIRIM \u0130DD\u0130ALARI G\u00dcNDEM OLMU\u015eTU<\/h3>\n\n\n\n<p class=\"wp-block-paragraph\">Daha \u00f6nce Aziz Y\u0131ld\u0131r\u0131m\u2019\u0131n ba\u015fkan se\u00e7ilmesi halinde tak\u0131m\u0131n ba\u015f\u0131na Aykut Kocaman\u2019\u0131 getirece\u011fi \u00f6ne s\u00fcr\u00fclm\u00fc\u015f, bu iddia sosyal medyada geni\u015f yank\u0131 uyand\u0131rm\u0131\u015ft\u0131.<\/p>\n\n\n\n<h3 class=\"wp-block-heading\">CAM\u0130ADA TARTI\u015eMA BA\u015eLADI<\/h3>\n\n\n\n<p class=\"wp-block-paragraph\">Son ortaya at\u0131lan y\u00f6netim form\u00fcl\u00fc de Fenerbah\u00e7e taraftarlar\u0131 aras\u0131nda yeni bir tart\u0131\u015fman\u0131n fitilini ate\u015fledi.&nbsp;Aziz Y\u0131ld\u0131r\u0131m ile Hakan Safi\u2019nin yar\u0131\u015faca\u011f\u0131 se\u00e7im \u00f6ncesinde kulislerde teknik direkt\u00f6r ve y\u00f6netim planlar\u0131 konu\u015fulmaya devam ediyor.<\/p>\n","protected":false},"excerpt":{"rendered":"<p>Fenerbah\u00e7e\u2019de Aykut Kocaman\u2019\u0131n teknik direkt\u00f6rl\u00fck ihtimali sonras\u0131 taraftardan gelen yo\u011fun tepkilerin ard\u0131ndan kulislerde yeni bir<\/p>\n","protected":false},"author":1,"featured_media":928,"comment_status":"open","ping_status":"open","sticky":false,"template":"","format":"standard","meta":{"_rtcl_gb_attr":"","footnotes":""},"categories":[3],"tags":[],"class_list":["post-927","post","type-post","status-publish","format-standard","has-post-thumbnail","hentry","category-spor"],"_links":{"self":[{"href":"https:\/\/turkiyemhaber.com\/index.php?rest_route=\/wp\/v2\/posts\/927","targetHints":{"allow":["GET"]}}],"collection":[{"href":"https:\/\/turkiyemhaber.com\/index.php?rest_route=\/wp\/v2\/posts"}],"about":[{"href":"https:\/\/turkiyemhaber.com\/index.php?rest_route=\/wp\/v2\/types\/post"}],"author":[{"embeddable":true,"href":"https:\/\/turkiyemhaber.com\/index.php?rest_route=\/wp\/v2\/users\/1"}],"replies":[{"embeddable":true,"href":"https:\/\/turkiyemhaber.com\/index.php?rest_route=%2Fwp%2Fv2%2Fcomments&post=927"}],"version-history":[{"count":1,"href":"https:\/\/turkiyemhaber.com\/index.php?rest_route=\/wp\/v2\/posts\/927\/revisions"}],"predecessor-version":[{"id":929,"href":"https:\/\/turkiyemhaber.com\/index.php?rest_route=\/wp\/v2\/posts\/927\/revisions\/929"}],"wp:featuredmedia":[{"embeddable":true,"href":"https:\/\/turkiyemhaber.com\/index.php?rest_route=\/wp\/v2\/media\/928"}],"wp:attachment":[{"href":"https:\/\/turkiyemhaber.com\/index.php?rest_route=%2Fwp%2Fv2%2Fmedia&parent=927"}],"wp:term":[{"taxonomy":"category","embeddable":true,"href":"https:\/\/turkiyemhaber.com\/index.php?rest_route=%2Fwp%2Fv2%2Fcategories&post=927"},{"taxonomy":"post_tag","embeddable":true,"href":"https:\/\/turkiyemhaber.com\/index.php?rest_route=%2Fwp%2Fv2%2Ftags&post=927"}],"curies":[{"name":"wp","href":"https:\/\/api.w.org\/{rel}","templated":true}]}}