{"id":827,"date":"2026-05-07T16:11:25","date_gmt":"2026-05-07T16:11:25","guid":{"rendered":"https:\/\/turkiyemhaber.com\/?p=827"},"modified":"2026-05-07T16:11:30","modified_gmt":"2026-05-07T16:11:30","slug":"butun-dunya-konusacak-galatasaraydan-yeni-sezonun-ilk-bombasi","status":"publish","type":"post","link":"https:\/\/turkiyemhaber.com\/?p=827","title":{"rendered":"B\u00fct\u00fcn d\u00fcnya konu\u015facak! Galatasaray&#8217;dan yeni sezonun ilk bombas\u0131"},"content":{"rendered":"\n<p class=\"wp-block-paragraph\">Galatasaray\u2019\u0131n, savunma hatt\u0131n\u0131 g\u00fc\u00e7lendirmek i\u00e7in Liverpool\u2019un y\u0131ld\u0131z stoperi Virgil Van Dijk\u2019\u0131n durumunu yak\u0131ndan takip etti\u011fi iddia edildi.<\/p>\n\n\n\n<p class=\"wp-block-paragraph\">Galatasaray\u2019\u0131n yeni sezon transfer planlamas\u0131nda d\u00fcnya futbolunun y\u0131ld\u0131z savunmac\u0131lar\u0131ndan Virgil Van Dijk\u2019\u0131n g\u00fcndeme geldi\u011fi \u00f6ne s\u00fcr\u00fcld\u00fc.<\/p>\n\n\n\n<h3 class=\"wp-block-heading\">OKAN BURUK SAVUNMAYA L\u0130DER \u0130STED\u0130<\/h3>\n\n\n\n<p class=\"wp-block-paragraph\">Samsunspor deplasman\u0131nda al\u0131nan 4-1\u2019lik ma\u011flubiyetin ard\u0131ndan teknik direkt\u00f6r Okan Buruk\u2019un savunma hatt\u0131ndaki eksiklere dikkat \u00e7ekti\u011fi belirtildi. Deneyimli teknik adam\u0131n, oyun i\u00e7inde tak\u0131m\u0131 y\u00f6nlendirebilecek lider \u00f6zellikli bir stoper talep etti\u011fi ifade edildi.<\/p>\n\n\n\n<h3 class=\"wp-block-heading\">Y\u00d6NET\u0130M HAREKETE GE\u00c7T\u0130<\/h3>\n\n\n\n<p class=\"wp-block-paragraph\">Buruk\u2019un raporunun ard\u0131ndan sar\u0131-k\u0131rm\u0131z\u0131l\u0131 y\u00f6netimin \u00fcst d\u00fczey bir savunmac\u0131 transferi i\u00e7in \u00e7al\u0131\u015fmalara ba\u015flad\u0131\u011f\u0131 \u00f6\u011frenildi. G\u00fcndeme gelen isimlerden en dikkat \u00e7ekeni ise Liverpool\u2019un y\u0131ld\u0131z kaptan\u0131 Virgil Van Dijk oldu.<\/p>\n\n\n\n<figure class=\"wp-block-image\"><img decoding=\"async\" src=\"https:\/\/foto.sondakika.com\/haber\/2026\/05\/07\/butun-dunya-konusacak-galatasa-19824683-9422_1_m.jpg\" alt=\"B\u00fct\u00fcn d\u00fcnya konu\u015facak! Galatasaray'dan yeni sezonun ilk bombas\u0131\"\/><\/figure>\n\n\n\n<h3 class=\"wp-block-heading\">VAN DIJK \u0130\u00c7\u0130N TAK\u0130P BA\u015eLADI<\/h3>\n\n\n\n<p class=\"wp-block-paragraph\">\u0130ddialara g\u00f6re Galatasaray y\u00f6netimi, Hollandal\u0131 y\u0131ld\u0131z\u0131n gelece\u011fiyle ilgili geli\u015fmeleri yak\u0131ndan takip ediyor. \u0130ngiliz bas\u0131n\u0131nda yer alan haberlerde, Van Dijk\u2019\u0131n kariyerinde yeni bir maceraya s\u0131cak bakt\u0131\u011f\u0131 \u00f6ne s\u00fcr\u00fcld\u00fc.<\/p>\n\n\n\n<h3 class=\"wp-block-heading\">\u201cBEDAVA TRANSFER\u201d \u0130DD\u0130ASI<\/h3>\n\n\n\n<p class=\"wp-block-paragraph\">34 ya\u015f\u0131ndaki savunmac\u0131n\u0131n s\u00f6zle\u015fme durumunun Galatasaray cephesinde dikkatle izlendi\u011fi aktar\u0131l\u0131rken, transfer \u015fartlar\u0131n\u0131n olu\u015fmas\u0131 halinde sar\u0131-k\u0131rm\u0131z\u0131l\u0131lar\u0131n giri\u015fimde bulunabilece\u011fi ifade edildi.<\/p>\n\n\n\n<h3 class=\"wp-block-heading\">D\u00dcNYA FUTBOLUNUN EN \u00d6NEML\u0130 STOPERLER\u0130NDEN<\/h3>\n\n\n\n<p class=\"wp-block-paragraph\">Liverpool formas\u0131yla \u015eampiyonlar Ligi ve Premier Lig dahil bir\u00e7ok ba\u015far\u0131 ya\u015fayan Virgil Van Dijk, son y\u0131llar\u0131n en ba\u015far\u0131l\u0131 savunmac\u0131lar\u0131 aras\u0131nda g\u00f6steriliyor.<\/p>\n","protected":false},"excerpt":{"rendered":"<p>Galatasaray\u2019\u0131n, savunma hatt\u0131n\u0131 g\u00fc\u00e7lendirmek i\u00e7in Liverpool\u2019un y\u0131ld\u0131z stoperi Virgil Van Dijk\u2019\u0131n durumunu yak\u0131ndan takip etti\u011fi<\/p>\n","protected":false},"author":1,"featured_media":828,"comment_status":"open","ping_status":"open","sticky":false,"template":"","format":"standard","meta":{"_rtcl_gb_attr":"","footnotes":""},"categories":[3],"tags":[],"class_list":["post-827","post","type-post","status-publish","format-standard","has-post-thumbnail","hentry","category-spor"],"_links":{"self":[{"href":"https:\/\/turkiyemhaber.com\/index.php?rest_route=\/wp\/v2\/posts\/827","targetHints":{"allow":["GET"]}}],"collection":[{"href":"https:\/\/turkiyemhaber.com\/index.php?rest_route=\/wp\/v2\/posts"}],"about":[{"href":"https:\/\/turkiyemhaber.com\/index.php?rest_route=\/wp\/v2\/types\/post"}],"author":[{"embeddable":true,"href":"https:\/\/turkiyemhaber.com\/index.php?rest_route=\/wp\/v2\/users\/1"}],"replies":[{"embeddable":true,"href":"https:\/\/turkiyemhaber.com\/index.php?rest_route=%2Fwp%2Fv2%2Fcomments&post=827"}],"version-history":[{"count":1,"href":"https:\/\/turkiyemhaber.com\/index.php?rest_route=\/wp\/v2\/posts\/827\/revisions"}],"predecessor-version":[{"id":829,"href":"https:\/\/turkiyemhaber.com\/index.php?rest_route=\/wp\/v2\/posts\/827\/revisions\/829"}],"wp:featuredmedia":[{"embeddable":true,"href":"https:\/\/turkiyemhaber.com\/index.php?rest_route=\/wp\/v2\/media\/828"}],"wp:attachment":[{"href":"https:\/\/turkiyemhaber.com\/index.php?rest_route=%2Fwp%2Fv2%2Fmedia&parent=827"}],"wp:term":[{"taxonomy":"category","embeddable":true,"href":"https:\/\/turkiyemhaber.com\/index.php?rest_route=%2Fwp%2Fv2%2Fcategories&post=827"},{"taxonomy":"post_tag","embeddable":true,"href":"https:\/\/turkiyemhaber.com\/index.php?rest_route=%2Fwp%2Fv2%2Ftags&post=827"}],"curies":[{"name":"wp","href":"https:\/\/api.w.org\/{rel}","templated":true}]}}