{"id":818,"date":"2026-05-07T16:01:20","date_gmt":"2026-05-07T16:01:20","guid":{"rendered":"https:\/\/turkiyemhaber.com\/?p=818"},"modified":"2026-05-07T16:01:24","modified_gmt":"2026-05-07T16:01:24","slug":"interpolun-aradigi-kacakci-mersinde-yakalandi","status":"publish","type":"post","link":"https:\/\/turkiyemhaber.com\/?p=818","title":{"rendered":"Interpol&#8217;\u00fcn Arad\u0131\u011f\u0131 Ka\u00e7ak\u00e7\u0131 Mersin&#8217;de Yakaland\u0131"},"content":{"rendered":"\n<p class=\"wp-block-paragraph\">Mersin&#8217;de d\u00fczenlenen operasyonda, Interpol taraf\u0131ndan aranan uyu\u015fturucu ka\u00e7ak\u00e7\u0131s\u0131 E.B. yakaland\u0131.<\/p>\n\n\n\n<p class=\"wp-block-paragraph\">Interpol taraf\u0131ndan k\u0131rm\u0131z\u0131 b\u00fcltenle aranan yabanc\u0131 uyruklu uyu\u015fturucu ka\u00e7ak\u00e7\u0131s\u0131, Mersin&#8217;de d\u00fczenlenen operasyonda yakaland\u0131.<\/p>\n\n\n\n<p class=\"wp-block-paragraph\">\u0130l Emniyet M\u00fcd\u00fcrl\u00fc\u011f\u00fcn\u00fcn a\u00e7\u0131klamas\u0131na g\u00f6re, Narkotik Su\u00e7larla M\u00fccadele ve \u0130stihbarat \u015fubeleri ile Milli \u0130stihbarat Te\u015fkilat\u0131 ekipleri, uyu\u015fturucu ka\u00e7ak\u00e7\u0131l\u0131\u011f\u0131 yapt\u0131\u011f\u0131 gerek\u00e7esiyle Interpol taraf\u0131ndan k\u0131rm\u0131z\u0131 b\u00fcltenle aranan yabanc\u0131 uyruklu E.B&#8217;nin kentte oldu\u011funu tespit etti.<\/p>\n\n\n\n<p class=\"wp-block-paragraph\">Ekipler, Yeni\u015fehir il\u00e7esindeki bir adrese d\u00fczenledikleri operasyonda zanl\u0131y\u0131 yakalad\u0131.<\/p>\n","protected":false},"excerpt":{"rendered":"<p>Mersin&#8217;de d\u00fczenlenen operasyonda, Interpol taraf\u0131ndan aranan uyu\u015fturucu ka\u00e7ak\u00e7\u0131s\u0131 E.B. yakaland\u0131. Interpol taraf\u0131ndan k\u0131rm\u0131z\u0131 b\u00fcltenle aranan<\/p>\n","protected":false},"author":1,"featured_media":819,"comment_status":"open","ping_status":"open","sticky":false,"template":"","format":"standard","meta":{"_rtcl_gb_attr":"","footnotes":""},"categories":[7],"tags":[],"class_list":["post-818","post","type-post","status-publish","format-standard","has-post-thumbnail","hentry","category-gundem"],"_links":{"self":[{"href":"https:\/\/turkiyemhaber.com\/index.php?rest_route=\/wp\/v2\/posts\/818","targetHints":{"allow":["GET"]}}],"collection":[{"href":"https:\/\/turkiyemhaber.com\/index.php?rest_route=\/wp\/v2\/posts"}],"about":[{"href":"https:\/\/turkiyemhaber.com\/index.php?rest_route=\/wp\/v2\/types\/post"}],"author":[{"embeddable":true,"href":"https:\/\/turkiyemhaber.com\/index.php?rest_route=\/wp\/v2\/users\/1"}],"replies":[{"embeddable":true,"href":"https:\/\/turkiyemhaber.com\/index.php?rest_route=%2Fwp%2Fv2%2Fcomments&post=818"}],"version-history":[{"count":1,"href":"https:\/\/turkiyemhaber.com\/index.php?rest_route=\/wp\/v2\/posts\/818\/revisions"}],"predecessor-version":[{"id":820,"href":"https:\/\/turkiyemhaber.com\/index.php?rest_route=\/wp\/v2\/posts\/818\/revisions\/820"}],"wp:featuredmedia":[{"embeddable":true,"href":"https:\/\/turkiyemhaber.com\/index.php?rest_route=\/wp\/v2\/media\/819"}],"wp:attachment":[{"href":"https:\/\/turkiyemhaber.com\/index.php?rest_route=%2Fwp%2Fv2%2Fmedia&parent=818"}],"wp:term":[{"taxonomy":"category","embeddable":true,"href":"https:\/\/turkiyemhaber.com\/index.php?rest_route=%2Fwp%2Fv2%2Fcategories&post=818"},{"taxonomy":"post_tag","embeddable":true,"href":"https:\/\/turkiyemhaber.com\/index.php?rest_route=%2Fwp%2Fv2%2Ftags&post=818"}],"curies":[{"name":"wp","href":"https:\/\/api.w.org\/{rel}","templated":true}]}}