{"id":773,"date":"2026-05-07T03:01:24","date_gmt":"2026-05-07T03:01:24","guid":{"rendered":"https:\/\/turkiyemhaber.com\/?p=773"},"modified":"2026-05-07T03:01:29","modified_gmt":"2026-05-07T03:01:29","slug":"abonelik-sistemine-gecen-karolin-fisekciden-skandal-sozler","status":"publish","type":"post","link":"https:\/\/turkiyemhaber.com\/?p=773","title":{"rendered":"Abonelik sistemine ge\u00e7en Karolin Fi\u015fek\u00e7i&#8217;den skandal s\u00f6zler"},"content":{"rendered":"\n<p class=\"wp-block-paragraph\">Sosyal medyada abonelik sistemine ge\u00e7en Karolin Fi\u015fek\u00e7i, kendisine y\u00f6neltilen ele\u015ftirilere de &#8220;Namus elden gitti diyorlar. \u2018Eskortluk\u2019 diyorlar\u2026 Ben gayet e\u011fleniyorum, art\u0131k her \u015feyi normalle\u015ftirin&#8221; s\u00f6zleriyle kar\u015f\u0131l\u0131k verdi.<\/p>\n\n\n\n<p class=\"wp-block-paragraph\">Orhan Pamuk\u2019un eski sevgilisi Karolin Fi\u015fek\u00e7i, sosyal medyadaki i\u00e7erikleriyle yeniden g\u00fcndeme geldi. Canl\u0131 yay\u0131nlarda anlatt\u0131\u011f\u0131 masallar ve farkl\u0131 konseptlerde haz\u0131rlad\u0131\u011f\u0131 i\u00e7eriklerin ard\u0131ndan Instagram\u2019da abonelik sistemini devreye ald\u0131.<\/p>\n\n\n\n<h3 class=\"wp-block-heading\">KISA S\u00dcREDE D\u0130KKAT \u00c7EKEN GEL\u0130R<\/h3>\n\n\n\n<p class=\"wp-block-paragraph\">Fi\u015fek\u00e7i\u2019nin abonelik sisteminden k\u0131sa s\u00fcrede yakla\u015f\u0131k 100 bin TL gelir elde etti\u011fi \u00f6ne s\u00fcr\u00fcld\u00fc. Payla\u015f\u0131mlar\u0131yla ad\u0131ndan s\u00f6z ettiren Fi\u015fek\u00e7i, konuyla ilgili kendisine y\u00f6neltilen ele\u015ftirilere de &#8220;Namus elden gitti diyorlar. \u2018Eskortluk\u2019 diyorlar\u2026 Ben gayet e\u011fleniyorum, art\u0131k her \u015feyi normalle\u015ftirin&#8221; yan\u0131t\u0131n\u0131 verdi.&nbsp;<\/p>\n","protected":false},"excerpt":{"rendered":"<p>Sosyal medyada abonelik sistemine ge\u00e7en Karolin Fi\u015fek\u00e7i, kendisine y\u00f6neltilen ele\u015ftirilere de &#8220;Namus elden gitti diyorlar.<\/p>\n","protected":false},"author":1,"featured_media":774,"comment_status":"open","ping_status":"open","sticky":false,"template":"","format":"standard","meta":{"_rtcl_gb_attr":"","footnotes":""},"categories":[41],"tags":[],"class_list":["post-773","post","type-post","status-publish","format-standard","has-post-thumbnail","hentry","category-magazin"],"_links":{"self":[{"href":"https:\/\/turkiyemhaber.com\/index.php?rest_route=\/wp\/v2\/posts\/773","targetHints":{"allow":["GET"]}}],"collection":[{"href":"https:\/\/turkiyemhaber.com\/index.php?rest_route=\/wp\/v2\/posts"}],"about":[{"href":"https:\/\/turkiyemhaber.com\/index.php?rest_route=\/wp\/v2\/types\/post"}],"author":[{"embeddable":true,"href":"https:\/\/turkiyemhaber.com\/index.php?rest_route=\/wp\/v2\/users\/1"}],"replies":[{"embeddable":true,"href":"https:\/\/turkiyemhaber.com\/index.php?rest_route=%2Fwp%2Fv2%2Fcomments&post=773"}],"version-history":[{"count":1,"href":"https:\/\/turkiyemhaber.com\/index.php?rest_route=\/wp\/v2\/posts\/773\/revisions"}],"predecessor-version":[{"id":775,"href":"https:\/\/turkiyemhaber.com\/index.php?rest_route=\/wp\/v2\/posts\/773\/revisions\/775"}],"wp:featuredmedia":[{"embeddable":true,"href":"https:\/\/turkiyemhaber.com\/index.php?rest_route=\/wp\/v2\/media\/774"}],"wp:attachment":[{"href":"https:\/\/turkiyemhaber.com\/index.php?rest_route=%2Fwp%2Fv2%2Fmedia&parent=773"}],"wp:term":[{"taxonomy":"category","embeddable":true,"href":"https:\/\/turkiyemhaber.com\/index.php?rest_route=%2Fwp%2Fv2%2Fcategories&post=773"},{"taxonomy":"post_tag","embeddable":true,"href":"https:\/\/turkiyemhaber.com\/index.php?rest_route=%2Fwp%2Fv2%2Ftags&post=773"}],"curies":[{"name":"wp","href":"https:\/\/api.w.org\/{rel}","templated":true}]}}