{"id":770,"date":"2026-05-07T02:59:53","date_gmt":"2026-05-07T02:59:53","guid":{"rendered":"https:\/\/turkiyemhaber.com\/?p=770"},"modified":"2026-05-07T03:00:02","modified_gmt":"2026-05-07T03:00:02","slug":"mahmut-tuncerin-gozlerden-uzak-buyuttugu-oglunun-siyasetci-oldugu-ortaya-cikti","status":"publish","type":"post","link":"https:\/\/turkiyemhaber.com\/?p=770","title":{"rendered":"Mahmut Tuncer&#8217;in g\u00f6zlerden uzak b\u00fcy\u00fctt\u00fc\u011f\u00fc o\u011flunun siyaset\u00e7i oldu\u011fu ortaya \u00e7\u0131kt\u0131"},"content":{"rendered":"\n<p class=\"wp-block-paragraph\">Mahmut Tuncer\u2019in o\u011flu Prof. Dr. Mehmet Umut Tuncer\u2019in AK Parti MKYK \u00fcyesi oldu\u011fu ortaya \u00e7\u0131karken, Cumhurba\u015fkan\u0131 Erdo\u011fan\u2019a destek veren payla\u015f\u0131m\u0131 ve babas\u0131yla payla\u015ft\u0131\u011f\u0131 nostaljik foto\u011fraf sosyal medyada dikkat \u00e7ekti.<\/p>\n\n\n\n<p class=\"wp-block-paragraph\">\u00dcnl\u00fc t\u00fcrk\u00fcc\u00fc Mahmut Tuncer\u2019in o\u011flu Prof. Dr. Mehmet Umut Tuncer\u2019in, AK Parti Merkez Karar ve Y\u00f6netim Kurulu (MKYK) \u00fcyesi oldu\u011fu ortaya \u00e7\u0131kt\u0131.<\/p>\n\n\n\n<h3 class=\"wp-block-heading\">SOSYAL MEDYA PAYLA\u015eIMI D\u0130KKAT \u00c7EKT\u0130<\/h3>\n\n\n\n<p class=\"wp-block-paragraph\">Sosyal medyay\u0131 aktif kullanan Mehmet Umut Tuncer\u2019in, Cumhurba\u015fkan\u0131 Recep Tayyip Erdo\u011fan\u2019a y\u00f6nelik yapt\u0131\u011f\u0131 payla\u015f\u0131m g\u00fcndem oldu. Tuncer, bir g\u00f6nderiyi al\u0131nt\u0131layarak \u201cMilletin adam\u0131; milletle y\u00fcr\u00fcyen, millete hizmeti \u015fiar edinen demektir. B\u00f6yle bir liderin izinde, AK davan\u0131n neferiyiz\u201d ifadelerini kulland\u0131.<\/p>\n\n\n\n<figure class=\"wp-block-image\"><img decoding=\"async\" src=\"https:\/\/foto.sondakika.com\/haber\/2026\/05\/06\/mahmut-tuncerin-gozlerden-uzak-6763edfa5f-7119_1_m.jpg\" alt=\"Mahmut Tuncer'in g\u00f6zlerden uzak b\u00fcy\u00fctt\u00fc\u011f\u00fc o\u011flunun siyaset\u00e7i oldu\u011fu ortaya \u00e7\u0131kt\u0131\"\/><\/figure>\n\n\n\n<h3 class=\"wp-block-heading\">BABASIYLA FOTO\u011eRAFINI DA PAYLA\u015eTI<\/h3>\n\n\n\n<p class=\"wp-block-paragraph\">Mehmet Umut Tuncer\u2019in, babas\u0131 Mahmut Tuncer ile 1980\u2019li y\u0131llarda \u00e7ekilen bir foto\u011fraf\u0131 da sosyal medya hesab\u0131ndan payla\u015ft\u0131\u011f\u0131 g\u00f6r\u00fcld\u00fc. O\u011ful Tuncer, babas\u0131yla birlikte oldu\u011fu foto\u011frafa &#8220;Baba, k\u00f6kleriyle g\u00fc\u00e7 veren, g\u00f6lgesiyle huzur veren bir \u00e7\u0131nard\u0131r. \u0130yi ki do\u011fdun, yeni ya\u015f\u0131n kutlu olsun Babam\u201d notunu d\u00fc\u015ft\u00fc.&nbsp;<\/p>\n\n\n\n<figure class=\"wp-block-image\"><img decoding=\"async\" src=\"https:\/\/foto.sondakika.com\/haber\/2026\/05\/06\/mahmut-tuncerin-gozlerden-uzak-6763edfa5f-9635_2_m.jpg\" alt=\"Mahmut Tuncer'in g\u00f6zlerden uzak b\u00fcy\u00fctt\u00fc\u011f\u00fc o\u011flunun siyaset\u00e7i oldu\u011fu ortaya \u00e7\u0131kt\u0131\"\/><\/figure>\n","protected":false},"excerpt":{"rendered":"<p>Mahmut Tuncer\u2019in o\u011flu Prof. Dr. Mehmet Umut Tuncer\u2019in AK Parti MKYK \u00fcyesi oldu\u011fu ortaya \u00e7\u0131karken,<\/p>\n","protected":false},"author":1,"featured_media":771,"comment_status":"open","ping_status":"open","sticky":false,"template":"","format":"standard","meta":{"_rtcl_gb_attr":"","footnotes":""},"categories":[41],"tags":[],"class_list":["post-770","post","type-post","status-publish","format-standard","has-post-thumbnail","hentry","category-magazin"],"_links":{"self":[{"href":"https:\/\/turkiyemhaber.com\/index.php?rest_route=\/wp\/v2\/posts\/770","targetHints":{"allow":["GET"]}}],"collection":[{"href":"https:\/\/turkiyemhaber.com\/index.php?rest_route=\/wp\/v2\/posts"}],"about":[{"href":"https:\/\/turkiyemhaber.com\/index.php?rest_route=\/wp\/v2\/types\/post"}],"author":[{"embeddable":true,"href":"https:\/\/turkiyemhaber.com\/index.php?rest_route=\/wp\/v2\/users\/1"}],"replies":[{"embeddable":true,"href":"https:\/\/turkiyemhaber.com\/index.php?rest_route=%2Fwp%2Fv2%2Fcomments&post=770"}],"version-history":[{"count":1,"href":"https:\/\/turkiyemhaber.com\/index.php?rest_route=\/wp\/v2\/posts\/770\/revisions"}],"predecessor-version":[{"id":772,"href":"https:\/\/turkiyemhaber.com\/index.php?rest_route=\/wp\/v2\/posts\/770\/revisions\/772"}],"wp:featuredmedia":[{"embeddable":true,"href":"https:\/\/turkiyemhaber.com\/index.php?rest_route=\/wp\/v2\/media\/771"}],"wp:attachment":[{"href":"https:\/\/turkiyemhaber.com\/index.php?rest_route=%2Fwp%2Fv2%2Fmedia&parent=770"}],"wp:term":[{"taxonomy":"category","embeddable":true,"href":"https:\/\/turkiyemhaber.com\/index.php?rest_route=%2Fwp%2Fv2%2Fcategories&post=770"},{"taxonomy":"post_tag","embeddable":true,"href":"https:\/\/turkiyemhaber.com\/index.php?rest_route=%2Fwp%2Fv2%2Ftags&post=770"}],"curies":[{"name":"wp","href":"https:\/\/api.w.org\/{rel}","templated":true}]}}