{"id":746,"date":"2026-05-07T02:43:03","date_gmt":"2026-05-07T02:43:03","guid":{"rendered":"https:\/\/turkiyemhaber.com\/?p=746"},"modified":"2026-05-07T02:43:08","modified_gmt":"2026-05-07T02:43:08","slug":"bitliste-trafik-guvenligi-haftasi-etkinligi","status":"publish","type":"post","link":"https:\/\/turkiyemhaber.com\/?p=746","title":{"rendered":"Bitlis&#8217;te Trafik G\u00fcvenli\u011fi Haftas\u0131 Etkinli\u011fi"},"content":{"rendered":"\n<p class=\"wp-block-paragraph\">Bitlis&#8217;te trafik g\u00fcvenli\u011fi haftas\u0131 kapsam\u0131nda etkinlik d\u00fczenlendi, trafik kurallar\u0131na dikkat vurguland\u0131.<\/p>\n\n\n\n<p class=\"wp-block-paragraph\">Bitlis&#8217;te &#8220;Trafik G\u00fcvenli\u011fi Haftas\u0131&#8221; kapsam\u0131nda etkinlik d\u00fczenlendi.<\/p>\n\n\n\n<p class=\"wp-block-paragraph\">Belediye \u00f6n\u00fcnde ger\u00e7ekle\u015fen etkinlikte protokol \u00fcyeleri ve \u00f6\u011frenciler ellerindeki d\u00f6vizlerle yaya ge\u00e7idini kullanarak kar\u015f\u0131dan kar\u015f\u0131ya ge\u00e7ti.<\/p>\n\n\n\n<p class=\"wp-block-paragraph\">Vali Ahmet Karakaya, durdurulan ara\u00e7 s\u00fcr\u00fcc\u00fclerine bro\u015f\u00fcr da\u011f\u0131tarak trafik kurallar\u0131na ili\u015fkin bilgilendirmede bulundu.<\/p>\n\n\n\n<p class=\"wp-block-paragraph\">Karakaya, bas\u0131n mensuplar\u0131na, trafik g\u00fcvenli\u011fi konusunda herkese b\u00fcy\u00fck g\u00f6rev d\u00fc\u015ft\u00fc\u011f\u00fcn\u00fc s\u00f6yledi.<\/p>\n\n\n\n<p class=\"wp-block-paragraph\">Trafikte bir anl\u0131k hatan\u0131n bir\u00e7ok insan\u0131n hayat\u0131n\u0131 olumsuz etkileyebildi\u011fini belirten Karakaya, \u015funlar\u0131 kaydetti:<\/p>\n\n\n\n<p class=\"wp-block-paragraph\">&#8220;Bana bir \u015fey olmaz&#8217; diye d\u00fc\u015f\u00fcnmemek gerekiyor. Maalesef trafikte \u00e7ok say\u0131da can kayb\u0131 ya\u015fan\u0131yor, bir\u00e7ok ki\u015fi engelli kalabiliyor. T\u00fcm Bitlisli hem\u015ferilerimizden trafik kurallar\u0131na uymalar\u0131n\u0131 rica ediyorum. Bu bizim olmazsa olmaz\u0131m\u0131zd\u0131r. &#8216;Bir kural, bir \u00f6m\u00fcr&#8217; diyoruz. Trafik Haftas\u0131&#8217;n\u0131 kutluyoruz. Emniyet, jandarma, karayollar\u0131 ve belediye ekiplerimize verdikleri hizmetlerden dolay\u0131 te\u015fekk\u00fcr ediyorum.&#8221;<\/p>\n\n\n\n<p class=\"wp-block-paragraph\">Daha sonra Mevlana Park\u0131&#8217;na ge\u00e7en kortej, jandarma ve emniyet trafik ekiplerince kurulan stantlar\u0131 gezdi.<\/p>\n\n\n\n<p class=\"wp-block-paragraph\">Programa, Belediye Ba\u015fkan\u0131 Nesrullah Tan\u011flay, vali yard\u0131mc\u0131lar\u0131, \u0130l Jandarma Komutan\u0131 Tu\u011fgeneral Bar\u0131\u015f Soyal, \u0130l Emniyet M\u00fcd\u00fcr\u00fc Koray \u015eensoy, \u00f6\u011frenciler ve vatanda\u015flar kat\u0131ld\u0131.<\/p>\n","protected":false},"excerpt":{"rendered":"<p>Bitlis&#8217;te trafik g\u00fcvenli\u011fi haftas\u0131 kapsam\u0131nda etkinlik d\u00fczenlendi, trafik kurallar\u0131na dikkat vurguland\u0131. Bitlis&#8217;te &#8220;Trafik G\u00fcvenli\u011fi Haftas\u0131&#8221;<\/p>\n","protected":false},"author":1,"featured_media":747,"comment_status":"open","ping_status":"open","sticky":false,"template":"","format":"standard","meta":{"_rtcl_gb_attr":"","footnotes":""},"categories":[7],"tags":[],"class_list":["post-746","post","type-post","status-publish","format-standard","has-post-thumbnail","hentry","category-gundem"],"_links":{"self":[{"href":"https:\/\/turkiyemhaber.com\/index.php?rest_route=\/wp\/v2\/posts\/746","targetHints":{"allow":["GET"]}}],"collection":[{"href":"https:\/\/turkiyemhaber.com\/index.php?rest_route=\/wp\/v2\/posts"}],"about":[{"href":"https:\/\/turkiyemhaber.com\/index.php?rest_route=\/wp\/v2\/types\/post"}],"author":[{"embeddable":true,"href":"https:\/\/turkiyemhaber.com\/index.php?rest_route=\/wp\/v2\/users\/1"}],"replies":[{"embeddable":true,"href":"https:\/\/turkiyemhaber.com\/index.php?rest_route=%2Fwp%2Fv2%2Fcomments&post=746"}],"version-history":[{"count":1,"href":"https:\/\/turkiyemhaber.com\/index.php?rest_route=\/wp\/v2\/posts\/746\/revisions"}],"predecessor-version":[{"id":748,"href":"https:\/\/turkiyemhaber.com\/index.php?rest_route=\/wp\/v2\/posts\/746\/revisions\/748"}],"wp:featuredmedia":[{"embeddable":true,"href":"https:\/\/turkiyemhaber.com\/index.php?rest_route=\/wp\/v2\/media\/747"}],"wp:attachment":[{"href":"https:\/\/turkiyemhaber.com\/index.php?rest_route=%2Fwp%2Fv2%2Fmedia&parent=746"}],"wp:term":[{"taxonomy":"category","embeddable":true,"href":"https:\/\/turkiyemhaber.com\/index.php?rest_route=%2Fwp%2Fv2%2Fcategories&post=746"},{"taxonomy":"post_tag","embeddable":true,"href":"https:\/\/turkiyemhaber.com\/index.php?rest_route=%2Fwp%2Fv2%2Ftags&post=746"}],"curies":[{"name":"wp","href":"https:\/\/api.w.org\/{rel}","templated":true}]}}