{"id":707,"date":"2026-05-07T02:18:46","date_gmt":"2026-05-07T02:18:46","guid":{"rendered":"https:\/\/turkiyemhaber.com\/?p=707"},"modified":"2026-05-07T02:18:50","modified_gmt":"2026-05-07T02:18:50","slug":"odtudeki-bahar-senliginde-ogrenciler-tekme-tokat-kavga-etti","status":"publish","type":"post","link":"https:\/\/turkiyemhaber.com\/?p=707","title":{"rendered":"ODT\u00dc&#8217;deki bahar \u015fenli\u011finde \u00f6\u011frenciler tekme tokat kavga etti"},"content":{"rendered":"\n<p class=\"wp-block-paragraph\">ODT\u00dc&#8217;deki bahar \u015fenli\u011finde ortal\u0131k kar\u0131\u015ft\u0131. Kar\u015f\u0131t g\u00f6r\u00fc\u015fl\u00fc \u00f6\u011frenciler birbirlerine tekme tokat sald\u0131r\u0131rken, olaylar g\u00fc\u00e7l\u00fckle yat\u0131\u015ft\u0131r\u0131ld\u0131. Kavga anlar\u0131 cep telefonu kameralar\u0131na yans\u0131d\u0131.<\/p>\n\n\n\n<p class=\"wp-block-paragraph\">ODT\u00dc&#8217;de d\u00fczenlenen geleneksel bahar \u015fenliklerinde, kar\u015f\u0131t g\u00f6r\u00fc\u015fl\u00fc \u00f6\u011frenci gruplar\u0131 aras\u0131nda tart\u0131\u015fma \u00e7\u0131kt\u0131. S\u00f6zl\u00fc sata\u015fmalar\u0131n k\u0131sa s\u00fcrede b\u00fcy\u00fcmesiyle \u00e7\u0131kan kavgada \u00f6\u011frenciler birbirlerine tekme ve tokatlarla sald\u0131rd\u0131.<\/p>\n\n\n\n<h3 class=\"wp-block-heading\">KAVGA G\u00dc\u00c7L\u00dcKLE SON BULDU<\/h3>\n\n\n\n<p class=\"wp-block-paragraph\">\u00c7evredeki di\u011fer \u00f6\u011frencilerin panik ya\u015fad\u0131\u011f\u0131 o anlar, cep telefonu kameralar\u0131yla saniye saniye kaydedildi.&nbsp;Olaylar\u0131n b\u00fcy\u00fcmesi \u00fczerine g\u00fcvenlik g\u00fc\u00e7leri arbedeye m\u00fcdahale ederek taraflar\u0131 ay\u0131rd\u0131.<\/p>\n\n\n\n<p class=\"wp-block-paragraph\">Kavga g\u00fc\u00e7l\u00fckle yat\u0131\u015ft\u0131r\u0131ld\u0131. Ya\u015fanan gerginlik nedeniyle \u015fenlik program\u0131nda k\u0131sa s\u00fcreli aksamalar ya\u015fan\u0131rken, olayla ilgili inceleme ba\u015flat\u0131ld\u0131.<\/p>\n","protected":false},"excerpt":{"rendered":"<p>ODT\u00dc&#8217;deki bahar \u015fenli\u011finde ortal\u0131k kar\u0131\u015ft\u0131. Kar\u015f\u0131t g\u00f6r\u00fc\u015fl\u00fc \u00f6\u011frenciler birbirlerine tekme tokat sald\u0131r\u0131rken, olaylar g\u00fc\u00e7l\u00fckle yat\u0131\u015ft\u0131r\u0131ld\u0131.<\/p>\n","protected":false},"author":1,"featured_media":708,"comment_status":"open","ping_status":"open","sticky":false,"template":"","format":"standard","meta":{"_rtcl_gb_attr":"","footnotes":""},"categories":[1],"tags":[],"class_list":["post-707","post","type-post","status-publish","format-standard","has-post-thumbnail","hentry","category-http-turkiyemhaber-com-wp-content-uploads-2026-03-saray-59-haber-13-mart-pdf"],"_links":{"self":[{"href":"https:\/\/turkiyemhaber.com\/index.php?rest_route=\/wp\/v2\/posts\/707","targetHints":{"allow":["GET"]}}],"collection":[{"href":"https:\/\/turkiyemhaber.com\/index.php?rest_route=\/wp\/v2\/posts"}],"about":[{"href":"https:\/\/turkiyemhaber.com\/index.php?rest_route=\/wp\/v2\/types\/post"}],"author":[{"embeddable":true,"href":"https:\/\/turkiyemhaber.com\/index.php?rest_route=\/wp\/v2\/users\/1"}],"replies":[{"embeddable":true,"href":"https:\/\/turkiyemhaber.com\/index.php?rest_route=%2Fwp%2Fv2%2Fcomments&post=707"}],"version-history":[{"count":1,"href":"https:\/\/turkiyemhaber.com\/index.php?rest_route=\/wp\/v2\/posts\/707\/revisions"}],"predecessor-version":[{"id":709,"href":"https:\/\/turkiyemhaber.com\/index.php?rest_route=\/wp\/v2\/posts\/707\/revisions\/709"}],"wp:featuredmedia":[{"embeddable":true,"href":"https:\/\/turkiyemhaber.com\/index.php?rest_route=\/wp\/v2\/media\/708"}],"wp:attachment":[{"href":"https:\/\/turkiyemhaber.com\/index.php?rest_route=%2Fwp%2Fv2%2Fmedia&parent=707"}],"wp:term":[{"taxonomy":"category","embeddable":true,"href":"https:\/\/turkiyemhaber.com\/index.php?rest_route=%2Fwp%2Fv2%2Fcategories&post=707"},{"taxonomy":"post_tag","embeddable":true,"href":"https:\/\/turkiyemhaber.com\/index.php?rest_route=%2Fwp%2Fv2%2Ftags&post=707"}],"curies":[{"name":"wp","href":"https:\/\/api.w.org\/{rel}","templated":true}]}}