{"id":644,"date":"2026-05-03T13:29:04","date_gmt":"2026-05-03T13:29:04","guid":{"rendered":"https:\/\/turkiyemhaber.com\/?p=644"},"modified":"2026-05-03T13:29:10","modified_gmt":"2026-05-03T13:29:10","slug":"afyonkarahisardaki-kazada-is-insani-hayatini-kaybetti","status":"publish","type":"post","link":"https:\/\/turkiyemhaber.com\/?p=644","title":{"rendered":"Afyonkarahisar&#8217;daki kazada i\u015f insan\u0131 hayat\u0131n\u0131 kaybetti"},"content":{"rendered":"\n<p class=\"wp-block-paragraph\">AFYONKARAH\u0130SAR&#8217;\u0131n Sand\u0131kl\u0131 il\u00e7esi yak\u0131nlar\u0131nda d\u00fcn ak\u015fam saatlerinde meydana gelen kazada hayat\u0131n\u0131 kaybeden ki\u015finin, i\u015f insan\u0131 Murtaza Topal (41) oldu\u011fu \u00f6\u011frenildi.<\/p>\n\n\n\n<p class=\"wp-block-paragraph\">Afyonkarahisar\u2019\u0131n Sand\u0131kl\u0131 il\u00e7esi yak\u0131nlar\u0131nda meydana gelen trafik kazas\u0131nda i\u015f insan\u0131 Murtaza Topal (41) ya\u015fam\u0131n\u0131 yitirdi, 1 ki\u015fi yaraland\u0131.<\/p>\n\n\n\n<h3 class=\"wp-block-heading\">ARA\u00c7 BAR\u0130YERLERE \u00c7ARPTI, ALEV ALDI<\/h3>\n\n\n\n<p class=\"wp-block-paragraph\">Kaza, d\u00fcn ak\u015fam saatlerinde Ba\u015fa\u011fa\u00e7 rampas\u0131nda meydana geldi. 26 TR 005 plakal\u0131 otomobil, s\u00fcr\u00fcc\u00fcs\u00fcn\u00fcn kontrol\u00fcnden \u00e7\u0131karak ref\u00fcjdeki bariyerlere \u00e7arpt\u0131. \u00c7arpman\u0131n ard\u0131ndan ara\u00e7 alev al\u0131rken, yang\u0131n k\u0131sa s\u00fcrede b\u00fcy\u00fcd\u00fc.<\/p>\n\n\n\n<figure class=\"wp-block-image\"><img decoding=\"async\" src=\"https:\/\/foto.sondakika.com\/haber\/2026\/05\/03\/afyonkarahisardaki-kazada-is-i-19798896-7104_1_m.jpg\" alt=\"Afyonkarahisar'daki kazada i\u015f insan\u0131 hayat\u0131n\u0131 kaybetti\"\/><\/figure>\n\n\n\n<h3 class=\"wp-block-heading\">S\u00dcR\u00dcC\u00dc OLAY YER\u0130NDE HAYATINI KAYBETT\u0130<\/h3>\n\n\n\n<p class=\"wp-block-paragraph\">\u0130hbar \u00fczerine olay yerine itfaiye, sa\u011fl\u0131k ve jandarma ekipleri sevk edildi. Ara\u00e7 s\u00fcr\u00fcc\u00fcs\u00fcn\u00fcn olay yerinde hayat\u0131n\u0131 kaybetti\u011fi belirlenirken, ara\u00e7ta bulunan G.\u00c7. (30) yaral\u0131 olarak hastaneye kald\u0131r\u0131ld\u0131.<\/p>\n\n\n\n<figure class=\"wp-block-image\"><img decoding=\"async\" src=\"https:\/\/foto.sondakika.com\/haber\/2026\/05\/03\/afyonkarahisardaki-kazada-is-i-19798896-8810_2_m.jpg\" alt=\"Afyonkarahisar'daki kazada i\u015f insan\u0131 hayat\u0131n\u0131 kaybetti\"\/><\/figure>\n\n\n\n<h3 class=\"wp-block-heading\">K\u0130ML\u0130\u011e\u0130 BELL\u0130 OLDU<\/h3>\n\n\n\n<p class=\"wp-block-paragraph\">Yap\u0131lan incelemede hayat\u0131n\u0131 kaybeden ki\u015finin i\u015f insan\u0131 Murtaza Topal oldu\u011fu tespit edildi. Topal\u2019\u0131n, eski AK Parti \u0130l Ba\u015fkan\u0131 ve milletvekili Salih Koca\u2019n\u0131n ye\u011feni oldu\u011fu \u00f6\u011frenildi.<\/p>\n\n\n\n<figure class=\"wp-block-image\"><img decoding=\"async\" src=\"https:\/\/foto.sondakika.com\/haber\/2026\/05\/03\/afyonkarahisardaki-kazada-is-i-19798896-5581_3_m.jpg\" alt=\"Afyonkarahisar'daki kazada i\u015f insan\u0131 hayat\u0131n\u0131 kaybetti\"\/><\/figure>\n\n\n\n<h3 class=\"wp-block-heading\">SORU\u015eTURMA BA\u015eLATILDI<\/h3>\n\n\n\n<p class=\"wp-block-paragraph\">Kazayla ilgili jandarma ekipleri taraf\u0131ndan inceleme ba\u015flat\u0131ld\u0131.<\/p>\n","protected":false},"excerpt":{"rendered":"<p>AFYONKARAH\u0130SAR&#8217;\u0131n Sand\u0131kl\u0131 il\u00e7esi yak\u0131nlar\u0131nda d\u00fcn ak\u015fam saatlerinde meydana gelen kazada hayat\u0131n\u0131 kaybeden ki\u015finin, i\u015f insan\u0131<\/p>\n","protected":false},"author":1,"featured_media":645,"comment_status":"open","ping_status":"open","sticky":false,"template":"","format":"standard","meta":{"_rtcl_gb_attr":"","footnotes":""},"categories":[7],"tags":[],"class_list":["post-644","post","type-post","status-publish","format-standard","has-post-thumbnail","hentry","category-gundem"],"_links":{"self":[{"href":"https:\/\/turkiyemhaber.com\/index.php?rest_route=\/wp\/v2\/posts\/644","targetHints":{"allow":["GET"]}}],"collection":[{"href":"https:\/\/turkiyemhaber.com\/index.php?rest_route=\/wp\/v2\/posts"}],"about":[{"href":"https:\/\/turkiyemhaber.com\/index.php?rest_route=\/wp\/v2\/types\/post"}],"author":[{"embeddable":true,"href":"https:\/\/turkiyemhaber.com\/index.php?rest_route=\/wp\/v2\/users\/1"}],"replies":[{"embeddable":true,"href":"https:\/\/turkiyemhaber.com\/index.php?rest_route=%2Fwp%2Fv2%2Fcomments&post=644"}],"version-history":[{"count":1,"href":"https:\/\/turkiyemhaber.com\/index.php?rest_route=\/wp\/v2\/posts\/644\/revisions"}],"predecessor-version":[{"id":646,"href":"https:\/\/turkiyemhaber.com\/index.php?rest_route=\/wp\/v2\/posts\/644\/revisions\/646"}],"wp:featuredmedia":[{"embeddable":true,"href":"https:\/\/turkiyemhaber.com\/index.php?rest_route=\/wp\/v2\/media\/645"}],"wp:attachment":[{"href":"https:\/\/turkiyemhaber.com\/index.php?rest_route=%2Fwp%2Fv2%2Fmedia&parent=644"}],"wp:term":[{"taxonomy":"category","embeddable":true,"href":"https:\/\/turkiyemhaber.com\/index.php?rest_route=%2Fwp%2Fv2%2Fcategories&post=644"},{"taxonomy":"post_tag","embeddable":true,"href":"https:\/\/turkiyemhaber.com\/index.php?rest_route=%2Fwp%2Fv2%2Ftags&post=644"}],"curies":[{"name":"wp","href":"https:\/\/api.w.org\/{rel}","templated":true}]}}