{"id":641,"date":"2026-05-03T10:12:10","date_gmt":"2026-05-03T10:12:10","guid":{"rendered":"https:\/\/turkiyemhaber.com\/?p=641"},"modified":"2026-05-03T10:12:16","modified_gmt":"2026-05-03T10:12:16","slug":"hamburger-koftesinden-sakatat-lahmacundan-taslik-cikti","status":"publish","type":"post","link":"https:\/\/turkiyemhaber.com\/?p=641","title":{"rendered":"Hamburger k\u00f6ftesinden sakatat, lahmacundan ta\u015fl\u0131k \u00e7\u0131kt\u0131"},"content":{"rendered":"\n<h2 class=\"wp-block-heading\" id=\"spot\">Tar\u0131m ve Orman Bakanl\u0131\u011f\u0131n\u0131n yay\u0131nlad\u0131\u011f\u0131 &#8220;Taklit veya Ta\u011f\u015fi\u015f Yap\u0131lan G\u0131dalar&#8221; listesine 34 yeni \u00fcr\u00fcn daha eklendi.<\/h2>\n\n\n\n<p><a href=\"https:\/\/www.sondakika.com\/tarim-ve-orman-bakanligi\/\">Tar\u0131m ve Orman Bakanl\u0131\u011f\u0131<\/a>, &#8220;Taklit veya Ta\u011f\u015fi\u015f Yap\u0131lan G\u0131dalar&#8221; listesini g\u00fcncelledi. Yay\u0131nlanan listeye sofralardan eksik olmayan 34 yeni \u00fcr\u00fcn eklendi.<\/p>\n\n\n\n<p>Baz\u0131 firmalar\u0131n daha ucuza \u00fcretebilmek i\u00e7in vatanda\u015fa satt\u0131klar\u0131 k\u00f6ftenin i\u00e7inde sakatat, k\u0131ymal\u0131 pidede tavuk eti tespit edildi. Listede k\u0131rm\u0131z\u0131 toz biberden keki\u011fe, ka\u015far peynirinden tereya\u011f\u0131na, baldan suma\u011fa kadar bir\u00e7ok \u00fcr\u00fcn yer ald\u0131.<\/p>\n\n\n\n<h3 class=\"wp-block-heading\">HAMBURGER K\u00d6FTES\u0130NDE SAKATAT TESP\u0130T ED\u0130LD\u0130<\/h3>\n\n\n\n<p>Son if\u015fa listesinde&nbsp;<a href=\"https:\/\/www.sondakika.com\/denizli\/\">Denizli<\/a>&#8216;nin&nbsp;<a href=\"https:\/\/www.sondakika.com\/pamukkale\/\">Pamukkale<\/a>&nbsp;il\u00e7esinde faaliyet g\u00f6steren &#8220;Baget Burger&#8221; i\u015fletmesinin satt\u0131\u011f\u0131 hamburger k\u00f6ftesinde sakatat tespit edildi\u011fi ifade edildi.&nbsp;<a href=\"https:\/\/www.sondakika.com\/ankara\/\">Ankara<\/a>&#8216;n\u0131n&nbsp;<a href=\"https:\/\/www.sondakika.com\/kahramankazan\/\">Kahramankazan<\/a>&nbsp;il\u00e7esinde faaliyet g\u00f6steren &#8220;Devecio\u011flu Esnaf Lokantas\u0131&#8221;nda ise sat\u0131lan pideden kanatl\u0131 hayvan eti \u00e7\u0131kt\u0131\u011f\u0131 tespit edildi.<\/p>\n\n\n\n<h3 class=\"wp-block-heading\">KIYMALI P\u0130DEDEN KANATLI HAYVAN ET\u0130 \u00c7IKTI<\/h3>\n\n\n\n<p>Ankara&#8217;n\u0131n&nbsp;<a href=\"https:\/\/www.sondakika.com\/cankaya\/\">\u00c7ankaya<\/a>&nbsp;il\u00e7esinde faaliyet g\u00f6steren &#8220;Sar Kebap&#8221;da terbiyeli dana etinde kanatl\u0131 hayvan eti tespit edildi.<\/p>\n\n\n\n<p>Ankara&#8217;n\u0131n&nbsp;<a href=\"https:\/\/www.sondakika.com\/mamak\/\">Mamak<\/a>&nbsp;il\u00e7esinde faaliyet g\u00f6steren &#8220;Me\u015fhur Pide Salonu-Meryem Ko\u00e7er&#8221; i\u015fletmesinde sat\u0131lan k\u0131ymal\u0131 pidede ise kanatl\u0131 hayvan eti tespit edildi. Yine Mamak&#8217;ta &#8220;\u015eanl\u0131 Aspava-Ayhan Kaleli&#8221; firmas\u0131nda lahmacun harc\u0131nda sakatat eti tespit edildi. Ankara&#8217;n\u0131n&nbsp;<a href=\"https:\/\/www.sondakika.com\/kecioren\/\">Ke\u00e7i\u00f6ren<\/a>&nbsp;il\u00e7esinde faaliyet g\u00f6steren &#8220;Ebrar Et ve Et \u00dcr\u00fcnleri&#8221; firmas\u0131nda da sucu\u011fun i\u00e7erisinde tavuk kafas\u0131 tespit edildi.<\/p>\n\n\n\n<h3 class=\"wp-block-heading\">\u0130\u015eTE BAKANLI\u011eIN YAYINLADI\u011eI O L\u0130STE:<\/h3>\n\n\n\n<figure class=\"wp-block-image\"><img decoding=\"async\" src=\"https:\/\/foto.sondakika.com\/haber\/2025\/02\/07\/tarim-ve-orman-bakanligi-ndan-taklit-gida-ifsasi-18348146_2731_m.jpg\" alt=\"Tar\u0131m ve Orman Bakanl\u0131\u011f\u0131'ndan Taklit G\u0131da \u0130f\u015fas\u0131: 34 Yeni \u00dcr\u00fcn Eklendi\" title=\"Tar\u0131m ve Orman Bakanl\u0131\u011f\u0131'ndan Taklit G\u0131da \u0130f\u015fas\u0131: 34 Yeni \u00dcr\u00fcn Eklendi\"\/><\/figure>\n\n\n\n<figure class=\"wp-block-image\"><img decoding=\"async\" src=\"https:\/\/foto.sondakika.com\/haber\/2025\/02\/07\/tarim-ve-orman-bakanligi-ndan-taklit-gida-ifsasi-18348146_4885_m.jpg\" alt=\"Tar\u0131m ve Orman Bakanl\u0131\u011f\u0131'ndan Taklit G\u0131da \u0130f\u015fas\u0131: 34 Yeni \u00dcr\u00fcn Eklendi\" title=\"Tar\u0131m ve Orman Bakanl\u0131\u011f\u0131'ndan Taklit G\u0131da \u0130f\u015fas\u0131: 34 Yeni \u00dcr\u00fcn Eklendi\"\/><\/figure>\n\n\n\n<figure class=\"wp-block-image\"><img decoding=\"async\" src=\"https:\/\/foto.sondakika.com\/haber\/2025\/02\/07\/tarim-ve-orman-bakanligi-ndan-taklit-gida-ifsasi-18348146_5710_m.jpg\" alt=\"Tar\u0131m ve Orman Bakanl\u0131\u011f\u0131'ndan Taklit G\u0131da \u0130f\u015fas\u0131: 34 Yeni \u00dcr\u00fcn Eklendi\" title=\"Tar\u0131m ve Orman Bakanl\u0131\u011f\u0131'ndan Taklit G\u0131da \u0130f\u015fas\u0131: 34 Yeni \u00dcr\u00fcn Eklendi\"\/><\/figure>\n\n\n\n<figure class=\"wp-block-image\"><img decoding=\"async\" src=\"https:\/\/foto.sondakika.com\/haber\/2025\/02\/07\/tarim-ve-orman-bakanligi-ndan-taklit-gida-ifsasi-18348146_6709_m.jpg\" alt=\"Tar\u0131m ve Orman Bakanl\u0131\u011f\u0131'ndan Taklit G\u0131da \u0130f\u015fas\u0131: 34 Yeni \u00dcr\u00fcn Eklendi\" title=\"Tar\u0131m ve Orman Bakanl\u0131\u011f\u0131'ndan Taklit G\u0131da \u0130f\u015fas\u0131: 34 Yeni \u00dcr\u00fcn Eklendi\"\/><\/figure>\n\n\n\n<p><\/p>\n","protected":false},"excerpt":{"rendered":"<p>Tar\u0131m ve Orman Bakanl\u0131\u011f\u0131n\u0131n yay\u0131nlad\u0131\u011f\u0131 &#8220;Taklit veya Ta\u011f\u015fi\u015f Yap\u0131lan G\u0131dalar&#8221; listesine 34 yeni \u00fcr\u00fcn daha eklendi. Tar\u0131m ve Orman Bakanl\u0131\u011f\u0131, &#8220;Taklit veya Ta\u011f\u015fi\u015f Yap\u0131lan G\u0131dalar&#8221; listesini g\u00fcncelledi. Yay\u0131nlanan listeye sofralardan eksik olmayan 34 yeni \u00fcr\u00fcn eklendi. Baz\u0131 firmalar\u0131n daha ucuza \u00fcretebilmek i\u00e7in vatanda\u015fa satt\u0131klar\u0131 k\u00f6ftenin i\u00e7inde sakatat, k\u0131ymal\u0131 pidede tavuk eti tespit edildi. Listede k\u0131rm\u0131z\u0131<\/p>\n","protected":false},"author":1,"featured_media":642,"comment_status":"open","ping_status":"open","sticky":false,"template":"","format":"standard","meta":{"_rtcl_gb_attr":"","footnotes":""},"categories":[1],"tags":[],"class_list":["post-641","post","type-post","status-publish","format-standard","has-post-thumbnail","hentry","category-http-turkiyemhaber-com-wp-content-uploads-2026-03-saray-59-haber-13-mart-pdf"],"_links":{"self":[{"href":"https:\/\/turkiyemhaber.com\/index.php?rest_route=\/wp\/v2\/posts\/641","targetHints":{"allow":["GET"]}}],"collection":[{"href":"https:\/\/turkiyemhaber.com\/index.php?rest_route=\/wp\/v2\/posts"}],"about":[{"href":"https:\/\/turkiyemhaber.com\/index.php?rest_route=\/wp\/v2\/types\/post"}],"author":[{"embeddable":true,"href":"https:\/\/turkiyemhaber.com\/index.php?rest_route=\/wp\/v2\/users\/1"}],"replies":[{"embeddable":true,"href":"https:\/\/turkiyemhaber.com\/index.php?rest_route=%2Fwp%2Fv2%2Fcomments&post=641"}],"version-history":[{"count":1,"href":"https:\/\/turkiyemhaber.com\/index.php?rest_route=\/wp\/v2\/posts\/641\/revisions"}],"predecessor-version":[{"id":643,"href":"https:\/\/turkiyemhaber.com\/index.php?rest_route=\/wp\/v2\/posts\/641\/revisions\/643"}],"wp:featuredmedia":[{"embeddable":true,"href":"https:\/\/turkiyemhaber.com\/index.php?rest_route=\/wp\/v2\/media\/642"}],"wp:attachment":[{"href":"https:\/\/turkiyemhaber.com\/index.php?rest_route=%2Fwp%2Fv2%2Fmedia&parent=641"}],"wp:term":[{"taxonomy":"category","embeddable":true,"href":"https:\/\/turkiyemhaber.com\/index.php?rest_route=%2Fwp%2Fv2%2Fcategories&post=641"},{"taxonomy":"post_tag","embeddable":true,"href":"https:\/\/turkiyemhaber.com\/index.php?rest_route=%2Fwp%2Fv2%2Ftags&post=641"}],"curies":[{"name":"wp","href":"https:\/\/api.w.org\/{rel}","templated":true}]}}