{"id":638,"date":"2026-05-02T22:29:09","date_gmt":"2026-05-02T22:29:09","guid":{"rendered":"https:\/\/turkiyemhaber.com\/?p=638"},"modified":"2026-05-02T22:29:14","modified_gmt":"2026-05-02T22:29:14","slug":"adalet-bakani-gurlek-bugun-geldigimiz-noktada-mevcut-anayasamiz-maalesef-yetersiz-kalmaktadir","status":"publish","type":"post","link":"https:\/\/turkiyemhaber.com\/?p=638","title":{"rendered":"Adalet Bakan\u0131 G\u00fcrlek: Bug\u00fcn geldi\u011fimiz noktada mevcut anayasam\u0131z maalesef yetersiz kalmaktad\u0131r"},"content":{"rendered":"\n<p>Bakan G\u00fcrlek, &#8220;Bug\u00fcn geldi\u011fimiz noktada ulusal g\u00fcvenlik tehditleri, de\u011fi\u015fen d\u00fcnya \u015fartlar\u0131, geli\u015fen toplum yap\u0131s\u0131, artan hak ve \u00f6zg\u00fcrl\u00fck talepleri kar\u015f\u0131s\u0131nda mevcut anayasam\u0131z maalesef yetersiz kalmaktad\u0131r. Yeni bir anayasa zorunluluktur.&#8221; dedi.<\/p>\n\n\n\n<p>\u0130stanbul<\/p>\n\n\n\n<p>Adalet Bakan\u0131 Ak\u0131n G\u00fcrlek, Milli T\u00fcrk Talebe Birli\u011fi (MTTB) ve \u0130stanbul \u00dcniversitesi (\u0130\u00dc) i\u015fbirli\u011fiyle Fatih&#8217;teki MTTB Genel Merkezi&#8217;nde d\u00fczenlenen &#8220;Siyaset Okulu&#8221; a\u00e7\u0131l\u0131\u015f program\u0131ndaki konu\u015fmas\u0131nda, MTTB&#8217;nin fikrin karakter kazand\u0131\u011f\u0131, inanc\u0131n aksiyona d\u00f6n\u00fc\u015ft\u00fc\u011f\u00fc, iradenin omurga buldu\u011fu bir mektep oldu\u011funu s\u00f6yledi.<\/p>\n\n\n\n<p>MTTB&#8217;nin sadece s\u00f6z \u00fcretmeyip ayn\u0131 zamanda istikamet tayin etti\u011fini belirten G\u00fcrlek, &#8220;Bu \u00e7at\u0131 alt\u0131nda yeti\u015fen kadrolar T\u00fcrkiye&#8217;nin kaderine y\u00f6n vermi\u015ftir ve o kadrolar\u0131n en m\u00fcstesna temsilcilerinden biri de aram\u0131zda bulunan Say\u0131n \u0130smail Kahramand\u0131r. Kendisine sadece bir siyaset b\u00fcy\u00fc\u011f\u00fc olarak de\u011fil, bir istikamet ve bir dava haf\u0131zas\u0131 olarak h\u00fcrmetlerimi arz ediyorum.&#8221; dedi.<\/p>\n\n\n\n<p>Siyasetin millete ra\u011fmen de\u011fil, milletle birlikte y\u00fcr\u00fcme iradesi oldu\u011funu dile getiren G\u00fcrlek, yap\u0131labilecek t\u00fcm tan\u0131mlamalar\u0131n \u00f6tesinde siyasetin en g\u00fcvenli liman\u0131n\u0131n ahlak oldu\u011funu vurgulad\u0131.<\/p>\n\n\n\n<p>G\u00fcrlek, T\u00fcrkiye&#8217;nin yak\u0131n tarihinin siyasi m\u00fccadele ser\u00fcvenleriyle dolu oldu\u011funa de\u011finerek, &#8220;Yak\u0131n siyasi tarihimizde bir\u00e7ok trajediler vuku bulmu\u015f, demokrasimiz ciddi rahats\u0131zl\u0131klar ya\u015fam\u0131\u015f, siyaset k\u00fclt\u00fcr\u00fcm\u00fcz olgunla\u015fmaya bile f\u0131rsat vermeden yarat\u0131lan krizlerle karanl\u0131k dehlizlere do\u011fru itilmi\u015ftir. Her defas\u0131nda millet inanc\u0131n\u0131 korumaya devam etmi\u015f, sab\u0131rla ve vakur bir \u015fekilde siyasetin en \u00f6nemli \u00e7\u0131k\u0131\u015f yolu sand\u0131kta millet \u00fczerine kurulu oyunlar\u0131 bozmay\u0131 becermi\u015ftir.&#8221; ifadelerini kulland\u0131.<\/p>\n\n\n\n<figure class=\"wp-block-image\"><img decoding=\"async\" src=\"https:\/\/web-cdnprod.aa.com.tr\/uploads\/Contents\/2026\/05\/02\/85fd13eb2938add4370a4ee82f43b62a.jpg\" alt=\"\"\/><\/figure>\n\n\n\n<h2 class=\"wp-block-heading\">&#8220;Bu millete hi\u00e7bir sinsi hesap kurulamaz&#8221;<\/h2>\n\n\n\n<p>T\u00fcrk milletinin sa\u011fduyulu ve sab\u0131rl\u0131 duru\u015funun 1980 darbesinin cuntac\u0131 vesayetinin k\u0131sa zamanda bertaraf edilmesini sa\u011flad\u0131\u011f\u0131n\u0131 anlatan G\u00fcrlek, 1983 se\u00e7imleriyle demokratik alan\u0131n milletin iradesiyle yeni bir nefes ald\u0131\u011f\u0131n\u0131 ancak vesayet\u00e7i sistemin di\u011fer enstr\u00fcmanlar\u0131n\u0131n bo\u015f durmad\u0131\u011f\u0131n\u0131 s\u00f6yledi.<\/p>\n\n\n\n<p>Bakan G\u00fcrlek, 28 \u015eubat s\u00fcrecine de de\u011finerek, s\u00f6zlerini \u015f\u00f6yle s\u00fcrd\u00fcrd\u00fc:<\/p>\n\n\n\n<p>&#8220;Cuntac\u0131lar\u0131n &#8217;28 \u015eubat bin y\u0131l s\u00fcrecek&#8217; s\u00f6z\u00fc T\u00fcrk siyasi hayat\u0131na s\u00fcr\u00fclm\u00fc\u015f karanl\u0131k bir lekedir. D\u00f6nemin cuntac\u0131 anlay\u0131\u015f\u0131 ile bu millete dayat\u0131lan 1982 Anayasas\u0131 demokratik hayat\u0131m\u0131z, toplumsal huzurumuz ve geli\u015fen T\u00fcrkiye i\u00e7in \u015fartlar\u0131 zorla\u015ft\u0131ran, hukuki g\u00f6r\u00fcn\u00fcml\u00fc vesayet olarak ortaya \u00e7\u0131kmaktad\u0131r. 1990&#8217;l\u0131 y\u0131llara geldi\u011fimizde T\u00fcrk siyasi tarihinin kaderini de\u011fi\u015ftirecek liderin m\u00fccadelesinin azmine \u015fahit olmaya ba\u015fl\u0131yoruz. Bu y\u0131llarda siyaset sahnemizin en \u00f6nemli ismi hi\u00e7 ku\u015fkusuz Say\u0131n Cumhurba\u015fkan\u0131m\u0131z Recep Tayyip Erdo\u011fan yeni bir dil, yeni bir \u00fcslup ve yeni bir umutla milletin g\u00f6nl\u00fcnde ye\u015fermeye ba\u015fl\u0131yor. \u0130stanbul&#8217;da ba\u015flayan o y\u00fcr\u00fcy\u00fc\u015f s\u0131radan bir belediye hikayesi de\u011fil, o g\u00fcn at\u0131lan ad\u0131m y\u0131llarca bast\u0131r\u0131lm\u0131\u015f bir iradenin, y\u0131llarca \u00f6telenmi\u015f bir \u00f6zg\u00fcvenin, senelerce sesi k\u0131s\u0131lm\u0131\u015f bir milletin yeniden \u015fahlan\u0131\u015f\u0131d\u0131r. &#8216;Sessiz \u00e7o\u011funlu\u011fun sesiyiz&#8217; hayk\u0131r\u0131\u015f\u0131d\u0131r.&#8221;<\/p>\n\n\n\n<p>AK Parti&#8217;nin 2002 y\u0131l\u0131nda milletin engin \u00f6ng\u00f6r\u00fcs\u00fcyle iktidara, akabinde Cumhurba\u015fkan\u0131 Erdo\u011fan&#8217;\u0131n g\u00f6reve geldi\u011fini aktaran G\u00fcrlek, &#8220;Bu cesaret ve g\u00f6n\u00fcl m\u00fccadelesi, bu millet a\u015fk\u0131 bir\u00e7ok evde, bir\u00e7ok ailede, bir\u00e7ok bireyde g\u00f6zya\u015f\u0131n\u0131n umutlara kar\u0131\u015ft\u0131\u011f\u0131 o kutlu millet iradesinin var olma sava\u015f\u0131d\u0131r. Tehditler hi\u00e7 bitmemi\u015ftir ve bitmeyecektir. Recep Tayyip Erdo\u011fan&#8217;\u0131n &#8216;Biz bu yola kefenimizle \u00e7\u0131kt\u0131k.&#8217; s\u00f6z\u00fc \u00f6yle kli\u015fe bir siyasi c\u00fcmle de\u011fildir.&#8221; diye konu\u015ftu.<\/p>\n\n\n\n<p>G\u00fcrlek, 27 Nisan &#8220;e-muht\u0131ras\u0131&#8221;, Gezi Park\u0131 olaylar\u0131 ve 15 Temmuz darbe giri\u015fimine de de\u011finerek &#8220;Art\u0131k bu \u00fclkede herkes \u015funu \u00e7ok iyi bilmektedir. Bu millete hi\u00e7bir sinsi hesap kurulamaz. Bu milletin r\u0131zas\u0131 hilaf\u0131na hi\u00e7bir d\u00fczen in\u015fa edilemez.&#8221; dedi.<\/p>\n\n\n\n<figure class=\"wp-block-image\"><img decoding=\"async\" src=\"https:\/\/web-cdnprod.aa.com.tr\/uploads\/Contents\/2026\/05\/02\/987b0cad22d67e8f8a55013729192b31.jpg\" alt=\"\"\/><\/figure>\n\n\n\n<h2 class=\"wp-block-heading\">&#8220;T\u00fcrkiye&#8217;nin kaderi, vesayet sistemimizin kal\u0131nt\u0131lar\u0131n\u0131 bu \u00fclkeden s\u00fcp\u00fcr\u00fcp atmakla de\u011fi\u015fti&#8221;<\/h2>\n\n\n\n<p>Gen\u00e7lere seslenerek &#8220;Siyasette muktedir olam\u0131yorsan\u0131z ideallerinizi yans\u0131tman\u0131z m\u00fcmk\u00fcn de\u011fildir.&#8221; diyen G\u00fcrlek, &#8220;T\u00fcrkiye&#8217;nin kaderi, vesayet sistemimizin kal\u0131nt\u0131lar\u0131n\u0131 bu \u00fclkeden s\u00fcp\u00fcr\u00fcp atmakla de\u011fi\u015fti. T\u00fcrkiye&#8217;nin kaderini de\u011fi\u015ftirmek asl\u0131nda d\u00fcnyan\u0131n ve b\u00f6lgenin kaderini de\u011fi\u015ftirmekle ayn\u0131 anlama gelmektedir.&#8221; ifadelerini kulland\u0131.<\/p>\n\n\n\n<p>Bakan G\u00fcrlek, T\u00fcrkiye&#8217;nin yeni oyun d\u00fczeninde hak etti\u011fi yere ula\u015fmak i\u00e7in en h\u0131zl\u0131 \u015fekilde hareket etti\u011finin alt\u0131n\u0131 \u00e7izerek, &#8220;T\u00fcrkiye emir alan de\u011fil emir veren, kurulu oyun d\u00fczeninde pasif bir akt\u00f6r de\u011fil kendi milli \u00e7\u0131karlar\u0131 i\u00e7in oyun kuran, i\u00e7ine kapan\u0131k halinden \u00e7\u0131karak d\u00fcnyan\u0131n her yerinde konulara m\u00fcdahale edebilen, fikren ve fiziken g\u00fc\u00e7l\u00fc bir konuma gelmi\u015ftir.&#8221; de\u011ferlendirmesini yapt\u0131.<\/p>\n\n\n\n<p>Gazze&#8217;deki ve T\u00fcrkiye&#8217;nin yak\u0131n co\u011frafyas\u0131ndaki zul\u00fcm d\u00fczeninin, &#8220;G\u00fc\u00e7l\u00fc olmayan\u0131n adaleti olmaz.&#8221; hususunu g\u00f6sterdi\u011fini ifade eden G\u00fcrlek, &#8220;S\u00f6zde en demokratik \u00fclke olmakla ahkam kesen merkezlerin, \u00e7\u0131karlar\u0131 u\u011fruna insanl\u0131k de\u011ferlerini ne kadar ala\u015fa\u011f\u0131 ettiklerine maalesef \u015fahit oluyoruz. Uluslararas\u0131 kurulu\u015flar\u0131n insanl\u0131k onuruna yap\u0131lan sald\u0131r\u0131lara kar\u015f\u0131 verdikleri s\u0131navlarda ne kadar ba\u015far\u0131s\u0131z olduklar\u0131n\u0131 g\u00f6r\u00fcyoruz.&#8221; dedi.<\/p>\n\n\n\n<p>G\u00fcrlek, \u00fclkelerin siyaset mekanizmalar\u0131n\u0131n lider \u00fcretme s\u0131k\u0131nt\u0131s\u0131 ya\u015famas\u0131n\u0131n, bug\u00fcn d\u00fcnyada konu\u015fulan en \u00f6nemli sorunlar\u0131ndan biri oldu\u011funa i\u015faret ederek, Cumhurba\u015fkan\u0131 Erdo\u011fan&#8217;\u0131n siyaset ve devlet adaml\u0131\u011f\u0131n\u0131n T\u00fcrkiye&#8217;nin bu s\u00fcre\u00e7te en b\u00fcy\u00fck \u015fans\u0131 oldu\u011funu s\u00f6yledi.<\/p>\n\n\n\n<h2 class=\"wp-block-heading\">&#8220;Hedefimiz ter\u00f6rden ar\u0131nd\u0131r\u0131lm\u0131\u015f, g\u00fcvenli ve huzurlu bir T\u00fcrkiye idealidir&#8221;<\/h2>\n\n\n\n<p>Y\u0131llarca b\u00fcrokrat olarak hizmet etti\u011fi T\u00fcrkiye Cumhuriyeti&#8217;ne bug\u00fcn Adalet Bakan\u0131 olarak hizmet etmenin sorumlulu\u011funu ta\u015f\u0131d\u0131\u011f\u0131n\u0131 dile getiren G\u00fcrlek, &#8220;Adalet Bakan\u0131 olarak misyonumuz hukukun \u00fcst\u00fcnl\u00fc\u011f\u00fcn\u00fc esas alan, gecikmeyen ve eri\u015febilir bir adalet sistemini tesis etmek, vatanda\u015flar\u0131m\u0131z\u0131n hak arama \u00f6zg\u00fcrl\u00fc\u011f\u00fcn\u00fc en g\u00fc\u00e7l\u00fc \u015fekilde teminat alt\u0131na almakt\u0131r.&#8221; dedi.<\/p>\n\n\n\n<p>G\u00fcrlek, gelecek d\u00f6nemde yar\u0131n\u0131n T\u00fcrkiye&#8217;sini \u015fekillendirecek meselelere ili\u015fkin iki b\u00fcy\u00fck hedefi oldu\u011funu belirterek, &#8220;Birincisi ter\u00f6rden ar\u0131nd\u0131r\u0131lm\u0131\u015f, g\u00fcvenli ve huzurlu bir T\u00fcrkiye idealidir. Ter\u00f6r sadece bir \u00fclkenin can\u0131na kasteden bir tehdit de\u011fildir, ayn\u0131 zamanda demokrasiyi zay\u0131flatan, kalk\u0131nmay\u0131 sekteye u\u011fratan, hukuk vesayetini bask\u0131 alt\u0131na almay\u0131 hedefleyen ve siyasi hayat\u0131m\u0131z \u00fczerinde kurulacak vesayetlere zemin haz\u0131rlayan \u00e7ok b\u00fcy\u00fck bir tehdittir.&#8221; ifadelerini kulland\u0131.<\/p>\n\n\n\n<p>Adalet Bakan\u0131 G\u00fcrlek, vesayet ve cuntac\u0131 anlay\u0131\u015fa at\u0131fta bulunan, onun izlerini ta\u015f\u0131yan, yamal\u0131 boh\u00e7aya d\u00f6nen 1982 Anayasas\u0131&#8217;n\u0131 art\u0131k g\u00fcndemden \u00e7\u0131karmalar\u0131, \u00e7a\u011fa ve gelece\u011fe \u0131\u015f\u0131k tutan, yol g\u00f6steren yeni bir anayasay\u0131 el birli\u011fiyle millete hediye etmeleri gerekti\u011fini vurgulayarak, &#8220;Anayasa bir devletin sadece y\u00f6netim \u00e7er\u00e7evesi de\u011fil, ayn\u0131 zamanda millet ve devlet aras\u0131ndaki hukuki ve ahlaki s\u00f6zle\u015fmeyi ifade eder. Bug\u00fcn geldi\u011fimiz noktada ulusal g\u00fcvenlik tehditleri, toplumsal bar\u0131\u015f, de\u011fi\u015fen d\u00fcnya \u015fartlar\u0131, geli\u015fen toplum yap\u0131s\u0131, artan hak ve \u00f6zg\u00fcrl\u00fck talepleri kar\u015f\u0131s\u0131nda mevcut anayasam\u0131z maalesef yetersiz kalmaktad\u0131r. Yeni bir anayasa zorunluluktur.&#8221; \u015feklinde konu\u015ftu.<\/p>\n\n\n\n<p>\u0130\u00dc Rekt\u00f6r\u00fc Prof. Dr. Osman B\u00fclent Z\u00fclfikar ile MTTB Genel Ba\u015fkan\u0131 Tahsin Ba\u015far\u0131&#8217;n\u0131n da birer konu\u015fma yapt\u0131\u011f\u0131 programa, Eski TBMM Ba\u015fkan\u0131 \u0130smail Kahraman, Birlik Vakf\u0131 Kurucular Kurulu Ba\u015fkan\u0131 Ya\u015far Karayel, baz\u0131 milletvekilleri, vali yard\u0131mc\u0131lar\u0131, hakimler ve \u00f6\u011frenciler kat\u0131ld\u0131.<\/p>\n","protected":false},"excerpt":{"rendered":"<p>Bakan G\u00fcrlek, &#8220;Bug\u00fcn geldi\u011fimiz noktada ulusal g\u00fcvenlik tehditleri, de\u011fi\u015fen d\u00fcnya \u015fartlar\u0131, geli\u015fen toplum yap\u0131s\u0131, artan hak ve \u00f6zg\u00fcrl\u00fck talepleri kar\u015f\u0131s\u0131nda mevcut anayasam\u0131z maalesef yetersiz kalmaktad\u0131r. Yeni bir anayasa zorunluluktur.&#8221; dedi. \u0130stanbul Adalet Bakan\u0131 Ak\u0131n G\u00fcrlek, Milli T\u00fcrk Talebe Birli\u011fi (MTTB) ve \u0130stanbul \u00dcniversitesi (\u0130\u00dc) i\u015fbirli\u011fiyle Fatih&#8217;teki MTTB Genel Merkezi&#8217;nde d\u00fczenlenen &#8220;Siyaset Okulu&#8221; a\u00e7\u0131l\u0131\u015f program\u0131ndaki konu\u015fmas\u0131nda,<\/p>\n","protected":false},"author":1,"featured_media":639,"comment_status":"open","ping_status":"open","sticky":false,"template":"","format":"standard","meta":{"_rtcl_gb_attr":"","footnotes":""},"categories":[1],"tags":[],"class_list":["post-638","post","type-post","status-publish","format-standard","has-post-thumbnail","hentry","category-http-turkiyemhaber-com-wp-content-uploads-2026-03-saray-59-haber-13-mart-pdf"],"_links":{"self":[{"href":"https:\/\/turkiyemhaber.com\/index.php?rest_route=\/wp\/v2\/posts\/638","targetHints":{"allow":["GET"]}}],"collection":[{"href":"https:\/\/turkiyemhaber.com\/index.php?rest_route=\/wp\/v2\/posts"}],"about":[{"href":"https:\/\/turkiyemhaber.com\/index.php?rest_route=\/wp\/v2\/types\/post"}],"author":[{"embeddable":true,"href":"https:\/\/turkiyemhaber.com\/index.php?rest_route=\/wp\/v2\/users\/1"}],"replies":[{"embeddable":true,"href":"https:\/\/turkiyemhaber.com\/index.php?rest_route=%2Fwp%2Fv2%2Fcomments&post=638"}],"version-history":[{"count":1,"href":"https:\/\/turkiyemhaber.com\/index.php?rest_route=\/wp\/v2\/posts\/638\/revisions"}],"predecessor-version":[{"id":640,"href":"https:\/\/turkiyemhaber.com\/index.php?rest_route=\/wp\/v2\/posts\/638\/revisions\/640"}],"wp:featuredmedia":[{"embeddable":true,"href":"https:\/\/turkiyemhaber.com\/index.php?rest_route=\/wp\/v2\/media\/639"}],"wp:attachment":[{"href":"https:\/\/turkiyemhaber.com\/index.php?rest_route=%2Fwp%2Fv2%2Fmedia&parent=638"}],"wp:term":[{"taxonomy":"category","embeddable":true,"href":"https:\/\/turkiyemhaber.com\/index.php?rest_route=%2Fwp%2Fv2%2Fcategories&post=638"},{"taxonomy":"post_tag","embeddable":true,"href":"https:\/\/turkiyemhaber.com\/index.php?rest_route=%2Fwp%2Fv2%2Ftags&post=638"}],"curies":[{"name":"wp","href":"https:\/\/api.w.org\/{rel}","templated":true}]}}