{"id":635,"date":"2026-05-02T22:27:32","date_gmt":"2026-05-02T22:27:32","guid":{"rendered":"https:\/\/turkiyemhaber.com\/?p=635"},"modified":"2026-05-02T22:27:36","modified_gmt":"2026-05-02T22:27:36","slug":"hull-citynin-sahibi-acun-ilicalinin-hedefi-premier-lig","status":"publish","type":"post","link":"https:\/\/turkiyemhaber.com\/?p=635","title":{"rendered":"Hull City&#8217;nin sahibi Acun Il\u0131cal\u0131&#8217;n\u0131n hedefi Premier Lig"},"content":{"rendered":"\n<p>\u0130ngiltere Championship&#8217;te normal sezonu play-off hatt\u0131nda tamamlayan Hull City&#8217;nin sahibi Acun Il\u0131cal\u0131, hedeflerinin Premier Lig oldu\u011funu s\u00f6yledi.<\/p>\n\n\n\n<p>\u0130stanbul<\/p>\n\n\n\n<p>\u0130ngiltere Championship&#8217;in son haftas\u0131nda Norwich City&#8217;yi 2-1 yenerek normal sezonu 6. s\u0131rada tamamlayan Hull City, ligi play-off hatt\u0131nda tamamlad\u0131.<\/p>\n\n\n\n<p>Millwall ile play-off yar\u0131 finalinde kar\u015f\u0131la\u015facak Hull City&#8217;nin sahibi Acun Il\u0131cal\u0131, AA muhabirine a\u00e7\u0131klamalarda bulundu.<\/p>\n\n\n\n<p>Hull City olarak sezonu play-off hatt\u0131nda bitirmekten dolay\u0131 b\u00fcy\u00fck mutluluk ya\u015fad\u0131klar\u0131n\u0131 dile getiren Il\u0131cal\u0131, &#8220;Bu sonu\u00e7, oyuncular\u0131m\u0131z\u0131n sahadaki eme\u011fi ve taraftarlar\u0131m\u0131z\u0131n sezon boyunca verdi\u011fi deste\u011fin bir sonucudur. Tak\u0131m\u0131m\u0131z\u0131n g\u00f6sterdi\u011fi karakterden gurur duyuyoruz.&#8221; ifadelerini kulland\u0131.<\/p>\n\n\n\n<p>Sezon ba\u015f\u0131nda Bosna Hersekli teknik adam Sergej Jakirovic&#8217;in oynatt\u0131\u011f\u0131 futboldan \u00e7ok etkilendi\u011fini belirten Il\u0131cal\u0131, &#8220;\u0130nisiyatif alarak hoca tercihimi ondan yana kulland\u0131m. Sa\u011f olsun bizi gururland\u0131rd\u0131. Teknik direkt\u00f6r\u00fcn futboldaki etkisine hep inan\u0131yordum. Hocam\u0131z da bunun ne kadar do\u011fru oldu\u011funu ispatlad\u0131.&#8221; a\u00e7\u0131klamas\u0131n\u0131 yapt\u0131.<\/p>\n\n\n\n<p>Play-off turuyla ilgili konu\u015fan Il\u0131cal\u0131, &#8220;\u00d6n\u00fcm\u00fczde play-off ma\u00e7lar\u0131 var. Ayn\u0131 birlik ve inan\u00e7la yolumuza devam ederek hedefimize ula\u015fmak istiyoruz. \u00dclkemizden \u00e7ok b\u00fcy\u00fck destek g\u00f6r\u00fcyoruz. Bu durum da beni ayr\u0131ca mutlu ediyor. Eme\u011fi ge\u00e7en ve duas\u0131 olan herkes sa\u011f olsun, var olsun.&#8221; diye konu\u015ftu.<\/p>\n\n\n\n<h2 class=\"wp-block-heading\">&#8220;B\u00fct\u00fcn \u015fehrin kaderi de\u011fi\u015fir&#8221;<\/h2>\n\n\n\n<p>Tak\u0131m\u0131n forvet hatt\u0131na de\u011finen Il\u0131cal\u0131, Oliver McBurnie&#8217;nin \u00e7ok kritik bir isim oldu\u011funun alt\u0131n\u0131 \u00e7izdi.<\/p>\n\n\n\n<p>McBurnie&#8217;nin Premier Lig golc\u00fcs\u00fc oldu\u011funu vurgulayan Acun Il\u0131cal\u0131, &#8220;Oliver \u015fu anda T\u00fcrkiye&#8217;de b\u00fcy\u00fck tak\u0131mlarda oynasa sezonda 25 gol\u00fcn alt\u0131nda atmaz. \u00c7ok \u00f6zel bir futbolcu. En kritik ma\u00e7larda tak\u0131m\u0131 ta\u015f\u0131yan isim oldu. Gol y\u00fczdesi b\u00f6ylesine y\u00fcksek oyuncu \u00e7ok az g\u00f6rd\u00fcm. Bunun yan\u0131nda kanatlara da takviyeler yapm\u0131\u015ft\u0131k. O b\u00f6lgelerde ya\u015fanan sakatl\u0131klar\u0131n ard\u0131ndan kanat oyuncular\u0131m\u0131z\u0131n h\u00fccuma etkisi de tak\u0131ma \u00f6nemli katk\u0131lar sa\u011flad\u0131.&#8221; ifadelerini kulland\u0131.<\/p>\n\n\n\n<p>Fenerbah\u00e7e&#8217;deki g\u00f6revinden ayr\u0131lmas\u0131n\u0131n ard\u0131ndan tamamen tak\u0131ma odakland\u0131\u011f\u0131n\u0131n alt\u0131n\u0131 \u00e7izen Il\u0131cal\u0131, &#8220;Ge\u00e7en sene son hafta ligde kalan bir tak\u0131m vard\u0131. Bu sene tamamen de\u011fi\u015fen, tak\u0131ma odaklanmam oldu. Ge\u00e7en sene \u00fczerimdeki y\u00fck \u00e7ok a\u011f\u0131rd\u0131 ve buraya neredeyse hi\u00e7 gelmemi\u015ftim. Bu sene ise y\u0131l\u0131n 150 g\u00fcn\u00fc burada ya\u015fad\u0131m. Ben her zaman do\u011fru hocaya inand\u0131m. Bunu ba\u015fard\u0131k. Hocam\u0131z\u0131n etkisini bu sene \u00e7ok yak\u0131ndan g\u00f6rd\u00fck.&#8221; dedi.<\/p>\n\n\n\n<p>Hull City&#8217;nin Premier Lig&#8217;e \u00e7\u0131kmas\u0131 durumunda \u015fehrin \u00f6nemli \u015fekilde etkilenece\u011fini belirten Il\u0131cal\u0131, &#8220;B\u00fct\u00fcn \u015fehrin kaderi de\u011fi\u015fir. \u0130ngiltere Premier Lig tak\u0131mlar\u0131n\u0131n oldu\u011fu \u015fehirler, ligin de merkezi oluyor. Bu da \u015fehri olumlu anlamda etkileyecek.&#8221; diyerek s\u00f6zlerini tamamlad\u0131.<\/p>\n","protected":false},"excerpt":{"rendered":"<p>\u0130ngiltere Championship&#8217;te normal sezonu play-off hatt\u0131nda tamamlayan Hull City&#8217;nin sahibi Acun Il\u0131cal\u0131, hedeflerinin Premier Lig oldu\u011funu s\u00f6yledi. \u0130stanbul \u0130ngiltere Championship&#8217;in son haftas\u0131nda Norwich City&#8217;yi 2-1 yenerek normal sezonu 6. s\u0131rada tamamlayan Hull City, ligi play-off hatt\u0131nda tamamlad\u0131. Millwall ile play-off yar\u0131 finalinde kar\u015f\u0131la\u015facak Hull City&#8217;nin sahibi Acun Il\u0131cal\u0131, AA muhabirine a\u00e7\u0131klamalarda bulundu. Hull City olarak<\/p>\n","protected":false},"author":1,"featured_media":636,"comment_status":"open","ping_status":"open","sticky":false,"template":"","format":"standard","meta":{"_rtcl_gb_attr":"","footnotes":""},"categories":[3],"tags":[],"class_list":["post-635","post","type-post","status-publish","format-standard","has-post-thumbnail","hentry","category-spor"],"_links":{"self":[{"href":"https:\/\/turkiyemhaber.com\/index.php?rest_route=\/wp\/v2\/posts\/635","targetHints":{"allow":["GET"]}}],"collection":[{"href":"https:\/\/turkiyemhaber.com\/index.php?rest_route=\/wp\/v2\/posts"}],"about":[{"href":"https:\/\/turkiyemhaber.com\/index.php?rest_route=\/wp\/v2\/types\/post"}],"author":[{"embeddable":true,"href":"https:\/\/turkiyemhaber.com\/index.php?rest_route=\/wp\/v2\/users\/1"}],"replies":[{"embeddable":true,"href":"https:\/\/turkiyemhaber.com\/index.php?rest_route=%2Fwp%2Fv2%2Fcomments&post=635"}],"version-history":[{"count":1,"href":"https:\/\/turkiyemhaber.com\/index.php?rest_route=\/wp\/v2\/posts\/635\/revisions"}],"predecessor-version":[{"id":637,"href":"https:\/\/turkiyemhaber.com\/index.php?rest_route=\/wp\/v2\/posts\/635\/revisions\/637"}],"wp:featuredmedia":[{"embeddable":true,"href":"https:\/\/turkiyemhaber.com\/index.php?rest_route=\/wp\/v2\/media\/636"}],"wp:attachment":[{"href":"https:\/\/turkiyemhaber.com\/index.php?rest_route=%2Fwp%2Fv2%2Fmedia&parent=635"}],"wp:term":[{"taxonomy":"category","embeddable":true,"href":"https:\/\/turkiyemhaber.com\/index.php?rest_route=%2Fwp%2Fv2%2Fcategories&post=635"},{"taxonomy":"post_tag","embeddable":true,"href":"https:\/\/turkiyemhaber.com\/index.php?rest_route=%2Fwp%2Fv2%2Ftags&post=635"}],"curies":[{"name":"wp","href":"https:\/\/api.w.org\/{rel}","templated":true}]}}