{"id":632,"date":"2026-05-02T22:25:59","date_gmt":"2026-05-02T22:25:59","guid":{"rendered":"https:\/\/turkiyemhaber.com\/?p=632"},"modified":"2026-05-02T22:26:03","modified_gmt":"2026-05-02T22:26:03","slug":"milli-motosikletci-can-oncu-supersport-macaristan-ayaginin-ilk-yarisinda-3-oldu","status":"publish","type":"post","link":"https:\/\/turkiyemhaber.com\/?p=632","title":{"rendered":"Milli motosiklet\u00e7i Can \u00d6nc\u00fc, Supersport Macaristan aya\u011f\u0131n\u0131n ilk yar\u0131\u015f\u0131nda 3. oldu"},"content":{"rendered":"\n<p class=\"wp-block-paragraph\">Motosiklet s\u00fcr\u00fcc\u00fcs\u00fc Can \u00d6nc\u00fc, D\u00fcnya Supersport \u015eampiyonas\u0131&#8217;n\u0131n Macaristan&#8217;daki 4. aya\u011f\u0131n ilk yar\u0131\u015f\u0131n\u0131 3. s\u0131rada bitirdi.<\/p>\n\n\n\n<p class=\"wp-block-paragraph\">Ankara<\/p>\n\n\n\n<p class=\"wp-block-paragraph\">Balatonf\u00f6kajar&#8217;daki 4,1 kilometrelik Balaton Park Pisti&#8217;nde yap\u0131lan yar\u0131\u015flar\u0131n ilki sona erdi.<\/p>\n\n\n\n<p class=\"wp-block-paragraph\">Pata Yamaha Ten Kate tak\u0131m\u0131 ad\u0131na yar\u0131\u015fan Can, son tura lider girdi ancak yapt\u0131\u011f\u0131 hata sonucu yar\u0131\u015f\u0131 3. s\u0131rada tamamlad\u0131.<\/p>\n\n\n\n<p class=\"wp-block-paragraph\">Yar\u0131\u015fta Frans\u0131z Valentin Debise birinci olurken, \u0130spanya&#8217;dan Albert Arenas ikinci s\u0131rada yer ald\u0131.<\/p>\n\n\n\n<p class=\"wp-block-paragraph\">\u0130kinci ana yar\u0131\u015f, yar\u0131n saat TS\u0130 15.00&#8217;te ko\u015fulacak.<\/p>\n","protected":false},"excerpt":{"rendered":"<p>Motosiklet s\u00fcr\u00fcc\u00fcs\u00fc Can \u00d6nc\u00fc, D\u00fcnya Supersport \u015eampiyonas\u0131&#8217;n\u0131n Macaristan&#8217;daki 4. aya\u011f\u0131n ilk yar\u0131\u015f\u0131n\u0131 3. s\u0131rada bitirdi.<\/p>\n","protected":false},"author":1,"featured_media":633,"comment_status":"open","ping_status":"open","sticky":false,"template":"","format":"standard","meta":{"_rtcl_gb_attr":"","footnotes":""},"categories":[3],"tags":[],"class_list":["post-632","post","type-post","status-publish","format-standard","has-post-thumbnail","hentry","category-spor"],"_links":{"self":[{"href":"https:\/\/turkiyemhaber.com\/index.php?rest_route=\/wp\/v2\/posts\/632","targetHints":{"allow":["GET"]}}],"collection":[{"href":"https:\/\/turkiyemhaber.com\/index.php?rest_route=\/wp\/v2\/posts"}],"about":[{"href":"https:\/\/turkiyemhaber.com\/index.php?rest_route=\/wp\/v2\/types\/post"}],"author":[{"embeddable":true,"href":"https:\/\/turkiyemhaber.com\/index.php?rest_route=\/wp\/v2\/users\/1"}],"replies":[{"embeddable":true,"href":"https:\/\/turkiyemhaber.com\/index.php?rest_route=%2Fwp%2Fv2%2Fcomments&post=632"}],"version-history":[{"count":1,"href":"https:\/\/turkiyemhaber.com\/index.php?rest_route=\/wp\/v2\/posts\/632\/revisions"}],"predecessor-version":[{"id":634,"href":"https:\/\/turkiyemhaber.com\/index.php?rest_route=\/wp\/v2\/posts\/632\/revisions\/634"}],"wp:featuredmedia":[{"embeddable":true,"href":"https:\/\/turkiyemhaber.com\/index.php?rest_route=\/wp\/v2\/media\/633"}],"wp:attachment":[{"href":"https:\/\/turkiyemhaber.com\/index.php?rest_route=%2Fwp%2Fv2%2Fmedia&parent=632"}],"wp:term":[{"taxonomy":"category","embeddable":true,"href":"https:\/\/turkiyemhaber.com\/index.php?rest_route=%2Fwp%2Fv2%2Fcategories&post=632"},{"taxonomy":"post_tag","embeddable":true,"href":"https:\/\/turkiyemhaber.com\/index.php?rest_route=%2Fwp%2Fv2%2Ftags&post=632"}],"curies":[{"name":"wp","href":"https:\/\/api.w.org\/{rel}","templated":true}]}}