{"id":629,"date":"2026-05-02T22:24:23","date_gmt":"2026-05-02T22:24:23","guid":{"rendered":"https:\/\/turkiyemhaber.com\/?p=629"},"modified":"2026-05-02T22:24:27","modified_gmt":"2026-05-02T22:24:27","slug":"kenan-karamanin-attigi-golle-schalke-04-bundesligaya-yukseldi","status":"publish","type":"post","link":"https:\/\/turkiyemhaber.com\/?p=629","title":{"rendered":"Kenan Karaman&#8217;\u0131n att\u0131\u011f\u0131 golle Schalke 04, Bundesliga&#8217;ya y\u00fckseldi"},"content":{"rendered":"\n<p><br>Milli futbolcu Kenan Karaman&#8217;\u0131n att\u0131\u011f\u0131 golle Schalke 04, Bundesliga&#8217;ya y\u00fckseldi.<\/p>\n\n\n\n<p>\u0130stanbul<\/p>\n\n\n\n<p>Bundesliga 2&#8217;nin 32. haftas\u0131nda Schalke 04, konuk etti\u011fi Fortuna D\u00fcsseldorf&#8217;u Kenan Karaman&#8217;\u0131n 15. dakikadaki gol\u00fcyle 1-0 ma\u011flup etti ve ligin bitimine 2 hafta kala Bundesliga&#8217;ya y\u00fckselen ilk ekip oldu.<\/p>\n\n\n\n<p>Milli futbolcu, bu sezon 14. gol\u00fcn\u00fc kaydetti.<\/p>\n\n\n\n<p>Schalke 04, \u00fc\u00e7 sezon aran\u0131n ard\u0131ndan Bundesliga&#8217;ya d\u00f6nd\u00fc.<\/p>\n","protected":false},"excerpt":{"rendered":"<p>Milli futbolcu Kenan Karaman&#8217;\u0131n att\u0131\u011f\u0131 golle Schalke 04, Bundesliga&#8217;ya y\u00fckseldi. \u0130stanbul Bundesliga 2&#8217;nin 32. haftas\u0131nda Schalke 04, konuk etti\u011fi Fortuna D\u00fcsseldorf&#8217;u Kenan Karaman&#8217;\u0131n 15. dakikadaki gol\u00fcyle 1-0 ma\u011flup etti ve ligin bitimine 2 hafta kala Bundesliga&#8217;ya y\u00fckselen ilk ekip oldu. Milli futbolcu, bu sezon 14. gol\u00fcn\u00fc kaydetti. Schalke 04, \u00fc\u00e7 sezon aran\u0131n ard\u0131ndan Bundesliga&#8217;ya d\u00f6nd\u00fc.<\/p>\n","protected":false},"author":1,"featured_media":630,"comment_status":"open","ping_status":"open","sticky":false,"template":"","format":"standard","meta":{"_rtcl_gb_attr":"","footnotes":""},"categories":[3],"tags":[],"class_list":["post-629","post","type-post","status-publish","format-standard","has-post-thumbnail","hentry","category-spor"],"_links":{"self":[{"href":"https:\/\/turkiyemhaber.com\/index.php?rest_route=\/wp\/v2\/posts\/629","targetHints":{"allow":["GET"]}}],"collection":[{"href":"https:\/\/turkiyemhaber.com\/index.php?rest_route=\/wp\/v2\/posts"}],"about":[{"href":"https:\/\/turkiyemhaber.com\/index.php?rest_route=\/wp\/v2\/types\/post"}],"author":[{"embeddable":true,"href":"https:\/\/turkiyemhaber.com\/index.php?rest_route=\/wp\/v2\/users\/1"}],"replies":[{"embeddable":true,"href":"https:\/\/turkiyemhaber.com\/index.php?rest_route=%2Fwp%2Fv2%2Fcomments&post=629"}],"version-history":[{"count":1,"href":"https:\/\/turkiyemhaber.com\/index.php?rest_route=\/wp\/v2\/posts\/629\/revisions"}],"predecessor-version":[{"id":631,"href":"https:\/\/turkiyemhaber.com\/index.php?rest_route=\/wp\/v2\/posts\/629\/revisions\/631"}],"wp:featuredmedia":[{"embeddable":true,"href":"https:\/\/turkiyemhaber.com\/index.php?rest_route=\/wp\/v2\/media\/630"}],"wp:attachment":[{"href":"https:\/\/turkiyemhaber.com\/index.php?rest_route=%2Fwp%2Fv2%2Fmedia&parent=629"}],"wp:term":[{"taxonomy":"category","embeddable":true,"href":"https:\/\/turkiyemhaber.com\/index.php?rest_route=%2Fwp%2Fv2%2Fcategories&post=629"},{"taxonomy":"post_tag","embeddable":true,"href":"https:\/\/turkiyemhaber.com\/index.php?rest_route=%2Fwp%2Fv2%2Ftags&post=629"}],"curies":[{"name":"wp","href":"https:\/\/api.w.org\/{rel}","templated":true}]}}