{"id":616,"date":"2026-05-02T22:17:50","date_gmt":"2026-05-02T22:17:50","guid":{"rendered":"https:\/\/turkiyemhaber.com\/?p=616"},"modified":"2026-05-02T22:17:55","modified_gmt":"2026-05-02T22:17:55","slug":"trabzonspor-evinde-goztepe-ile-berabere-kaldi","status":"publish","type":"post","link":"https:\/\/turkiyemhaber.com\/?p=616","title":{"rendered":"Trabzonspor evinde G\u00f6ztepe ile berabere kald\u0131"},"content":{"rendered":"\n<p>Trendyol S\u00fcper Lig&#8217;in 32. haftas\u0131nda Trabzonspor ile G\u00f6ztepe 1-1 berabere kald\u0131.<\/p>\n\n\n\n<p>Trabzon<\/p>\n\n\n\n<p>Trendyol S\u00fcper Lig\u2019in 32. haftas\u0131nda Trabzonspor ile G\u00f6ztepe, Papara Park\u2019ta kar\u015f\u0131la\u015ft\u0131.<\/p>\n\n\n\n<h2 class=\"wp-block-heading\">\u0130lk yar\u0131<\/h2>\n\n\n\n<p>11. dakikada Janderson&#8217;un sa\u011f taraftan \u00e7\u0131kard\u0131\u011f\u0131 pas\u0131 penalt\u0131 noktas\u0131 yak\u0131n\u0131nda Juan kaleye g\u00f6nderdi ancak me\u015fin yuvarlak \u00fcst direkten d\u00f6nd\u00fc.<\/p>\n\n\n\n<p>24. dakikada ceza alan\u0131 d\u0131\u015f\u0131ndan Mu\u00e7i&#8217;nin yerden sert \u015futunda, kaleci Lis sol taraf\u0131na gelen topu yatarak \u00e7eldi.<\/p>\n\n\n\n<p>32. dakikada Arda Okan Kurtulan&#8217;\u0131n sa\u011f taraftan yerden pas\u0131nda penalt\u0131 noktas\u0131na yak\u0131n bir yerden Juan&#8217;\u0131n \u015futunda, top kaleci Onana&#8217;n\u0131n solundan filelerle bulu\u015ftu: 0-1<\/p>\n\n\n\n<p>34. dakikada Janderson&#8217;un ceza alan\u0131 d\u0131\u015f\u0131ndan yerden sert \u015futunda, top kale dire\u011finin hemen yan\u0131ndan auta \u00e7\u0131kt\u0131.<\/p>\n\n\n\n<p>36. dakikada sol \u00e7aprazda Pina&#8217;dan s\u0131yr\u0131larak ceza alan\u0131na giren Juan&#8217;\u0131n kaleci Onana ile kar\u015f\u0131 kar\u015f\u0131ya kald\u0131\u011f\u0131 pozisyondaki \u015futunda, top az farkla auta gitti.<\/p>\n\n\n\n<p>Kar\u015f\u0131la\u015fman\u0131n ilk yar\u0131s\u0131 konuk tak\u0131m\u0131n 1-0&#8217;l\u0131k \u00fcst\u00fcnl\u00fc\u011f\u00fc ile sona erdi.<\/p>\n\n\n\n<h2 class=\"wp-block-heading\">\u0130kinci yar\u0131<\/h2>\n\n\n\n<p>58. dakikada Ozan Tufan&#8217;\u0131n sa\u011fdan ortas\u0131nda, ceza alan\u0131 i\u00e7inde Onuachu&#8217;nun kafa vuru\u015funda, top yandan auta gitti.<\/p>\n\n\n\n<p>77. dakikada Krastev&#8217;in pas\u0131nda ceza alan\u0131 hemen d\u0131\u015f\u0131ndan Juan&#8217;\u0131n \u015futunda, top kaleci Onana&#8217;da kald\u0131.<\/p>\n\n\n\n<p>90. dakikada Krastev&#8217;in sa\u011fdan kulland\u0131\u011f\u0131 kornerde ceza alan\u0131 i\u00e7inde iyi y\u00fckselen Heliton&#8217;un kafa vuru\u015funda, top yandan auta \u00e7\u0131kt\u0131.<\/p>\n\n\n\n<p>90+3. dakikada Trabzonspor e\u015fitli\u011fi sa\u011flad\u0131. Zubkov&#8217;un sa\u011fdan kulland\u0131\u011f\u0131 k\u00f6\u015fe at\u0131\u015f\u0131nda, ceza alan\u0131 i\u00e7inde Lovik&#8217;in indirdi\u011fi topu Umut Nayir filelere g\u00f6nderdi: 1-1<\/p>\n\n\n\n<p>Kar\u015f\u0131la\u015fma 1-1&#8217;lik beraberlikle sona erdi.<\/p>\n\n\n\n<h2 class=\"wp-block-heading\">Fatih Tekke: &#8220;Hakem konu\u015fmak istemiyorum ama rahats\u0131z oluyorum&#8221;<\/h2>\n\n\n\n<p>Trabzonspor&#8217;da teknik direkt\u00f6r Fatih Tekke, &#8220;K\u0131rm\u0131z\u0131 karttan sonra \u00f6zellikle belki de yine antren\u00f6rl\u00fck hayat\u0131mda ilk kez belki de \u00f6yle olmas\u0131 gerekiyordu, kaos istedim. Bu kaostan da 1 puan \u00e7\u0131kt\u0131 \u00e7ok \u015f\u00fck\u00fcr.&#8221; dedi.<\/p>\n\n\n\n<p>Tekke, ma\u00e7\u0131n ard\u0131ndan d\u00fczenlenen bas\u0131n toplant\u0131s\u0131nda, ilk yar\u0131s\u0131 ve ikinci yar\u0131s\u0131 farkl\u0131 olan bir ma\u00e7 oynad\u0131klar\u0131n\u0131 belirterek, &#8220;K\u0131rm\u0131z\u0131 karta kadar ve sonras\u0131, iki farkl\u0131 \u015fekil. Asl\u0131nda oyunun ba\u015f\u0131nda hedefim hep ikinci topu oynayan bir tak\u0131m\u0131 biraz daha d\u00fczenli hale sokmakt\u0131 ki bence o d\u00fczende de gayet iyi oynad\u0131lar, \u00e7ok m\u00fcsaade ettik \u00e7\u00fcnk\u00fc. \u0130lk yar\u0131 bir iki tane pozisyona yak\u0131n pozisyonumuz var diyebilirim.&#8221; ifadelerini kulland\u0131.<\/p>\n\n\n\n<p>Oyuncu performans\u0131 ve \u00e7al\u0131\u015f\u0131lm\u0131\u015f \u015feylerin tekrar\u0131n\u0131n ilk yar\u0131 \u00e7ok az oldu\u011funu dile getiren Tekke, \u015f\u00f6yle devam etti:<\/p>\n\n\n\n<p>\u201cK\u0131rm\u0131z\u0131 karttan sonra \u00f6zellikle belki de yine antren\u00f6rl\u00fck hayat\u0131mda ilk kez belki de \u00f6yle olmas\u0131 gerekiyordu, kaos istedim. Bu kaostan da 1 puan \u00e7\u0131kt\u0131 \u00e7ok \u015f\u00fck\u00fcr. \u0130yi taraf\u0131ndan bakt\u0131\u011f\u0131m\u0131zda 10 ki\u015fi bu kadar dinamik tak\u0131ma ikinci yar\u0131 pozisyon vermedik desek yeridir. Buna ra\u011fmen duran toptan, bekledi\u011fimiz yan top ortalardan, faullerden at\u0131lan gol\u00fcm\u00fcz var iptal edilen faul olan, ka\u00e7\u0131rd\u0131klar\u0131m\u0131z var denilebilecek bir ma\u00e7. Sonu\u00e7ta ikincili\u011fi takip ediyoruz fakat 3&#8217;\u00fcnc\u00fcl\u00fc\u011f\u00fc garanti etmi\u015f olduk. O da bir taraftan bakt\u0131\u011f\u0131m\u0131zda \u00e7ok olumlu. Sezon ba\u015f\u0131ndan itibaren geldi\u011fimizden bu yana ki Trabzonspor&#8217;un, camian\u0131n, taraftar\u0131m\u0131z\u0131n ki onlardan bir tanesi benim bunu her zaman s\u00f6yl\u00fcyorum. B\u00fct\u00fcn bu ko\u015fullarda \u00e7ocuklar\u0131n yapt\u0131\u011f\u0131, bu kadronun yapt\u0131\u011f\u0131 \u015fey \u00e7ok de\u011ferli. Ayaklar\u0131na, y\u00fcreklerine sa\u011fl\u0131k.\u201d<\/p>\n\n\n\n<h2 class=\"wp-block-heading\">&#8220;Oyuncular\u0131n bir\u00e7o\u011fu yorgun&#8221;<\/h2>\n\n\n\n<p>Tekke, \u015fimdi \u00f6nlerinde Be\u015fikta\u015f ma\u00e7\u0131 ve Ziraat T\u00fcrkiye Kupas\u0131 yar\u0131 final kar\u015f\u0131la\u015fmas\u0131n\u0131n bulundu\u011funa de\u011finerek, &#8220;Oyuncular\u0131m\u0131n bir\u00e7o\u011fu \u00e7ok yorgun. Baz\u0131 mevkilerde \u015fimdi cezal\u0131 oyuncular\u0131m\u0131z da var, hi\u00e7 oyuncumuz yok. Baz\u0131 mevkilerde 2-3 haftad\u0131r zaten yoktu. Dolay\u0131s\u0131yla zor bir s\u00fcre\u00e7ten bence \u00e7ok iyi ge\u00e7emedik, daha iyi ge\u00e7ebilirdik. Bu ma\u00e7lar\u0131n aras\u0131nda \u00e7ok \u00fcz\u00fcld\u00fc\u011f\u00fcm Ba\u015fak\u015fehir ma\u00e7\u0131, Alanya ma\u00e7\u0131 daha fazla. Konya ma\u00e7\u0131n\u0131n ikinci yar\u0131s\u0131 \u00e7ok iyi bu ma\u00e7\u0131n ikinci yar\u0131s\u0131ndaki istek arzu \u00e7ok iyi. Her \u015feye ra\u011fmen insanlar\u0131n beklentisinin \u00e7ok \u00e7ok \u00fczerinde, yeni kurulmu\u015f, yeni yap\u0131lanmaya gitmi\u015f bir kadronun insanlar\u0131n, taraftar\u0131m\u0131z\u0131n umutlar\u0131n\u0131 ye\u015fertmesi hatta o ye\u015fertme de\u011fil tam \u00e7i\u00e7ek a\u00e7aca\u011f\u0131 d\u00fc\u015f\u00fcnd\u00fc\u011f\u00fc anlara bile getirmemiz bile \u00f6nemliydi.&#8221; \u015feklinde konu\u015ftu.<\/p>\n\n\n\n<p>B\u00fct\u00fcn camia olarak bunlar\u0131n hepsini de\u011ferlendirip do\u011fru ad\u0131mlar atmalar\u0131 gerekti\u011fini vurgulayan Tekke, &#8220;Benim sevincim, mutlu oldu\u011fum taraf en az\u0131ndan \u015fehrimi demiyorum ama futbol kamuoyuna \u00f6rnek olarak bir\u00e7ok \u015fey verdi\u011fimizi d\u00fc\u015f\u00fcn\u00fcyorum. Bu y\u00fczden \u00f6nemli ve de\u011ferli \u015feyler yap\u0131ld\u0131. \u00c7ocuklar\u0131mla, oyuncular\u0131mla gurur duyuyorum. Kolay de\u011fildi. \u0130yi ge\u00e7memiz gereken yerlerde son periyotta \u00e7ok istedi\u011fimiz ge\u00e7medi a\u00e7\u0131k\u00e7as\u0131 ama \u00e7ok da s\u00fcrpriz de\u011fil a\u00e7\u0131k\u00e7as\u0131. Hepimiz hatalar yapt\u0131k, ben de \u00e7ok yapt\u0131m. Mesela bu ma\u00e7\u0131n ilk yar\u0131s\u0131ndaki plan. Bana g\u00f6re belki bask\u0131 yapt\u0131rmad\u0131m nedeni de oyuncular\u0131m\u0131n yorgunlu\u011fu, onlar\u0131n biraz dinlenmesini sa\u011flamak ve ikinci topa oynamalar\u0131n\u0131 engellemekti. Ama buna ra\u011fmen G\u00f6ztepe&#8217;ye de ilk yar\u0131 gayet iyi m\u00fcsaade ettik, onlar da gayet iyi oynad\u0131. Bir puan\u0131 ben barda\u011f\u0131n dolu taraf\u0131 olarak de\u011ferlendiriyorum.&#8221; de\u011ferlendirmesinde bulundu.<\/p>\n\n\n\n<h2 class=\"wp-block-heading\">Hakem kararlar\u0131<\/h2>\n\n\n\n<p>Tekke, son ma\u00e7lardaki hakem kararlar\u0131yla ilgili bir soru \u00fczerine de \u015fu ifadeleri kulland\u0131:<\/p>\n\n\n\n<p>&#8220;Mustafa&#8217;n\u0131n k\u0131rm\u0131z\u0131 kart pozisyonu i\u00e7eride bana &#8216;Alakas\u0131 yok, faul bile de\u011fil&#8217; dediler, seyretmedim ama. Benim en \u00e7ok \u00fcz\u00fcld\u00fc\u011f\u00fcm iki pozisyon var. Alanya&#8217;ya kar\u015f\u0131 \u00e7ok iyi oynad\u0131\u011f\u0131m\u0131z parmak ucuna yani oyunun yorumunda bana g\u00f6re hi\u00e7 alakas\u0131 yok, kurala g\u00f6re &#8216;penalt\u0131&#8217; diyor. \u0130kincisi de buradaki Ba\u015fak\u015fehir ma\u00e7\u0131, zamana oynad\u0131\u011f\u0131m\u0131z kenarda Mustafa&#8217;ya att\u0131\u011f\u0131 \u00e7al\u0131mdan sonra adam iki eliyle beraber itti ve faul vermedi o pozisyon gitti. Evet biz hata yapt\u0131k ama gitti ve gol oldu. Hakemlerin \u00f6yle bir durumu ve tutumu oluyor. Ben bunlardan acayip rahats\u0131z oluyorum. Hakem konu\u015fmak istemiyorum ama rahats\u0131z oluyorum. Yani bu tip kararlar\u0131 ba\u015fka statlarda veremiyorlar, burada veriyorlar. Burada da yine kendi i\u00e7imize d\u00f6n\u00fcyoruz. Hakemi yanl\u0131\u015f yapmamaya y\u00f6nlendirecek bir ambiyans\u0131m\u0131z olsa belki olmayacak. Burada da bizim eksi\u011fimiz var, ondan sonra ba\u011f\u0131r\u0131yoruz. Ama ben diyorum ki &#8216;Hakemlerle ilgili konu\u015fmak istemiyorum.&#8217; Hakemlerin durumu ortada yani.&#8221;<\/p>\n\n\n\n<p>Bu ma\u00e7ta da kendisini rahats\u0131z eden bir\u00e7ok \u015feyin oldu\u011funu kaydeden Tekke, &#8220;Hi\u00e7birimiz \u015funu demiyoruz yani, &#8216;Ma\u00e7 oynanacak hak eden kazan\u0131r&#8217;. Bu ma\u00e7ta G\u00f6ztepe ilk yar\u0131 bizden iyi oynad\u0131, kabul. Ben kendimi ele\u015ftirece\u011fim. Ama b\u0131rak oyun neyi gerektiriyorsa o olsun. VAR niye var? Mustafa at\u0131ld\u0131, Pina \u00e7ok \u00f6z\u00fcr dilerim, yan hakeme hareket mi yapt\u0131. Kesinlikle kural \u00f6yle diyor, izleyin ba\u015fka yerde 50 tane var. Pina yok, Mustafa yok ne oynayaca\u011f\u0131z Be\u015fikta\u015f ma\u00e7\u0131nda. 4&#8217;\u00fcnc\u00fc hakem, &#8216;Sakin&#8217; diyor bize. Tabii sakin, sakin kalay\u0131m. Sakin kalay\u0131m, ak\u015fam uyuyamayan bizleriz tabii. Sakin kalal\u0131m, tabii sakin kalal\u0131m. O konuda konu\u015facak \u00e7ok bir \u015fey yok.&#8221; dedi.<\/p>\n\n\n\n<p>Tekke, camiaya seslenerek, &#8220;Sizin \u00e7ocuklar\u0131n\u0131z, oyuncular\u0131n\u0131z de\u011ferli. \u0130yi i\u015fler yap\u0131yorlar. Bundan mutlu olaca\u011f\u0131z. 3&#8217;\u00fcnc\u00fcl\u00fc\u011f\u00fc ben kabul ediyor muyum, hayat\u0131mda \u00fc\u00e7\u00fcnc\u00fcl\u00fc\u011f\u00fc de\u011fil ikincili\u011fi kabul etmedim hi\u00e7bir \u015feyde. Ben yenece\u011fim. Ama oyun b\u00f6yle de\u011fil. Hayat ger\u00e7ekten b\u00f6yle de\u011fil. Ger\u00e7ekler var, Fatih ger\u00e7ekleri konu\u015funca herkes bir \u015feyler s\u00f6yl\u00fcyor. Ele\u015ftir, ele\u015ftir bir \u015fey olmaz. Ne oldu ne veriyorsun. \u00c7ok g\u00fczel s\u00f6zler var da&#8230;&#8221; diyerek s\u00f6zlerini tamamlad\u0131.<\/p>\n\n\n\n<h2 class=\"wp-block-heading\">Umut Nayir: &#8220;Halen ikincilik \u015fans\u0131m\u0131z var. Onu kovalayaca\u011f\u0131z&#8221;<\/h2>\n\n\n\n<p>Trabzonspor&#8217;da futbolculardan Umut Nayir, &#8220;\u00dc\u00e7\u00fcnc\u00fcl\u00fc\u011f\u00fc garantiledik, halen ikincilik \u015fans\u0131m\u0131z var. Onu kovalayaca\u011f\u0131z.&#8221; dedi.<\/p>\n\n\n\n<p>Papara Park&#8217;ta oynanan kar\u015f\u0131la\u015fman\u0131n ard\u0131ndan bas\u0131n mensuplar\u0131na a\u00e7\u0131klamada bulunan Umut Nayir, G\u00f6ztepe&#8217;nin analizi \u00e7ok kolay bir tak\u0131m oldu\u011funu belirterek, &#8220;Ligin ba\u015f\u0131ndan beri hatta birka\u00e7 senedir ayn\u0131 sistem, ayn\u0131 organizasyonu oynamaya \u00e7al\u0131\u015f\u0131yorlar oyuncular de\u011fi\u015fse de. Ama oynamas\u0131 zor bir tak\u0131m. \u00c7\u00fcnk\u00fc fiziksellikleri \u00e7ok y\u00fcksek, \u015fiddetli oynamaya \u00e7al\u0131\u015f\u0131yorlar ve agresiflikleri \u00e7ok y\u00fcksek. O y\u00fczden de ne kadar zay\u0131fl\u0131klar\u0131n\u0131 tespit ederseniz edin onlar\u0131n co\u015fkusuna, agresifli\u011fine cevap vermezseniz bizim gibi b\u00fcy\u00fck tak\u0131ma bile deplasmanda bile istedikleri oyunu oynayabiliyorlar.&#8221; diye konu\u015ftu.<\/p>\n\n\n\n<p>&#8220;\u0130kinci yar\u0131da zor durumda 10 ki\u015fi kalmam\u0131za ra\u011fmen g\u00f6sterdi\u011fimiz co\u015fkuyu belki ba\u015ftan g\u00f6stersek ikincilik yar\u0131\u015f\u0131nda belki daha iddial\u0131 olabilirdik.&#8221; diyen Umut Nayir, &#8220;G\u00fcn\u00fcn tesellisi olarak da \u015funu s\u00f6yleyebilirsin, tabii fikst\u00fcr k\u0131sald\u0131. \u00d6n\u00fcm\u00fczde kritik kupa ma\u00e7\u0131m\u0131z var. Onun \u00f6ncesinde b\u00f6yle zor bir tak\u0131ma kar\u015f\u0131 10 ki\u015fi de kalsak bir dirayet g\u00f6sterebilmek ve geri d\u00f6nebilmek de\u011ferli diye d\u00fc\u015f\u00fcn\u00fcyorum. Teselli olarak bunu al\u0131p belki ilk yar\u0131 yapt\u0131\u011f\u0131m\u0131z neleri eksik yapt\u0131k, belki duygu anlam\u0131nda neleri eksik yapt\u0131k onlar\u0131 d\u00fc\u015f\u00fcnmemiz laz\u0131m. \u00c7\u00fcnk\u00fc art\u0131k ligin son d\u00f6neminde formasyonlardan, stratejilerden ba\u011f\u0131ms\u0131z o duygular\u0131 koruyabilmek \u00f6nemli oluyor. Baz\u0131 hedefsiz tak\u0131mlar\u0131 g\u00f6r\u00fcyorsunuz \u00e7ok iddial\u0131yken \u00e7ok kolay kaybedebiliyorlar. Bizim hedefimiz vard\u0131 ama ilk yar\u0131 onu yans\u0131tamad\u0131k.&#8221; ifadelerini kulland\u0131.<\/p>\n\n\n\n<p>B\u00fcy\u00fck camialarda beklentinin her zaman y\u00fcksek oldu\u011funun alt\u0131n\u0131 \u00e7izen Umut Nayir, konu\u015fmas\u0131n\u0131 \u015f\u00f6yle s\u00fcrd\u00fcrd\u00fc:<\/p>\n\n\n\n<p>&#8220;\u00d6zellikle h\u00fccum hatt\u0131nda oynuyorsan\u0131z s\u00fcre buldu\u011funuz her anda bir \u015feyler g\u00f6sterebilmeniz laz\u0131m. Burada da i\u015fler iyi gitmedi\u011fi zaman, somut anlamda, skor anlam\u0131nda bir \u015feyler g\u00f6z\u00fckmedi\u011fi zaman insanlar belirli beklentileri kar\u015f\u0131lanmad\u0131\u011f\u0131nda tepki g\u00f6sterebiliyor. Art\u0131k 33 ya\u015f\u0131ma girece\u011fim ve bu s\u00fcre\u00e7lere \u00e7ok a\u015finay\u0131m. Hep i\u015fime bakmaya \u00e7al\u0131\u015ft\u0131m. Az laf, \u00e7ok i\u015f. Ne kadar i\u015fime odaklan\u0131rsam er ya da ge\u00e7 kar\u015f\u0131l\u0131\u011f\u0131n\u0131 al\u0131yoruz. Buraya gelirken de esas\u0131nda Fatih hocayla \u00e7al\u0131\u015fabilme heyecan\u0131yla da kat\u0131lmak istemi\u015ftim camiaya. B\u00fcy\u00fck bir camiada oynad\u0131\u011f\u0131n\u0131zda da katk\u0131 verdi\u011finiz zaman tabii ki yolunuz da daha kolayla\u015fabiliyor. Milli tak\u0131m i\u00e7in de benim ad\u0131ma daha pozitif olabilir diye gelmi\u015ftim. Beklentilerle geliyorsunuz, bazen istedikleriniz olmayabiliyor. K\u00f6t\u00fc y\u00f6nden bakmamaya \u00e7al\u0131\u015f\u0131yorum. \u015eimdi kritik bir s\u00fcre\u00e7teyiz. B\u00f6yle kritik anlarda belki \u015fans bulaca\u011f\u0131z de\u011ferlendirece\u011fiz. Farkl\u0131 senaryolar ya\u015fanacak. Destek veren ve yergide bulunan herkese de sayg\u0131 duyuyorum. \u0130\u015fime bak\u0131yorum.&#8221;<\/p>\n\n\n\n<p>Geriye d\u00f6n\u00fcp skorlara bakt\u0131klar\u0131 zaman 4 ma\u00e7ta kaybettikleri puanlar\u0131 toplay\u0131nca belki \u015fu anda \u015fampiyonluk yar\u0131\u015f\u0131n\u0131n en \u00f6nemli tak\u0131m\u0131 olacaklar\u0131na i\u015faret eden Umut Nayir, &#8220;Tabii ki pi\u015fmanl\u0131k olarak geriye d\u00f6n\u00fcp bakam\u0131yorsunuz \u00e7\u00fcnk\u00fc ma\u00e7 ma\u00e7 senaryolar de\u011fi\u015febiliyor. Buraya ge\u00e7 kat\u0131lsam da g\u00f6rebiliyorum. Baz\u0131 arkada\u015flar\u0131m\u0131n \u00fczerine \u00e7ok fazla y\u00fck bindi. Bazen rotasyonda zorlanabiliyoruz. \u00c7ok fazla arkada\u015f\u0131m\u0131z fedakarl\u0131k yaparak oynuyor. Bu s\u00fcre\u00e7leri y\u00f6netmek de kolay de\u011fil. \u00c7\u00fcnk\u00fc burada da yeniden bir hikaye yaz\u0131lmaya \u00e7al\u0131\u015f\u0131l\u0131yor. \u00c7ok fazla de\u011fi\u015fiklik oldu, gen\u00e7 arkada\u015flar\u0131m\u0131z var, camia k\u00fclt\u00fcr\u00fcne al\u0131\u015fmaya \u00e7al\u0131\u015f\u0131yorlar. S\u00fcreci ya\u015farken pi\u015fmanl\u0131klar\u0131 olsa da bence \u00e7ok g\u00fczel i\u015f ba\u015far\u0131yor bu ekip. Bu ekibin bir par\u00e7as\u0131 oldu\u011fum i\u00e7in \u00e7ok mutluyum. Kaybedilmi\u015f bir \u015fey yok. Biz burada sonunda ne noktada bitirirsek bitirelim bu tak\u0131m \u00e7ok iyi bir i\u015f yapt\u0131.&#8221; de\u011ferlendirmesinde bulundu.<\/p>\n\n\n\n<p>Umut Nayir, &#8220;B\u00fcy\u00fck ma\u00e7lar\u0131n co\u015fkusu, stadyumun atmosferi ekstra bir motivasyona ihtiya\u00e7 duymadan tetiklenmeni sa\u011fl\u0131yor. Bence iyi ayakta durduk, iyi reaksiyon verdik. \u00dcz\u00fcc\u00fc k\u0131s\u0131m \u015fu, 4 ma\u00e7ta 6 puan fazla alm\u0131\u015f olsayd\u0131k \u015fu an ba\u015fka hikaye anlatabilirdik.&#8221; dedi.<\/p>\n\n\n\n<p>Ligde ikincilik \u015fanslar\u0131yla ilgili olarak Umut Nayir, &#8220;Fatih hoca ben buraya kat\u0131lmadan \u00f6nce bas\u0131n toplant\u0131lar\u0131nda ilk haftalardan beri 1 veya 4 nerede bitirebilirsek bizim i\u00e7in uygun demi\u015fti. 4&#8217;\u00fc garantiledik sonra 3&#8217;\u00fc garantileyelim dedik. \u00dc\u00e7\u00fcnc\u00fcl\u00fc\u011f\u00fc garantiledik, halen ikincilik \u015fans\u0131m\u0131z var. Onu kovalayaca\u011f\u0131z. G\u00fczel bir ma\u00e7 olaca\u011f\u0131n\u0131 d\u00fc\u015f\u00fcn\u00fcyorum. \u0130\u015fimize bak\u0131p sonra kupa ma\u00e7\u0131na haz\u0131r olmaya \u00e7al\u0131\u015faca\u011f\u0131z.&#8221; ifadelerini kulland\u0131.<\/p>\n\n\n\n<h2 class=\"wp-block-heading\">Nwaiwu: \u201cZor bir ma\u00e7 oldu\u201d<\/h2>\n\n\n\n<p>Trabzonsporlu futbolcu Chibuike Nwaiwu da zor bir ma\u00e7 oldu\u011funu vurgulayarak, &#8220;Maalesef istedi\u011fimiz gibi olmad\u0131.&#8221; dedi.<\/p>\n\n\n\n<p>Taraftarlara te\u015fekk\u00fcr eden Nwaiwu, &#8220;Onlar i\u00e7in bu ma\u00e7\u0131 kazanmak istemi\u015ftik ama maalesef istedi\u011fimiz gibi olmad\u0131. Bizim ad\u0131m\u0131za zor bir ma\u00e7 oldu. Bug\u00fcn ald\u0131\u011f\u0131m\u0131z bir puan g\u00f6sterdi\u011fimiz m\u00fccadeleden sonra \u00f6nemli diye d\u00fc\u015f\u00fcn\u00fcyorum. Futbolda kimse sakatlanmak istemez ama sakatl\u0131k futbolun bir par\u00e7as\u0131. Savic, Batagov \u00e7ok iyi oyuncular. Onlar\u0131n eksikli\u011fi durumunda profesyoneller olarak elimizden gelen en iyi m\u00fccadeleyi vermeye \u00e7al\u0131\u015f\u0131yoruz.&#8221; \u015feklinde konu\u015ftu.<\/p>\n\n\n\n<p>Be\u015fikta\u015f ma\u00e7\u0131n\u0131n zor bir kar\u015f\u0131la\u015fma olaca\u011f\u0131n\u0131 kaydeden Nwaiwu, \u015funlar\u0131 kaydetti:<\/p>\n\n\n\n<p>&#8220;Geldi\u011fim ilk andan itibaren hep sevgi ve destek g\u00f6rd\u00fcm. Hep evimdeymi\u015fim gibi, sanki ailemin yan\u0131ndaym\u0131\u015f\u0131m gibi hissettirdiler. Ben de bu kar\u015f\u0131l\u0131\u011f\u0131 vermeye \u00e7al\u0131\u015f\u0131yorum. Taraftarlar\u0131m\u0131z\u0131 mutlu etmeye \u00e7al\u0131\u015f\u0131yorum. Be\u015fikta\u015f ma\u00e7\u0131 elbette zor bir ma\u00e7 olacak. Her ma\u00e7ta oldu\u011fu gibi 3 puanla ayr\u0131labilmek ad\u0131na en iyimizi vermeye \u00e7al\u0131\u015faca\u011f\u0131z. Ligde \u00e7ok harika oyuncular var. Avrupa&#8217;n\u0131n say\u0131l\u0131 liglerden birisi oldu\u011funu d\u00fc\u015f\u00fcn\u00fcyorum. \u00c7\u00fcnk\u00fc \u015fiddetli ve yo\u011fun ma\u00e7lar oynan\u0131yor.&#8221;<\/p>\n","protected":false},"excerpt":{"rendered":"<p>Trendyol S\u00fcper Lig&#8217;in 32. haftas\u0131nda Trabzonspor ile G\u00f6ztepe 1-1 berabere kald\u0131. Trabzon Trendyol S\u00fcper Lig\u2019in 32. haftas\u0131nda Trabzonspor ile G\u00f6ztepe, Papara Park\u2019ta kar\u015f\u0131la\u015ft\u0131. \u0130lk yar\u0131 11. dakikada Janderson&#8217;un sa\u011f taraftan \u00e7\u0131kard\u0131\u011f\u0131 pas\u0131 penalt\u0131 noktas\u0131 yak\u0131n\u0131nda Juan kaleye g\u00f6nderdi ancak me\u015fin yuvarlak \u00fcst direkten d\u00f6nd\u00fc. 24. dakikada ceza alan\u0131 d\u0131\u015f\u0131ndan Mu\u00e7i&#8217;nin yerden sert \u015futunda, kaleci Lis<\/p>\n","protected":false},"author":1,"featured_media":617,"comment_status":"open","ping_status":"open","sticky":false,"template":"","format":"standard","meta":{"_rtcl_gb_attr":"","footnotes":""},"categories":[3],"tags":[],"class_list":["post-616","post","type-post","status-publish","format-standard","has-post-thumbnail","hentry","category-spor"],"_links":{"self":[{"href":"https:\/\/turkiyemhaber.com\/index.php?rest_route=\/wp\/v2\/posts\/616","targetHints":{"allow":["GET"]}}],"collection":[{"href":"https:\/\/turkiyemhaber.com\/index.php?rest_route=\/wp\/v2\/posts"}],"about":[{"href":"https:\/\/turkiyemhaber.com\/index.php?rest_route=\/wp\/v2\/types\/post"}],"author":[{"embeddable":true,"href":"https:\/\/turkiyemhaber.com\/index.php?rest_route=\/wp\/v2\/users\/1"}],"replies":[{"embeddable":true,"href":"https:\/\/turkiyemhaber.com\/index.php?rest_route=%2Fwp%2Fv2%2Fcomments&post=616"}],"version-history":[{"count":1,"href":"https:\/\/turkiyemhaber.com\/index.php?rest_route=\/wp\/v2\/posts\/616\/revisions"}],"predecessor-version":[{"id":618,"href":"https:\/\/turkiyemhaber.com\/index.php?rest_route=\/wp\/v2\/posts\/616\/revisions\/618"}],"wp:featuredmedia":[{"embeddable":true,"href":"https:\/\/turkiyemhaber.com\/index.php?rest_route=\/wp\/v2\/media\/617"}],"wp:attachment":[{"href":"https:\/\/turkiyemhaber.com\/index.php?rest_route=%2Fwp%2Fv2%2Fmedia&parent=616"}],"wp:term":[{"taxonomy":"category","embeddable":true,"href":"https:\/\/turkiyemhaber.com\/index.php?rest_route=%2Fwp%2Fv2%2Fcategories&post=616"},{"taxonomy":"post_tag","embeddable":true,"href":"https:\/\/turkiyemhaber.com\/index.php?rest_route=%2Fwp%2Fv2%2Ftags&post=616"}],"curies":[{"name":"wp","href":"https:\/\/api.w.org\/{rel}","templated":true}]}}