{"id":610,"date":"2026-05-02T22:13:06","date_gmt":"2026-05-02T22:13:06","guid":{"rendered":"https:\/\/turkiyemhaber.com\/?p=610"},"modified":"2026-05-02T22:13:11","modified_gmt":"2026-05-02T22:13:11","slug":"adana-ve-mersindeki-kobilerin-yesil-donusumune-temiz-uretim-ve-dijitallesme-odakli-destek","status":"publish","type":"post","link":"https:\/\/turkiyemhaber.com\/?p=610","title":{"rendered":"Adana ve Mersin&#8217;deki KOB\u0130&#8217;lerin &#8220;ye\u015fil d\u00f6n\u00fc\u015f\u00fcm\u00fc&#8221;ne temiz \u00fcretim ve dijitalle\u015fme odakl\u0131 destek"},"content":{"rendered":"\n<p>Sanayi ve Teknoloji Bakanl\u0131\u011f\u0131nca, \u00c7ukurova Kalk\u0131nma Ajans\u0131 (\u00c7KA) arac\u0131l\u0131\u011f\u0131yla Adana ve Mersin&#8217;deki faaliyet g\u00f6steren KOB\u0130&#8217;lerin, ye\u015fil ge\u00e7i\u015fe konu faaliyetleri i\u00e7in 400 milyon lira destek verilerek yat\u0131r\u0131mlar\u0131n b\u00fcy\u00fcmesine katk\u0131 sa\u011flanacak.<\/p>\n\n\n\n<p>Ankara<\/p>\n\n\n\n<p>Anadolu Ajans\u0131n\u0131n &#8220;KOB\u0130&#8217;lere &#8216;Ye\u015fil&#8217; Destek&#8221; ba\u015fl\u0131kl\u0131 dosyas\u0131n\u0131n d\u00f6rd\u00fcnc\u00fc haberinde, \u00c7KA taraf\u0131ndan &#8220;T\u00fcrkiye Sosyal Kapsay\u0131c\u0131 Ye\u015fil Ge\u00e7i\u015f (SoGreen) Projesi Geri \u00d6demeli Finansman Deste\u011fi&#8221; \u00e7er\u00e7evesinde sa\u011flanacak desteklere ili\u015fkin bilgiye yer verildi.<\/p>\n\n\n\n<p><a href=\"https:\/\/aa.com.tr\/tr\/dosya-haber\/dosya-kobilere-yesil-destek\/3921993\"><\/a><\/p>\n\n\n\n<p><a href=\"https:\/\/aa.com.tr\/tr\/dosya-haber\/dosya-kobilere-yesil-destek\/3921993\">DOSYA: KOB\u0130&#8217;lere &#8220;Ye\u015fil&#8221; Destek<\/a><\/p>\n\n\n\n<p>Uluslararas\u0131 \u0130mar ve Kalk\u0131nma Bankas\u0131 finansman\u0131yla y\u00fcr\u00fct\u00fclen SoGreen Projesi kapsam\u0131nda, 400 milyon dolar kaynak sa\u011flanacak ve bu kaynak, kalk\u0131nma ajanslar\u0131 arac\u0131l\u0131\u011f\u0131yla 81 ilde ye\u015fil d\u00f6n\u00fc\u015f\u00fcm projelerine aktar\u0131lacak. Bu do\u011frultuda 7 y\u0131l s\u00fcrecek proje ile KOB\u0130&#8217;ler, kooperatifler ve benzeri yap\u0131lar\u0131n s\u00fcrd\u00fcr\u00fclebilir istihdam olu\u015fturan projeleri desteklenecek. Ayr\u0131ca, yerelde \u00e7evre dostu ve yenilik\u00e7i altyap\u0131 yat\u0131r\u0131mlar\u0131na da \u00f6ncelik verilecek.<\/p>\n\n\n\n<h2 class=\"wp-block-heading\">Adana ve Mersin&#8217;de imalat sanayine yat\u0131r\u0131m\u0131 yapan KOB\u0130&#8217;lere destek<\/h2>\n\n\n\n<p>\u00c7KA taraf\u0131ndan, Adana ve Mersin&#8217;deki yerle\u015fik KOB\u0130&#8217;lerin ye\u015fil ge\u00e7i\u015fe konu faaliyetleri i\u00e7in SoGreen Projesi \u00e7er\u00e7evesinde 400 milyon lira destek sunulacak.<\/p>\n\n\n\n<p>S\u00f6z konusu illerde hayata ge\u00e7irilecek yat\u0131r\u0131mlar i\u00e7in proje ba\u015f\u0131na, asgari 2,5 milyon lira, azami 6 milyon lira destek verilmesi planlan\u0131yor. Projeyle, \u00c7ukurova B\u00f6lgesi ye\u015fil ge\u00e7i\u015f s\u00fcrecinde kad\u0131nlar\u0131n ve gen\u00e7lerin istihdam edilebilirliklerinin art\u0131r\u0131lmas\u0131 amac\u0131yla imalat sanayinde faaliyet g\u00f6steren KOB\u0130&#8217;lerin \u00fcretim s\u00fcre\u00e7lerinde ve i\u015f modellerinde ye\u015fil ge\u00e7i\u015fi h\u0131zland\u0131rmak, kaynak verimlili\u011fini art\u0131rmak ve d\u00f6ng\u00fcsel ekonomi uygulamalar\u0131n\u0131n yayg\u0131nla\u015ft\u0131r\u0131lmas\u0131 i\u00e7in destek sa\u011flanmas\u0131 hedefleniyor.<\/p>\n\n\n\n<p>Bu kapsamda i\u015fletmelerin, s\u0131n\u0131rda karbon d\u00fczenlemesi gibi yeni \u00e7evresel y\u00fck\u00fcml\u00fcl\u00fcklere uyum sa\u011flayarak, ihracatta rekabet avantajlar\u0131n\u0131 korumalar\u0131 ve ye\u015fil ge\u00e7i\u015fi \u00fcretim s\u00fcre\u00e7lerine entegre etmeleri bekleniyor.<\/p>\n\n\n\n<p>Projeyle temiz \u00fcretim, kaynak verimlili\u011fi, karbon azalt\u0131m\u0131 ve dijitalle\u015fme odakl\u0131 yat\u0131r\u0131mlarla, b\u00f6lgesel rekabet g\u00fcc\u00fcn\u00fcn art\u0131r\u0131lmas\u0131 katk\u0131 sa\u011flayan KOB\u0130&#8217;lere destek aktar\u0131lacak.<\/p>\n\n\n\n<p>KOB\u0130&#8217;lere belirlenen \u00f6nceliklere ili\u015fkin yat\u0131r\u0131mlara, 6 ay\u0131 geri \u00f6demesiz, 24 ay e\u015fit taksitlerle geri \u00f6demeli toplam 30 ay vadeli, herhangi bir faiz ya da kar pay\u0131 olmaks\u0131z\u0131n destek sa\u011flanacak. Proje faaliyetlerinin tamam\u0131n\u0131n, s\u00f6zle\u015fme tarihinden itibaren en ge\u00e7 6 ay i\u00e7inde tamamlanmas\u0131 gerekecek.<\/p>\n\n\n\n<h2 class=\"wp-block-heading\">\u0130klim de\u011fi\u015fikli\u011fiyle m\u00fccadele eden projelere \u00f6ncelik<\/h2>\n\n\n\n<p>Proje \u00e7er\u00e7evesinde belirlenen kriterleri sa\u011flayan i\u015fletmelere, de\u011ferlendirme s\u00fcrecinde avantaj puan verilecek.<\/p>\n\n\n\n<p>Buna g\u00f6re, kad\u0131nlar veya 18-35 ya\u015f aral\u0131\u011f\u0131ndaki gen\u00e7lerin sahip oldu\u011fu ya da y\u00f6nettikleri KOB\u0130&#8217;ler ile y\u00f6netim kadrosunun y\u00fczde 50&#8217;sinden fazlas\u0131, kad\u0131nlardan veya gen\u00e7lerden olu\u015fan i\u015fletmeler \u00f6ncelikli olarak de\u011ferlendirilecek. Ortakl\u0131k yap\u0131s\u0131na sahip KOB\u0130&#8217;lerde ise ortaklar\u0131n y\u00fczde 50&#8217;sinden fazlas\u0131n\u0131n kad\u0131nlara veya gen\u00e7lere ait olmas\u0131 durumunda, i\u015fletmeler avantajl\u0131 olacak.<\/p>\n\n\n\n<p>Kad\u0131nlar, gen\u00e7ler ve di\u011fer k\u0131r\u0131lgan gruplara y\u00f6nelik yeni istihdam olu\u015fturmay\u0131 hedefleyen projelere de ilave puan sa\u011flanacak. B\u00f6lge plan\u0131 ile b\u00f6lgesel geli\u015fmeye y\u00f6nelik haz\u0131rlanan di\u011fer strateji ve analiz raporlar\u0131nda ye\u015fil ge\u00e7i\u015f s\u00fcrecinden daha fazla etkilenebilece\u011fi belirlenen il ve il\u00e7elerde y\u00fcr\u00fct\u00fclecek projelere de destek s\u00fcrecinde \u00f6ncelik verilecek.<\/p>\n\n\n\n<p>Ayr\u0131ca, i\u015fletmelerin personeline, Kamu G\u00f6zetimi Muhasebe ve Denetim Standartlar\u0131 Kurumunca akredite edilen kurulu\u015flarca kurumsal s\u00fcrd\u00fcr\u00fclebilirlik raporlamas\u0131 e\u011fitimi ald\u0131rmas\u0131 da de\u011ferlendirme s\u00fcrecinde avantaj kazand\u0131racak.<\/p>\n\n\n\n<p>Desteklenecek projelerin Avrupa Birli\u011fi 2020 Ye\u015fil Taksonomisi&#8217;nde yer alan \u00e7evresel hedeflerden en az birine katk\u0131 sa\u011flamas\u0131 bekleniyor.<\/p>\n\n\n\n<p>\u0130klim de\u011fi\u015fikli\u011fiyle m\u00fccadele, do\u011fal kaynaklar\u0131n korunmas\u0131, d\u00f6ng\u00fcsel ekonomi ve \u00e7evrenin korunmas\u0131 gibi hedeflere odaklanan proje kapsam\u0131nda \u00f6zellikle kad\u0131nlar, gen\u00e7ler ve k\u0131r\u0131lgan gruplara yeni istihdam olu\u015fturan ya da mevcut \u00e7al\u0131\u015fanlar\u0131n i\u015f ko\u015fullar\u0131n\u0131 iyile\u015ftiren proje tekliflerine \u00f6ncelik sa\u011flanacak.<\/p>\n","protected":false},"excerpt":{"rendered":"<p>Sanayi ve Teknoloji Bakanl\u0131\u011f\u0131nca, \u00c7ukurova Kalk\u0131nma Ajans\u0131 (\u00c7KA) arac\u0131l\u0131\u011f\u0131yla Adana ve Mersin&#8217;deki faaliyet g\u00f6steren KOB\u0130&#8217;lerin, ye\u015fil ge\u00e7i\u015fe konu faaliyetleri i\u00e7in 400 milyon lira destek verilerek yat\u0131r\u0131mlar\u0131n b\u00fcy\u00fcmesine katk\u0131 sa\u011flanacak. Ankara Anadolu Ajans\u0131n\u0131n &#8220;KOB\u0130&#8217;lere &#8216;Ye\u015fil&#8217; Destek&#8221; ba\u015fl\u0131kl\u0131 dosyas\u0131n\u0131n d\u00f6rd\u00fcnc\u00fc haberinde, \u00c7KA taraf\u0131ndan &#8220;T\u00fcrkiye Sosyal Kapsay\u0131c\u0131 Ye\u015fil Ge\u00e7i\u015f (SoGreen) Projesi Geri \u00d6demeli Finansman Deste\u011fi&#8221; \u00e7er\u00e7evesinde sa\u011flanacak desteklere<\/p>\n","protected":false},"author":1,"featured_media":611,"comment_status":"open","ping_status":"open","sticky":false,"template":"","format":"standard","meta":{"_rtcl_gb_attr":"","footnotes":""},"categories":[14],"tags":[],"class_list":["post-610","post","type-post","status-publish","format-standard","has-post-thumbnail","hentry","category-ekonomi"],"_links":{"self":[{"href":"https:\/\/turkiyemhaber.com\/index.php?rest_route=\/wp\/v2\/posts\/610","targetHints":{"allow":["GET"]}}],"collection":[{"href":"https:\/\/turkiyemhaber.com\/index.php?rest_route=\/wp\/v2\/posts"}],"about":[{"href":"https:\/\/turkiyemhaber.com\/index.php?rest_route=\/wp\/v2\/types\/post"}],"author":[{"embeddable":true,"href":"https:\/\/turkiyemhaber.com\/index.php?rest_route=\/wp\/v2\/users\/1"}],"replies":[{"embeddable":true,"href":"https:\/\/turkiyemhaber.com\/index.php?rest_route=%2Fwp%2Fv2%2Fcomments&post=610"}],"version-history":[{"count":1,"href":"https:\/\/turkiyemhaber.com\/index.php?rest_route=\/wp\/v2\/posts\/610\/revisions"}],"predecessor-version":[{"id":612,"href":"https:\/\/turkiyemhaber.com\/index.php?rest_route=\/wp\/v2\/posts\/610\/revisions\/612"}],"wp:featuredmedia":[{"embeddable":true,"href":"https:\/\/turkiyemhaber.com\/index.php?rest_route=\/wp\/v2\/media\/611"}],"wp:attachment":[{"href":"https:\/\/turkiyemhaber.com\/index.php?rest_route=%2Fwp%2Fv2%2Fmedia&parent=610"}],"wp:term":[{"taxonomy":"category","embeddable":true,"href":"https:\/\/turkiyemhaber.com\/index.php?rest_route=%2Fwp%2Fv2%2Fcategories&post=610"},{"taxonomy":"post_tag","embeddable":true,"href":"https:\/\/turkiyemhaber.com\/index.php?rest_route=%2Fwp%2Fv2%2Ftags&post=610"}],"curies":[{"name":"wp","href":"https:\/\/api.w.org\/{rel}","templated":true}]}}