{"id":607,"date":"2026-05-02T22:11:43","date_gmt":"2026-05-02T22:11:43","guid":{"rendered":"https:\/\/turkiyemhaber.com\/?p=607"},"modified":"2026-05-02T22:11:48","modified_gmt":"2026-05-02T22:11:48","slug":"asyanin-ekonomik-gelecegi-savaslarin-golgesinde-semerkantta-tartisilacak","status":"publish","type":"post","link":"https:\/\/turkiyemhaber.com\/?p=607","title":{"rendered":"Asya&#8217;n\u0131n ekonomik gelece\u011fi sava\u015flar\u0131n g\u00f6lgesinde Semerkant&#8217;ta tart\u0131\u015f\u0131lacak"},"content":{"rendered":"\n<p>Asya ve Pasifik b\u00f6lgesinin dayan\u0131kl\u0131 ve s\u00fcrd\u00fcr\u00fclebilir b\u00fcy\u00fcme kapasitesi ile gelece\u011fini \u015fekillendirmenin ele al\u0131naca\u011f\u0131 Asya Kalk\u0131nma Bankas\u0131n\u0131n (AKB) 59. Y\u0131ll\u0131k Y\u00f6netim Kurulu Toplant\u0131s\u0131, 3-6 May\u0131s&#8217;ta Semerkant&#8217;ta ger\u00e7ekle\u015ftirilecek.<\/p>\n\n\n\n<p>Ankara<\/p>\n\n\n\n<p>AA muhabirinin derledi\u011fi bilgiye g\u00f6re ge\u00e7en y\u0131l \u0130talya&#8217;n\u0131n Milano kentinde d\u00fczenlenen toplant\u0131, bu y\u0131l \u00d6zbekistan&#8217;\u0131n Semerkant \u015fehrinde \u00fcye \u00fclkeleri bulu\u015fturacak.<\/p>\n\n\n\n<p>Politika yap\u0131c\u0131lar\u0131, \u00f6zel sekt\u00f6r liderlerini, kalk\u0131nma ortaklar\u0131n\u0131 bir araya getirecek etkinlik, &#8220;\u0130lerlemenin D\u00f6n\u00fcm Noktas\u0131: B\u00f6lgenin Ba\u011flant\u0131l\u0131 Gelece\u011fini \u015eekillendirmek&#8221; temas\u0131yla yar\u0131n ba\u015flayacak ve 6 May\u0131s&#8217;a kadar devam edecek.<\/p>\n\n\n\n<p>Bu y\u0131lki toplant\u0131, ba\u011flant\u0131, dijital inovasyon ve yenilik\u00e7i finansman alanlar\u0131nda pratik \u00e7\u00f6z\u00fcmler geli\u015ftirme, b\u00f6lgenin dayan\u0131kl\u0131 ve s\u00fcrd\u00fcr\u00fclebilir b\u00fcy\u00fcme kapasitesini g\u00fc\u00e7lendirme konular\u0131 etraf\u0131nda \u015fekillenecek.<\/p>\n\n\n\n<p>Tedarik zincirlerinin g\u00f6zden ge\u00e7irildi\u011fi, teknoloji ve yapay zekan\u0131n \u00fcretimi yeniden tan\u0131mlad\u0131\u011f\u0131 bu d\u00f6nemde, toplant\u0131dan Asya ve Pasifik b\u00f6lgesinin gelece\u011fine ili\u015fkin \u00e7\u0131kt\u0131lar\u0131n al\u0131nmas\u0131 bekleniyor.<\/p>\n\n\n\n<h2 class=\"wp-block-heading\">Sava\u015flar\u0131n etkileri de masada<\/h2>\n\n\n\n<p>Rusya-Ukrayna Sava\u015f\u0131&#8217;n\u0131n ard\u0131ndan ABD\/\u0130srail-\u0130ran Sava\u015f\u0131&#8217;n\u0131n yeniden g\u00fcndeme getirdi\u011fi enerji arz ve g\u00fcvenli\u011fi ise toplant\u0131da b\u00f6lge \u00fclkelerinin odakland\u0131\u011f\u0131 ana konulardan biri olacak.<\/p>\n\n\n\n<p>Asya ve Pasifik b\u00f6lgesinin ekonomik b\u00fcy\u00fcmesi, dayan\u0131kl\u0131l\u0131\u011f\u0131 ve s\u00fcrd\u00fcr\u00fclebilirli\u011fi i\u00e7in enerji ba\u011flant\u0131s\u0131n\u0131n \u00f6nemi panellerde ele al\u0131nacak.<\/p>\n\n\n\n<p>Ayr\u0131ca, 2030&#8217;a kadar yenilenebilir enerji entegrasyonunun h\u0131zland\u0131r\u0131lmas\u0131 amac\u0131yla yap\u0131labilecek \u00e7al\u0131\u015fmalar da masaya yat\u0131r\u0131lacak.<\/p>\n\n\n\n<p>Semerkant&#8217;\u0131n 50&#8217;den fazla toplant\u0131, panel ve ikili g\u00f6r\u00fc\u015fmeye ev sahipli\u011fi yapaca\u011f\u0131 etkinli\u011fin gelecek y\u0131l Japonya&#8217;n\u0131n Nagoya \u015fehrinde d\u00fczenlenmesi planlan\u0131yor.<\/p>\n\n\n\n<h2 class=\"wp-block-heading\">T\u00fcrkiye 1991&#8217;den beri \u00fcye<\/h2>\n\n\n\n<p>1966 y\u0131l\u0131nda 31 \u00fcyeyle kurulan bankan\u0131n 19&#8217;u b\u00f6lge d\u0131\u015f\u0131, 50&#8217;si ise Asya-Pasifik b\u00f6lgesinden toplam 69 \u00fcyesi bulunuyor.<\/p>\n\n\n\n<p>T\u00fcrkiye&#8217;nin 1991&#8217;de \u00fcye oldu\u011fu banka, ge\u00e7en y\u0131l kendi kaynaklar\u0131ndan toplam 29,3 milyar dolar taahh\u00fctte bulundu.<\/p>\n\n\n\n<p>AKB Ba\u015fkan\u0131 Masato Kanda 12-13 Kas\u0131m 2025&#8217;te T\u00fcrkiye&#8217;ye ilk resmi ziyaretini ger\u00e7ekle\u015ftirdi.<\/p>\n\n\n\n<p>T\u00fcrkiye, ge\u00e7en y\u0131l AKB&#8217;den, Kahramanmara\u015f merkezli depremlerden etkilenen ihracat\u00e7\u0131lar i\u00e7in 500 milyon avro, b\u00f6lgenin toparlanma s\u00fcrecine y\u00f6nelik de 150 milyon avro ve 150 milyon dolar finansman temin etmi\u015fti.<\/p>\n\n\n\n<p>Ayr\u0131ca AKB, T\u00fcrkiye&#8217;nin en b\u00fcy\u00fck d\u0131\u015f finansmanl\u0131 demir yolu projesi olan ve Yavuz Sultan Selim K\u00f6pr\u00fcs\u00fc&#8217;nden ge\u00e7ecek Kuzey \u00c7evre Demir Yolu Projesi&#8217;ne finansman sa\u011flanmas\u0131 i\u00e7in \u00f6n mutabakata var\u0131lan kurumlar aras\u0131nda da yer al\u0131yor.<\/p>\n","protected":false},"excerpt":{"rendered":"<p>Asya ve Pasifik b\u00f6lgesinin dayan\u0131kl\u0131 ve s\u00fcrd\u00fcr\u00fclebilir b\u00fcy\u00fcme kapasitesi ile gelece\u011fini \u015fekillendirmenin ele al\u0131naca\u011f\u0131 Asya Kalk\u0131nma Bankas\u0131n\u0131n (AKB) 59. Y\u0131ll\u0131k Y\u00f6netim Kurulu Toplant\u0131s\u0131, 3-6 May\u0131s&#8217;ta Semerkant&#8217;ta ger\u00e7ekle\u015ftirilecek. Ankara AA muhabirinin derledi\u011fi bilgiye g\u00f6re ge\u00e7en y\u0131l \u0130talya&#8217;n\u0131n Milano kentinde d\u00fczenlenen toplant\u0131, bu y\u0131l \u00d6zbekistan&#8217;\u0131n Semerkant \u015fehrinde \u00fcye \u00fclkeleri bulu\u015fturacak. Politika yap\u0131c\u0131lar\u0131, \u00f6zel sekt\u00f6r liderlerini, kalk\u0131nma ortaklar\u0131n\u0131<\/p>\n","protected":false},"author":1,"featured_media":608,"comment_status":"open","ping_status":"open","sticky":false,"template":"","format":"standard","meta":{"_rtcl_gb_attr":"","footnotes":""},"categories":[14],"tags":[],"class_list":["post-607","post","type-post","status-publish","format-standard","has-post-thumbnail","hentry","category-ekonomi"],"_links":{"self":[{"href":"https:\/\/turkiyemhaber.com\/index.php?rest_route=\/wp\/v2\/posts\/607","targetHints":{"allow":["GET"]}}],"collection":[{"href":"https:\/\/turkiyemhaber.com\/index.php?rest_route=\/wp\/v2\/posts"}],"about":[{"href":"https:\/\/turkiyemhaber.com\/index.php?rest_route=\/wp\/v2\/types\/post"}],"author":[{"embeddable":true,"href":"https:\/\/turkiyemhaber.com\/index.php?rest_route=\/wp\/v2\/users\/1"}],"replies":[{"embeddable":true,"href":"https:\/\/turkiyemhaber.com\/index.php?rest_route=%2Fwp%2Fv2%2Fcomments&post=607"}],"version-history":[{"count":1,"href":"https:\/\/turkiyemhaber.com\/index.php?rest_route=\/wp\/v2\/posts\/607\/revisions"}],"predecessor-version":[{"id":609,"href":"https:\/\/turkiyemhaber.com\/index.php?rest_route=\/wp\/v2\/posts\/607\/revisions\/609"}],"wp:featuredmedia":[{"embeddable":true,"href":"https:\/\/turkiyemhaber.com\/index.php?rest_route=\/wp\/v2\/media\/608"}],"wp:attachment":[{"href":"https:\/\/turkiyemhaber.com\/index.php?rest_route=%2Fwp%2Fv2%2Fmedia&parent=607"}],"wp:term":[{"taxonomy":"category","embeddable":true,"href":"https:\/\/turkiyemhaber.com\/index.php?rest_route=%2Fwp%2Fv2%2Fcategories&post=607"},{"taxonomy":"post_tag","embeddable":true,"href":"https:\/\/turkiyemhaber.com\/index.php?rest_route=%2Fwp%2Fv2%2Ftags&post=607"}],"curies":[{"name":"wp","href":"https:\/\/api.w.org\/{rel}","templated":true}]}}