{"id":595,"date":"2026-05-02T22:06:33","date_gmt":"2026-05-02T22:06:33","guid":{"rendered":"https:\/\/turkiyemhaber.com\/?p=595"},"modified":"2026-05-02T22:06:37","modified_gmt":"2026-05-02T22:06:37","slug":"cumhurbaskani-yardimcisi-yilmaz-vatandaslarimizin-refahini-kalici-olarak-artirmayi-hedefliyoruz","status":"publish","type":"post","link":"https:\/\/turkiyemhaber.com\/?p=595","title":{"rendered":"Cumhurba\u015fkan\u0131 Yard\u0131mc\u0131s\u0131 Y\u0131lmaz: Vatanda\u015flar\u0131m\u0131z\u0131n refah\u0131n\u0131 kal\u0131c\u0131 olarak art\u0131rmay\u0131 hedefliyoruz"},"content":{"rendered":"\n<p>Cumhurba\u015fkan\u0131 Yard\u0131mc\u0131s\u0131 Y\u0131lmaz, &#8220;S\u00fcrd\u00fcr\u00fclebilir ve kapsay\u0131c\u0131 b\u00fcy\u00fcmeyi destekleyerek vatanda\u015flar\u0131m\u0131z\u0131n refah\u0131n\u0131 kal\u0131c\u0131 olarak art\u0131rmay\u0131 hedefliyoruz.&#8221; dedi.<\/p>\n\n\n\n<p>Ankara<\/p>\n\n\n\n<p>Cevdet Y\u0131lmaz, NSosyal hesab\u0131ndan, nisan ay\u0131 d\u0131\u015f ticaret verilerine ili\u015fkin payla\u015f\u0131mda bulundu.<\/p>\n\n\n\n<p>\u0130hracat\u0131n, k\u00fcresel ekonomide artan belirsizlikler ve jeopolitik gerilimlere ra\u011fmen nisan ay\u0131nda g\u00fc\u00e7l\u00fc bir performans sergiledi\u011fini belirten Y\u0131lmaz, \u015funlar\u0131 kaydetti:<\/p>\n\n\n\n<p>&#8220;Nisan ay\u0131nda ihracat\u0131m\u0131z y\u0131ll\u0131k y\u00fczde 22,3 art\u0131\u015fla 25,4 milyar dolar olarak ger\u00e7ekle\u015firken, y\u0131ll\u0131kland\u0131r\u0131lm\u0131\u015f ihracat\u0131m\u0131z 275,8 milyar dolar ile Cumhuriyet tarihimizin en y\u00fcksek seviyesine ula\u015fm\u0131\u015ft\u0131r. Ticarette korumac\u0131l\u0131k e\u011filimlerinin g\u00fc\u00e7lendi\u011fi, k\u00fcresel talep g\u00f6r\u00fcn\u00fcm\u00fcn\u00fcn zay\u0131flad\u0131\u011f\u0131 ve jeopolitik risklerin artt\u0131\u011f\u0131 bu d\u00f6nemde; yat\u0131r\u0131m, istihdam, \u00fcretim ve ihracat odakl\u0131 yakla\u015f\u0131m\u0131m\u0131zla makroekonomik istikrar\u0131m\u0131z\u0131 g\u00fc\u00e7lendirmeye ve s\u00fcrd\u00fcr\u00fclebilir b\u00fcy\u00fcme altyap\u0131s\u0131n\u0131 sa\u011flamla\u015ft\u0131rmaya devam ediyoruz.<\/p>\n\n\n\n<p>T\u00fcrkiye Y\u00fczy\u0131l\u0131 vizyonu do\u011frultusunda \u00fcretimde d\u00f6n\u00fc\u015f\u00fcm\u00fc h\u0131zland\u0131ran, verimlili\u011fi ve rekabet g\u00fcc\u00fcn\u00fc art\u0131ran, yat\u0131r\u0131m ortam\u0131n\u0131 iyile\u015ftiren ve \u00fclkemize d\u00f6viz kazand\u0131ran sekt\u00f6rleri destekleyen politikalar\u0131m\u0131z\u0131 g\u00fc\u00e7l\u00fc bir koordinasyon i\u00e7erisinde kararl\u0131l\u0131kla uyguluyoruz. B\u00f6ylece s\u00fcrd\u00fcr\u00fclebilir ve kapsay\u0131c\u0131 b\u00fcy\u00fcmeyi destekleyerek vatanda\u015flar\u0131m\u0131z\u0131n refah\u0131n\u0131 kal\u0131c\u0131 olarak art\u0131rmay\u0131 hedefliyoruz.&#8221;<\/p>\n","protected":false},"excerpt":{"rendered":"<p>Cumhurba\u015fkan\u0131 Yard\u0131mc\u0131s\u0131 Y\u0131lmaz, &#8220;S\u00fcrd\u00fcr\u00fclebilir ve kapsay\u0131c\u0131 b\u00fcy\u00fcmeyi destekleyerek vatanda\u015flar\u0131m\u0131z\u0131n refah\u0131n\u0131 kal\u0131c\u0131 olarak art\u0131rmay\u0131 hedefliyoruz.&#8221; dedi. Ankara Cevdet Y\u0131lmaz, NSosyal hesab\u0131ndan, nisan ay\u0131 d\u0131\u015f ticaret verilerine ili\u015fkin payla\u015f\u0131mda bulundu. \u0130hracat\u0131n, k\u00fcresel ekonomide artan belirsizlikler ve jeopolitik gerilimlere ra\u011fmen nisan ay\u0131nda g\u00fc\u00e7l\u00fc bir performans sergiledi\u011fini belirten Y\u0131lmaz, \u015funlar\u0131 kaydetti: &#8220;Nisan ay\u0131nda ihracat\u0131m\u0131z y\u0131ll\u0131k y\u00fczde 22,3 art\u0131\u015fla 25,4<\/p>\n","protected":false},"author":1,"featured_media":596,"comment_status":"open","ping_status":"open","sticky":false,"template":"","format":"standard","meta":{"_rtcl_gb_attr":"","footnotes":""},"categories":[14],"tags":[],"class_list":["post-595","post","type-post","status-publish","format-standard","has-post-thumbnail","hentry","category-ekonomi"],"_links":{"self":[{"href":"https:\/\/turkiyemhaber.com\/index.php?rest_route=\/wp\/v2\/posts\/595","targetHints":{"allow":["GET"]}}],"collection":[{"href":"https:\/\/turkiyemhaber.com\/index.php?rest_route=\/wp\/v2\/posts"}],"about":[{"href":"https:\/\/turkiyemhaber.com\/index.php?rest_route=\/wp\/v2\/types\/post"}],"author":[{"embeddable":true,"href":"https:\/\/turkiyemhaber.com\/index.php?rest_route=\/wp\/v2\/users\/1"}],"replies":[{"embeddable":true,"href":"https:\/\/turkiyemhaber.com\/index.php?rest_route=%2Fwp%2Fv2%2Fcomments&post=595"}],"version-history":[{"count":1,"href":"https:\/\/turkiyemhaber.com\/index.php?rest_route=\/wp\/v2\/posts\/595\/revisions"}],"predecessor-version":[{"id":597,"href":"https:\/\/turkiyemhaber.com\/index.php?rest_route=\/wp\/v2\/posts\/595\/revisions\/597"}],"wp:featuredmedia":[{"embeddable":true,"href":"https:\/\/turkiyemhaber.com\/index.php?rest_route=\/wp\/v2\/media\/596"}],"wp:attachment":[{"href":"https:\/\/turkiyemhaber.com\/index.php?rest_route=%2Fwp%2Fv2%2Fmedia&parent=595"}],"wp:term":[{"taxonomy":"category","embeddable":true,"href":"https:\/\/turkiyemhaber.com\/index.php?rest_route=%2Fwp%2Fv2%2Fcategories&post=595"},{"taxonomy":"post_tag","embeddable":true,"href":"https:\/\/turkiyemhaber.com\/index.php?rest_route=%2Fwp%2Fv2%2Ftags&post=595"}],"curies":[{"name":"wp","href":"https:\/\/api.w.org\/{rel}","templated":true}]}}