{"id":592,"date":"2026-05-02T22:04:07","date_gmt":"2026-05-02T22:04:07","guid":{"rendered":"https:\/\/turkiyemhaber.com\/?p=592"},"modified":"2026-05-02T22:04:11","modified_gmt":"2026-05-02T22:04:11","slug":"istanbul-dostluk-vakfi-cinarlar-bulusmasi-duzenledi","status":"publish","type":"post","link":"https:\/\/turkiyemhaber.com\/?p=592","title":{"rendered":"\u0130stanbul Dostluk Vakf\u0131 &#8220;\u00c7\u0131narlar Bulu\u015fmas\u0131&#8221; d\u00fczenledi"},"content":{"rendered":"\n<p>\u0130stanbul Dostluk Vakf\u0131n\u0131n &#8220;\u00c7\u0131narlar Bulu\u015fmas\u0131&#8221;nda, Milli G\u00f6r\u00fc\u015f hareketinin \u00e7e\u015fitli d\u00f6nemlerine tan\u0131kl\u0131k eden kat\u0131l\u0131mc\u0131lar hat\u0131ralar\u0131n\u0131 ve tecr\u00fcbelerini anlatt\u0131.<\/p>\n\n\n\n<p>\u0130stanbul<\/p>\n\n\n\n<p>Vak\u0131ftan yap\u0131lan a\u00e7\u0131klamaya g\u00f6re, Taksim Camisi K\u00fclt\u00fcr Sanat Merkezi&#8217;ndeki kahvalt\u0131 program\u0131na, 1969&#8217;daki Ba\u011f\u0131ms\u0131zlar Hareketi, MNP, MSP ve Refah Partisi d\u00f6nemlerinden itibaren birbirlerini tan\u0131yan isimler kat\u0131ld\u0131.<\/p>\n\n\n\n<p>Kur&#8217;an-\u0131 Kerim tilaveti ve duan\u0131n ard\u0131ndan ba\u015flayan program\u0131n a\u00e7\u0131l\u0131\u015f konu\u015fmas\u0131n\u0131, \u0130stanbul Dostluk Vakf\u0131 Y\u00f6netim Kurulu Ba\u015fkan\u0131 Ahmet Alu\u00e7 yapt\u0131.<\/p>\n\n\n\n<p>Programda, eski bakanlardan Hasan Aksay, emekli din g\u00f6revlisi \u0130mdat Kaya, mali m\u00fc\u015favir S\u00fcleyman Merc\u00fcmek, i\u015f insanlar\u0131 \u0130dris Ye\u015fil ve R\u0131dvan Dildar konu\u015ftu.<\/p>\n\n\n\n<figure class=\"wp-block-image\"><img decoding=\"async\" src=\"https:\/\/web-cdnprod.aa.com.tr\/uploads\/Contents\/2026\/05\/02\/b7a66768fd904789d7942e7c02b0309f.jpg\" alt=\"\"\/><\/figure>\n\n\n\n<p>Kat\u0131l\u0131mc\u0131lar, y\u0131llar\u0131n birikimi olan tecr\u00fcbelerini aktararak, bug\u00fcne ve gelece\u011fe y\u00f6nelik tavsiyelerde bulundu.<\/p>\n\n\n\n<p>Programda, AK Parti \u0130stanbul Milletvekili \u0130smail Erdem, eski bakanlardan \u0130dris G\u00fcll\u00fcce, eski belediye ba\u015fkanlar\u0131 Arif Calban ile Hasan Tahsin Usta, eski milletvekilleri Ahmet Hamdi \u00c7aml\u0131 ve Mukadder Ba\u015fe\u011fmez, tarih\u00e7i ve yazar Prof. Dr. Ahmet A\u011f\u0131rak\u00e7a ile sivil toplum kurulu\u015flar\u0131ndan baz\u0131 y\u00f6neticiler de haz\u0131r bulundu.<\/p>\n\n\n\n<p>Konu\u015fmalar\u0131n ard\u0131ndan program, hediye takdimi ve foto\u011fraf \u00e7ekimiyle sona erdi.<\/p>\n","protected":false},"excerpt":{"rendered":"<p>\u0130stanbul Dostluk Vakf\u0131n\u0131n &#8220;\u00c7\u0131narlar Bulu\u015fmas\u0131&#8221;nda, Milli G\u00f6r\u00fc\u015f hareketinin \u00e7e\u015fitli d\u00f6nemlerine tan\u0131kl\u0131k eden kat\u0131l\u0131mc\u0131lar hat\u0131ralar\u0131n\u0131 ve tecr\u00fcbelerini anlatt\u0131. \u0130stanbul Vak\u0131ftan yap\u0131lan a\u00e7\u0131klamaya g\u00f6re, Taksim Camisi K\u00fclt\u00fcr Sanat Merkezi&#8217;ndeki kahvalt\u0131 program\u0131na, 1969&#8217;daki Ba\u011f\u0131ms\u0131zlar Hareketi, MNP, MSP ve Refah Partisi d\u00f6nemlerinden itibaren birbirlerini tan\u0131yan isimler kat\u0131ld\u0131. Kur&#8217;an-\u0131 Kerim tilaveti ve duan\u0131n ard\u0131ndan ba\u015flayan program\u0131n a\u00e7\u0131l\u0131\u015f konu\u015fmas\u0131n\u0131, \u0130stanbul Dostluk<\/p>\n","protected":false},"author":1,"featured_media":593,"comment_status":"open","ping_status":"open","sticky":false,"template":"","format":"standard","meta":{"_rtcl_gb_attr":"","footnotes":""},"categories":[1],"tags":[],"class_list":["post-592","post","type-post","status-publish","format-standard","has-post-thumbnail","hentry","category-http-turkiyemhaber-com-wp-content-uploads-2026-03-saray-59-haber-13-mart-pdf"],"_links":{"self":[{"href":"https:\/\/turkiyemhaber.com\/index.php?rest_route=\/wp\/v2\/posts\/592","targetHints":{"allow":["GET"]}}],"collection":[{"href":"https:\/\/turkiyemhaber.com\/index.php?rest_route=\/wp\/v2\/posts"}],"about":[{"href":"https:\/\/turkiyemhaber.com\/index.php?rest_route=\/wp\/v2\/types\/post"}],"author":[{"embeddable":true,"href":"https:\/\/turkiyemhaber.com\/index.php?rest_route=\/wp\/v2\/users\/1"}],"replies":[{"embeddable":true,"href":"https:\/\/turkiyemhaber.com\/index.php?rest_route=%2Fwp%2Fv2%2Fcomments&post=592"}],"version-history":[{"count":1,"href":"https:\/\/turkiyemhaber.com\/index.php?rest_route=\/wp\/v2\/posts\/592\/revisions"}],"predecessor-version":[{"id":594,"href":"https:\/\/turkiyemhaber.com\/index.php?rest_route=\/wp\/v2\/posts\/592\/revisions\/594"}],"wp:featuredmedia":[{"embeddable":true,"href":"https:\/\/turkiyemhaber.com\/index.php?rest_route=\/wp\/v2\/media\/593"}],"wp:attachment":[{"href":"https:\/\/turkiyemhaber.com\/index.php?rest_route=%2Fwp%2Fv2%2Fmedia&parent=592"}],"wp:term":[{"taxonomy":"category","embeddable":true,"href":"https:\/\/turkiyemhaber.com\/index.php?rest_route=%2Fwp%2Fv2%2Fcategories&post=592"},{"taxonomy":"post_tag","embeddable":true,"href":"https:\/\/turkiyemhaber.com\/index.php?rest_route=%2Fwp%2Fv2%2Ftags&post=592"}],"curies":[{"name":"wp","href":"https:\/\/api.w.org\/{rel}","templated":true}]}}