{"id":589,"date":"2026-05-02T22:02:40","date_gmt":"2026-05-02T22:02:40","guid":{"rendered":"https:\/\/turkiyemhaber.com\/?p=589"},"modified":"2026-05-02T22:02:44","modified_gmt":"2026-05-02T22:02:44","slug":"saglik-bakani-memisoglu-e-nabiz-uzerinden-ilacim-nerede-uygulamasini-hayata-gecirdik","status":"publish","type":"post","link":"https:\/\/turkiyemhaber.com\/?p=589","title":{"rendered":"Sa\u011fl\u0131k Bakan\u0131 Memi\u015fo\u011flu: e-Nab\u0131z \u00fczerinden &#8216;\u0130lac\u0131m Nerede?&#8217; uygulamas\u0131n\u0131 hayata ge\u00e7irdik"},"content":{"rendered":"\n<p>Sa\u011fl\u0131k Bakan\u0131 Kemal Memi\u015fo\u011flu, &#8220;K\u0131sa s\u00fcre \u00f6nce e-Nab\u0131z \u00fczerinden &#8216;\u0130lac\u0131m Nerede?&#8217; uygulamas\u0131n\u0131 hayata ge\u00e7irdik.&#8221; ifadesini kulland\u0131.<\/p>\n\n\n\n<p>Ankara<\/p>\n\n\n\n<p>Bakanl\u0131ktan yap\u0131lan a\u00e7\u0131klamaya g\u00f6re, Memi\u015fo\u011flu, &#8220;Payla\u015farak G\u00fc\u00e7lenen Eczac\u0131l\u0131k&#8221; temas\u0131yla d\u00fczenlenen &#8220;Eczac\u0131 \u00c7\u00f6z\u00fcm Kongresi&#8221;ne kat\u0131ld\u0131.<\/p>\n\n\n\n<p>\u0130stanbul&#8217;da d\u00fczenlenen kongrede konu\u015fan Memi\u015fo\u011flu, sa\u011fl\u0131k politikalar\u0131n\u0131n isti\u015fareyle g\u00fc\u00e7lendi\u011fi, ortak ak\u0131lla geli\u015fti\u011fi ve payla\u015f\u0131m k\u00fclt\u00fcr\u00fcyle derinlik kazand\u0131\u011f\u0131 y\u00f6n\u00fcnde bir anlay\u0131\u015f benimsediklerini vurgulad\u0131.<\/p>\n\n\n\n<p>Memi\u015fo\u011flu, bu nedenle akademisyenlerle, eczac\u0131larla ve gen\u00e7lerle ayn\u0131 hedef do\u011frultusunda ortak platformlarda olmaktan b\u00fcy\u00fck memnuniyet duyduklar\u0131n\u0131 ve bunu \u00f6nemsediklerini ifade etti.<\/p>\n\n\n\n<p>Eczac\u0131lar\u0131n T\u00fcrk tarihindeki sava\u015flarda adanm\u0131\u015fl\u0131k ve idealizmle destan yazd\u0131\u011f\u0131n\u0131 aktaran Memi\u015fo\u011flu, Kovid-19 pandemisi ve 6 \u015eubat Kahramanmara\u015f depremlerinde de eczac\u0131lar\u0131n fedakarl\u0131klar\u0131n\u0131 bir kez daha ortaya koyduklar\u0131n\u0131, Bakanl\u0131\u011f\u0131n ve meslek \u00f6rg\u00fctlerinin i\u015fbirli\u011fiyle afet b\u00f6lgelerinde kurulan sahra eczaneleri ve mobil hizmet ara\u00e7lar\u0131yla vatanda\u015flar\u0131n yan\u0131nda olduklar\u0131n\u0131 bildirdi.<\/p>\n\n\n\n<h2 class=\"wp-block-heading\">&#8220;Eczac\u0131lar\u0131m\u0131z\u0131n eme\u011fine, bilgisine ve vicdan\u0131na sonuna kadar g\u00fcveniyoruz&#8221;<\/h2>\n\n\n\n<p>Bakan Memi\u015fo\u011flu, ak\u0131lc\u0131 ila\u00e7 kullan\u0131m\u0131, antibiyotik direnciyle m\u00fccadele, kronik hastal\u0131klar\u0131n takibi, hasta e\u011fitimi ve koruyucu sa\u011fl\u0131k uygulamalar\u0131nda eczac\u0131lar\u0131n rol\u00fcn\u00fcn son derece de\u011ferli oldu\u011funu belirterek, \u015funlar\u0131 kaydetti:<\/p>\n\n\n\n<p>&#8220;Bu rol\u00fc g\u00fc\u00e7lendirmek ad\u0131na dijital altyap\u0131lar\u0131m\u0131z\u0131 da s\u00fcrekli geli\u015ftiriyoruz. K\u0131sa s\u00fcre \u00f6nce e-Nab\u0131z \u00fczerinden &#8216;\u0130lac\u0131m Nerede?&#8217; uygulamas\u0131n\u0131 hayata ge\u00e7irdik. Vatanda\u015flar\u0131m\u0131z\u0131n re\u00e7etelerindeki ila\u00e7lar\u0131n hangi eczanelerimizde bulundu\u011funu an\u0131nda g\u00f6rebildi\u011fi bu sistem hem vatanda\u015f memnuniyetini art\u0131rmakta hem de eczac\u0131lar\u0131m\u0131z\u0131n hizmet kapasitesini dijital d\u00fcnyada daha da g\u00f6r\u00fcn\u00fcr k\u0131lmaktad\u0131r.&#8221;<\/p>\n\n\n\n<p>Gen\u00e7 eczac\u0131lar\u0131n eczane a\u00e7ma imkanlar\u0131n\u0131 geli\u015ftirmek, mesleki desteklerini art\u0131rmak ve istihdam alanlar\u0131n\u0131 geni\u015fletmek ad\u0131na kapsaml\u0131 \u00e7al\u0131\u015fmalar y\u00fcr\u00fctt\u00fcklerinin bilgisini veren Memi\u015fo\u011flu, &#8220;Sa\u011fl\u0131k Bakanl\u0131\u011f\u0131 olarak eczac\u0131lar\u0131m\u0131z\u0131n eme\u011fine, bilgisine ve vicdan\u0131na sonuna kadar g\u00fcveniyoruz. Sizler bu sistemin sahadaki en g\u00fc\u00e7l\u00fc temsilcileri, vatanda\u015f\u0131m\u0131zla aram\u0131zdaki g\u00fcven k\u00f6pr\u00fcm\u00fczs\u00fcn\u00fcz. Ak\u0131lc\u0131, bilimsel ve yerli \u00fcretimi \u00f6nceleyen her ad\u0131m\u0131n\u0131zda daima yan\u0131n\u0131zday\u0131z. Siz yeter ki ara\u015ft\u0131rmaya, \u00fcretmeye ve milletimize \u015fifa da\u011f\u0131tmaya devam edin. Biz t\u00fcm kap\u0131lar\u0131 ard\u0131na kadar a\u00e7maya haz\u0131r\u0131z.&#8221; de\u011ferlendirmesinde bulundu.\u200b\u200b\u200b\u200b\u200b\u200b\u200b<\/p>\n","protected":false},"excerpt":{"rendered":"<p>Sa\u011fl\u0131k Bakan\u0131 Kemal Memi\u015fo\u011flu, &#8220;K\u0131sa s\u00fcre \u00f6nce e-Nab\u0131z \u00fczerinden &#8216;\u0130lac\u0131m Nerede?&#8217; uygulamas\u0131n\u0131 hayata ge\u00e7irdik.&#8221; ifadesini kulland\u0131. Ankara Bakanl\u0131ktan yap\u0131lan a\u00e7\u0131klamaya g\u00f6re, Memi\u015fo\u011flu, &#8220;Payla\u015farak G\u00fc\u00e7lenen Eczac\u0131l\u0131k&#8221; temas\u0131yla d\u00fczenlenen &#8220;Eczac\u0131 \u00c7\u00f6z\u00fcm Kongresi&#8221;ne kat\u0131ld\u0131. \u0130stanbul&#8217;da d\u00fczenlenen kongrede konu\u015fan Memi\u015fo\u011flu, sa\u011fl\u0131k politikalar\u0131n\u0131n isti\u015fareyle g\u00fc\u00e7lendi\u011fi, ortak ak\u0131lla geli\u015fti\u011fi ve payla\u015f\u0131m k\u00fclt\u00fcr\u00fcyle derinlik kazand\u0131\u011f\u0131 y\u00f6n\u00fcnde bir anlay\u0131\u015f benimsediklerini vurgulad\u0131. Memi\u015fo\u011flu, bu<\/p>\n","protected":false},"author":1,"featured_media":590,"comment_status":"open","ping_status":"open","sticky":false,"template":"","format":"standard","meta":{"_rtcl_gb_attr":"","footnotes":""},"categories":[1],"tags":[],"class_list":["post-589","post","type-post","status-publish","format-standard","has-post-thumbnail","hentry","category-http-turkiyemhaber-com-wp-content-uploads-2026-03-saray-59-haber-13-mart-pdf"],"_links":{"self":[{"href":"https:\/\/turkiyemhaber.com\/index.php?rest_route=\/wp\/v2\/posts\/589","targetHints":{"allow":["GET"]}}],"collection":[{"href":"https:\/\/turkiyemhaber.com\/index.php?rest_route=\/wp\/v2\/posts"}],"about":[{"href":"https:\/\/turkiyemhaber.com\/index.php?rest_route=\/wp\/v2\/types\/post"}],"author":[{"embeddable":true,"href":"https:\/\/turkiyemhaber.com\/index.php?rest_route=\/wp\/v2\/users\/1"}],"replies":[{"embeddable":true,"href":"https:\/\/turkiyemhaber.com\/index.php?rest_route=%2Fwp%2Fv2%2Fcomments&post=589"}],"version-history":[{"count":1,"href":"https:\/\/turkiyemhaber.com\/index.php?rest_route=\/wp\/v2\/posts\/589\/revisions"}],"predecessor-version":[{"id":591,"href":"https:\/\/turkiyemhaber.com\/index.php?rest_route=\/wp\/v2\/posts\/589\/revisions\/591"}],"wp:featuredmedia":[{"embeddable":true,"href":"https:\/\/turkiyemhaber.com\/index.php?rest_route=\/wp\/v2\/media\/590"}],"wp:attachment":[{"href":"https:\/\/turkiyemhaber.com\/index.php?rest_route=%2Fwp%2Fv2%2Fmedia&parent=589"}],"wp:term":[{"taxonomy":"category","embeddable":true,"href":"https:\/\/turkiyemhaber.com\/index.php?rest_route=%2Fwp%2Fv2%2Fcategories&post=589"},{"taxonomy":"post_tag","embeddable":true,"href":"https:\/\/turkiyemhaber.com\/index.php?rest_route=%2Fwp%2Fv2%2Ftags&post=589"}],"curies":[{"name":"wp","href":"https:\/\/api.w.org\/{rel}","templated":true}]}}