{"id":585,"date":"2026-05-02T21:59:43","date_gmt":"2026-05-02T21:59:43","guid":{"rendered":"https:\/\/turkiyemhaber.com\/?p=585"},"modified":"2026-05-02T21:59:47","modified_gmt":"2026-05-02T21:59:47","slug":"cumhurbaskani-erdogandan-super-lige-yukselen-amed-sportif-faaliyetlere-tebrik","status":"publish","type":"post","link":"https:\/\/turkiyemhaber.com\/?p=585","title":{"rendered":"Cumhurba\u015fkan\u0131 Erdo\u011fan&#8217;dan S\u00fcper Lig&#8217;e y\u00fckselen Amed Sportif Faaliyetler&#8217;e tebrik"},"content":{"rendered":"\n<p>Cumhurba\u015fkan\u0131 Recep Tayyip Erdo\u011fan, Trendyol 1. Lig&#8217;den Trendyol S\u00fcper Lig&#8217;e y\u00fckselme ba\u015far\u0131s\u0131n\u0131 g\u00f6steren Amed Sportif Faaliyetler&#8217;i kutlad\u0131.<\/p>\n\n\n\n<p>\u0130stanbul<\/p>\n\n\n\n<p>Cumhurba\u015fkan\u0131 Erdo\u011fan, NSosyal hesab\u0131ndan yapt\u0131\u011f\u0131 payla\u015f\u0131mda, &#8220;\u00d6n\u00fcm\u00fczdeki sezon Diyarbak\u0131r&#8217;\u0131m\u0131z\u0131 Trendyol S\u00fcper Lig&#8217;de temsil edecek olan Amedspor&#8217;u, t\u00fcm Amedspor camias\u0131n\u0131 ve Diyarbak\u0131rl\u0131 karde\u015flerimi y\u00fcrekten tebrik ediyor, ba\u015far\u0131lar diliyorum.&#8221; ifadesini kulland\u0131.<\/p>\n\n\n\n<p><a href=\"https:\/\/aa.com.tr\/tr\/spor\/amed-sportif-faaliyetler-super-lige-yukselen-ikinci-takim-oldu\/3925122\"><\/a><\/p>\n","protected":false},"excerpt":{"rendered":"<p>Cumhurba\u015fkan\u0131 Recep Tayyip Erdo\u011fan, Trendyol 1. Lig&#8217;den Trendyol S\u00fcper Lig&#8217;e y\u00fckselme ba\u015far\u0131s\u0131n\u0131 g\u00f6steren Amed Sportif Faaliyetler&#8217;i kutlad\u0131. \u0130stanbul Cumhurba\u015fkan\u0131 Erdo\u011fan, NSosyal hesab\u0131ndan yapt\u0131\u011f\u0131 payla\u015f\u0131mda, &#8220;\u00d6n\u00fcm\u00fczdeki sezon Diyarbak\u0131r&#8217;\u0131m\u0131z\u0131 Trendyol S\u00fcper Lig&#8217;de temsil edecek olan Amedspor&#8217;u, t\u00fcm Amedspor camias\u0131n\u0131 ve Diyarbak\u0131rl\u0131 karde\u015flerimi y\u00fcrekten tebrik ediyor, ba\u015far\u0131lar diliyorum.&#8221; ifadesini kulland\u0131.<\/p>\n","protected":false},"author":1,"featured_media":586,"comment_status":"open","ping_status":"open","sticky":false,"template":"","format":"standard","meta":{"_rtcl_gb_attr":"","footnotes":""},"categories":[1],"tags":[],"class_list":["post-585","post","type-post","status-publish","format-standard","has-post-thumbnail","hentry","category-http-turkiyemhaber-com-wp-content-uploads-2026-03-saray-59-haber-13-mart-pdf"],"_links":{"self":[{"href":"https:\/\/turkiyemhaber.com\/index.php?rest_route=\/wp\/v2\/posts\/585","targetHints":{"allow":["GET"]}}],"collection":[{"href":"https:\/\/turkiyemhaber.com\/index.php?rest_route=\/wp\/v2\/posts"}],"about":[{"href":"https:\/\/turkiyemhaber.com\/index.php?rest_route=\/wp\/v2\/types\/post"}],"author":[{"embeddable":true,"href":"https:\/\/turkiyemhaber.com\/index.php?rest_route=\/wp\/v2\/users\/1"}],"replies":[{"embeddable":true,"href":"https:\/\/turkiyemhaber.com\/index.php?rest_route=%2Fwp%2Fv2%2Fcomments&post=585"}],"version-history":[{"count":1,"href":"https:\/\/turkiyemhaber.com\/index.php?rest_route=\/wp\/v2\/posts\/585\/revisions"}],"predecessor-version":[{"id":587,"href":"https:\/\/turkiyemhaber.com\/index.php?rest_route=\/wp\/v2\/posts\/585\/revisions\/587"}],"wp:featuredmedia":[{"embeddable":true,"href":"https:\/\/turkiyemhaber.com\/index.php?rest_route=\/wp\/v2\/media\/586"}],"wp:attachment":[{"href":"https:\/\/turkiyemhaber.com\/index.php?rest_route=%2Fwp%2Fv2%2Fmedia&parent=585"}],"wp:term":[{"taxonomy":"category","embeddable":true,"href":"https:\/\/turkiyemhaber.com\/index.php?rest_route=%2Fwp%2Fv2%2Fcategories&post=585"},{"taxonomy":"post_tag","embeddable":true,"href":"https:\/\/turkiyemhaber.com\/index.php?rest_route=%2Fwp%2Fv2%2Ftags&post=585"}],"curies":[{"name":"wp","href":"https:\/\/api.w.org\/{rel}","templated":true}]}}