{"id":582,"date":"2026-05-02T21:57:53","date_gmt":"2026-05-02T21:57:53","guid":{"rendered":"https:\/\/turkiyemhaber.com\/?p=582"},"modified":"2026-05-02T21:57:57","modified_gmt":"2026-05-02T21:57:57","slug":"cumhurbaskani-erdogan-hentbolda-erkekler-super-lig-sampiyonu-olan-besiktasi-tebrik-etti","status":"publish","type":"post","link":"https:\/\/turkiyemhaber.com\/?p=582","title":{"rendered":"Cumhurba\u015fkan\u0131 Erdo\u011fan, hentbolda Erkekler S\u00fcper Lig \u015eampiyonu olan Be\u015fikta\u015f&#8217;\u0131 tebrik etti"},"content":{"rendered":"\n<p>Cumhurba\u015fkan\u0131 Recep Tayyip Erdo\u011fan, Hentbol Ardventure Erkekler S\u00fcper Lig&#8217;de \u015fampiyon olan Be\u015fikta\u015f&#8217;\u0131 kutlad\u0131.<\/p>\n\n\n\n<p>\u0130stanbul<\/p>\n\n\n\n<p>Cumhurba\u015fkan\u0131 Erdo\u011fan, NSosyal hesab\u0131ndan yapt\u0131\u011f\u0131 payla\u015f\u0131mda, &#8220;Hentbol Ardventure Erkekler S\u00fcper Lig \u015eampiyonu Be\u015fikta\u015f Hentbol Tak\u0131m\u0131&#8217;n\u0131 ve taraftar\u0131yla birlikte t\u00fcm Be\u015fikta\u015f camias\u0131n\u0131 en kalbi duygular\u0131mla tebrik ediyorum.&#8221; ifadesini kulland\u0131.<\/p>\n","protected":false},"excerpt":{"rendered":"<p>Cumhurba\u015fkan\u0131 Recep Tayyip Erdo\u011fan, Hentbol Ardventure Erkekler S\u00fcper Lig&#8217;de \u015fampiyon olan Be\u015fikta\u015f&#8217;\u0131 kutlad\u0131. \u0130stanbul Cumhurba\u015fkan\u0131 Erdo\u011fan, NSosyal hesab\u0131ndan yapt\u0131\u011f\u0131 payla\u015f\u0131mda, &#8220;Hentbol Ardventure Erkekler S\u00fcper Lig \u015eampiyonu Be\u015fikta\u015f Hentbol Tak\u0131m\u0131&#8217;n\u0131 ve taraftar\u0131yla birlikte t\u00fcm Be\u015fikta\u015f camias\u0131n\u0131 en kalbi duygular\u0131mla tebrik ediyorum.&#8221; ifadesini kulland\u0131.<\/p>\n","protected":false},"author":1,"featured_media":583,"comment_status":"open","ping_status":"open","sticky":false,"template":"","format":"standard","meta":{"_rtcl_gb_attr":"","footnotes":""},"categories":[7],"tags":[],"class_list":["post-582","post","type-post","status-publish","format-standard","has-post-thumbnail","hentry","category-gundem"],"_links":{"self":[{"href":"https:\/\/turkiyemhaber.com\/index.php?rest_route=\/wp\/v2\/posts\/582","targetHints":{"allow":["GET"]}}],"collection":[{"href":"https:\/\/turkiyemhaber.com\/index.php?rest_route=\/wp\/v2\/posts"}],"about":[{"href":"https:\/\/turkiyemhaber.com\/index.php?rest_route=\/wp\/v2\/types\/post"}],"author":[{"embeddable":true,"href":"https:\/\/turkiyemhaber.com\/index.php?rest_route=\/wp\/v2\/users\/1"}],"replies":[{"embeddable":true,"href":"https:\/\/turkiyemhaber.com\/index.php?rest_route=%2Fwp%2Fv2%2Fcomments&post=582"}],"version-history":[{"count":1,"href":"https:\/\/turkiyemhaber.com\/index.php?rest_route=\/wp\/v2\/posts\/582\/revisions"}],"predecessor-version":[{"id":584,"href":"https:\/\/turkiyemhaber.com\/index.php?rest_route=\/wp\/v2\/posts\/582\/revisions\/584"}],"wp:featuredmedia":[{"embeddable":true,"href":"https:\/\/turkiyemhaber.com\/index.php?rest_route=\/wp\/v2\/media\/583"}],"wp:attachment":[{"href":"https:\/\/turkiyemhaber.com\/index.php?rest_route=%2Fwp%2Fv2%2Fmedia&parent=582"}],"wp:term":[{"taxonomy":"category","embeddable":true,"href":"https:\/\/turkiyemhaber.com\/index.php?rest_route=%2Fwp%2Fv2%2Fcategories&post=582"},{"taxonomy":"post_tag","embeddable":true,"href":"https:\/\/turkiyemhaber.com\/index.php?rest_route=%2Fwp%2Fv2%2Ftags&post=582"}],"curies":[{"name":"wp","href":"https:\/\/api.w.org\/{rel}","templated":true}]}}