{"id":579,"date":"2026-05-02T21:56:12","date_gmt":"2026-05-02T21:56:12","guid":{"rendered":"https:\/\/turkiyemhaber.com\/?p=579"},"modified":"2026-05-02T21:56:17","modified_gmt":"2026-05-02T21:56:17","slug":"disisleri-bakani-fidan-ak-parti-dogu-marmara-bolge-strateji-toplantisina-katildi","status":"publish","type":"post","link":"https:\/\/turkiyemhaber.com\/?p=579","title":{"rendered":"D\u0131\u015fi\u015fleri Bakan\u0131 Fidan, AK Parti Do\u011fu Marmara B\u00f6lge Strateji Toplant\u0131s\u0131\u2019na kat\u0131ld\u0131"},"content":{"rendered":"\n<p>D\u0131\u015fi\u015fleri Bakan\u0131 Hakan Fidan, Bursa&#8217;da d\u00fczenlenen AK Parti Do\u011fu Marmara B\u00f6lge Strateji Toplant\u0131s\u0131\u2019na i\u015ftirak etti.<\/p>\n\n\n\n<p>Ankara<\/p>\n\n\n\n<p>Diplomatik kaynaklardan edinilen bilgiye g\u00f6re Fidan, Bursa&#8217;da d\u00fczenlenen AK Parti Do\u011fu Marmara B\u00f6lge Strateji Toplant\u0131s\u0131&#8217;na kat\u0131larak hitapta bulundu.<\/p>\n\n\n\n<figure class=\"wp-block-image\"><img decoding=\"async\" src=\"https:\/\/web-cdnprod.aa.com.tr\/uploads\/Contents\/2026\/05\/02\/7108f8ee8a7f899756e65f02013d82a4.jpg\" alt=\"\"\/><\/figure>\n","protected":false},"excerpt":{"rendered":"<p>D\u0131\u015fi\u015fleri Bakan\u0131 Hakan Fidan, Bursa&#8217;da d\u00fczenlenen AK Parti Do\u011fu Marmara B\u00f6lge Strateji Toplant\u0131s\u0131\u2019na i\u015ftirak etti. Ankara Diplomatik kaynaklardan edinilen bilgiye g\u00f6re Fidan, Bursa&#8217;da d\u00fczenlenen AK Parti Do\u011fu Marmara B\u00f6lge Strateji Toplant\u0131s\u0131&#8217;na kat\u0131larak hitapta bulundu.<\/p>\n","protected":false},"author":1,"featured_media":580,"comment_status":"open","ping_status":"open","sticky":false,"template":"","format":"standard","meta":{"_rtcl_gb_attr":"","footnotes":""},"categories":[1],"tags":[],"class_list":["post-579","post","type-post","status-publish","format-standard","has-post-thumbnail","hentry","category-http-turkiyemhaber-com-wp-content-uploads-2026-03-saray-59-haber-13-mart-pdf"],"_links":{"self":[{"href":"https:\/\/turkiyemhaber.com\/index.php?rest_route=\/wp\/v2\/posts\/579","targetHints":{"allow":["GET"]}}],"collection":[{"href":"https:\/\/turkiyemhaber.com\/index.php?rest_route=\/wp\/v2\/posts"}],"about":[{"href":"https:\/\/turkiyemhaber.com\/index.php?rest_route=\/wp\/v2\/types\/post"}],"author":[{"embeddable":true,"href":"https:\/\/turkiyemhaber.com\/index.php?rest_route=\/wp\/v2\/users\/1"}],"replies":[{"embeddable":true,"href":"https:\/\/turkiyemhaber.com\/index.php?rest_route=%2Fwp%2Fv2%2Fcomments&post=579"}],"version-history":[{"count":1,"href":"https:\/\/turkiyemhaber.com\/index.php?rest_route=\/wp\/v2\/posts\/579\/revisions"}],"predecessor-version":[{"id":581,"href":"https:\/\/turkiyemhaber.com\/index.php?rest_route=\/wp\/v2\/posts\/579\/revisions\/581"}],"wp:featuredmedia":[{"embeddable":true,"href":"https:\/\/turkiyemhaber.com\/index.php?rest_route=\/wp\/v2\/media\/580"}],"wp:attachment":[{"href":"https:\/\/turkiyemhaber.com\/index.php?rest_route=%2Fwp%2Fv2%2Fmedia&parent=579"}],"wp:term":[{"taxonomy":"category","embeddable":true,"href":"https:\/\/turkiyemhaber.com\/index.php?rest_route=%2Fwp%2Fv2%2Fcategories&post=579"},{"taxonomy":"post_tag","embeddable":true,"href":"https:\/\/turkiyemhaber.com\/index.php?rest_route=%2Fwp%2Fv2%2Ftags&post=579"}],"curies":[{"name":"wp","href":"https:\/\/api.w.org\/{rel}","templated":true}]}}