{"id":576,"date":"2026-05-02T21:52:56","date_gmt":"2026-05-02T21:52:56","guid":{"rendered":"https:\/\/turkiyemhaber.com\/?p=576"},"modified":"2026-05-02T21:53:00","modified_gmt":"2026-05-02T21:53:00","slug":"baharda-ev-ve-ahirlarin-kara-gomuldugu-vanin-yuksek-kesimlerinde-karla-mucadele-suruyor","status":"publish","type":"post","link":"https:\/\/turkiyemhaber.com\/?p=576","title":{"rendered":"Baharda ev ve ah\u0131rlar\u0131n kara g\u00f6m\u00fcld\u00fc\u011f\u00fc Van&#8217;\u0131n y\u00fcksek kesimlerinde karla m\u00fccadele s\u00fcr\u00fcyor"},"content":{"rendered":"\n<p>Van&#8217;\u0131n Erci\u015f il\u00e7esinde karla m\u00fccadele ekipleri, k\u0131\u015f\u0131n bo\u015falt\u0131lan tek katl\u0131 yap\u0131lar\u0131n karla kapland\u0131\u011f\u0131 mahallelere ula\u015f\u0131m\u0131 sa\u011flamak i\u00e7in \u00e7al\u0131\u015fma y\u00fcr\u00fct\u00fcyor.<\/p>\n\n\n\n<p>Van<\/p>\n\n\n\n<p>Son y\u0131llar\u0131n en fazla kar ya\u011f\u0131\u015f\u0131n\u0131n g\u00f6r\u00fcld\u00fc\u011f\u00fc kentteki y\u00fcksek rak\u0131ml\u0131 yerle\u015fim yerlerinde may\u0131s ay\u0131n\u0131n ilk g\u00fcnlerinde k\u0131\u015f\u0131 aratmayan g\u00f6r\u00fcnt\u00fcler ya\u015fand\u0131.<\/p>\n\n\n\n<p>Erci\u015f il\u00e7esine ba\u011fl\u0131 Yal\u0131ndam ve Doluca mahallelerinde ya\u015fayan ve k\u0131\u015f\u0131n olumsuz hava ko\u015fullar\u0131 nedeniyle evlerini bo\u015faltarak il\u00e7e merkezine yerle\u015fen vatanda\u015flar, havan\u0131n \u0131s\u0131nmas\u0131yla yeniden mahallelerine d\u00f6nmek istedi.<\/p>\n\n\n\n<figure class=\"wp-block-image\"><img decoding=\"async\" src=\"https:\/\/web-cdnprod.aa.com.tr\/uploads\/PhotoGallery\/2026\/05\/02\/thumbs_b_34f18610cb3bc295a38379549c42ed0f.jpg\" alt=\"Baharda ev ve ah\u0131rlar\u0131n kara g\u00f6m\u00fcld\u00fc\u011f\u00fc Van'\u0131n y\u00fcksek kesimlerinde karla m\u00fccadele s\u00fcr\u00fcyor\"\/><\/figure>\n\n\n\n<p><strong>[1\/10]<\/strong>&nbsp;\u200b\u200b\u200b\u200b\u200b\u200bVan&#8217;\u0131n Erci\u015f il\u00e7esinde karla m\u00fccadele ekipleri, k\u0131\u015f\u0131n bo\u015falt\u0131lan tek katl\u0131 yap\u0131lar\u0131n karla kapland\u0131\u011f\u0131 mahallelere ula\u015f\u0131m\u0131 sa\u011flamak i\u00e7in \u00e7al\u0131\u015fma y\u00fcr\u00fct\u00fcyor.<\/p>\n\n\n\n<p>Y\u00fcksek rak\u0131mdaki mahallelerinin yolu kardan kapal\u0131 oldu\u011fu i\u00e7in evlerine gidemeyen vatanda\u015flar, Van B\u00fcy\u00fck\u015fehir Belediyesinden yard\u0131m istedi.<\/p>\n\n\n\n<p>B\u00f6lgeye y\u00f6nlendirilen karla m\u00fccadele ekibi, y\u00fcksek da\u011flar\u0131n yama\u00e7lar\u0131ndan ge\u00e7en yolu zorlu \u00e7al\u0131\u015fma sonucu a\u00e7arak Doluca Mahallesi&#8217;ne ula\u015f\u0131m\u0131 sa\u011flad\u0131.<\/p>\n\n\n\n<p>Tek katl\u0131 ev ve ah\u0131rlar\u0131n halen karla kapl\u0131 oldu\u011fu b\u00f6lgede \u00e7al\u0131\u015fmalar\u0131n\u0131 s\u00fcrd\u00fcren karla m\u00fccadele ekibi, kar kal\u0131nl\u0131\u011f\u0131n\u0131n yer yer 1,5 metreyi buldu\u011fu Yal\u0131ndam Mahallesi&#8217;nin yolunu da k\u0131sa s\u00fcrede a\u00e7may\u0131 planl\u0131yor.<\/p>\n\n\n\n<figure class=\"wp-block-image\"><img decoding=\"async\" src=\"https:\/\/web-cdnprod.aa.com.tr\/uploads\/Contents\/2026\/05\/02\/25e1037a902c2c958dd736d67e49526a.jpg\" alt=\"\"\/><\/figure>\n\n\n\n<h2 class=\"wp-block-heading\">&#8220;Bu gidi\u015fle iki ay daha kar g\u00f6rece\u011fiz&#8221;<\/h2>\n\n\n\n<p>Doluca Mahallesi Muhtar\u0131 Mehmet Aktepe, AA muhabirine, bu y\u0131l k\u0131\u015f aylar\u0131n\u0131n so\u011fuk ve bol kar ya\u011f\u0131\u015fl\u0131 ge\u00e7ti\u011fini s\u00f6yledi.<\/p>\n\n\n\n<p>K\u0131\u015f\u0131n bo\u015faltt\u0131klar\u0131 mahalle yollar\u0131nda kar \u00f6rt\u00fcs\u00fcn\u00fcn daha erimedi\u011fini belirten Aktepe, \u015funlar\u0131 kaydetti:<\/p>\n\n\n\n<p>&#8220;\u015eu an metrelerce kar var. Van B\u00fcy\u00fck\u015fehir Belediyesi ekipleri gece g\u00fcnd\u00fcz demeden aral\u0131ks\u0131z \u00e7al\u0131\u015f\u0131yor. Erci\u015f \u015fantiye \u015fefli\u011fi de bizi hi\u00e7 yaln\u0131z b\u0131rakmad\u0131. Kendilerine \u00e7ok te\u015fekk\u00fcr ediyorum. Ekipler yakla\u015f\u0131k 4 g\u00fcnd\u00fcr yol a\u00e7ma \u00e7al\u0131\u015fmas\u0131 y\u00fcr\u00fct\u00fcyor. \u0130n\u015fallah en k\u0131sa zamanda k\u00f6y\u00fcm\u00fcze tamamen ula\u015f\u0131m sa\u011flanacak. Vatanda\u015flar\u0131m\u0131z hayvanlar\u0131n\u0131 getirip otlatacak. Bu nedenle \u00e7al\u0131\u015fmalar h\u0131zla devam ediyor. T\u00fcrkiye&#8217;nin bir\u00e7ok yerinde bahar ya\u015fan\u0131yor. Her yerde \u00e7i\u00e7ekler a\u00e7m\u0131\u015f, a\u011fa\u00e7lar meyve vermeye haz\u0131rlan\u0131yor. Biz ise halen kar alt\u0131nday\u0131z. Bu gidi\u015fle iki ay daha kar g\u00f6rece\u011fiz.&#8221;<\/p>\n\n\n\n<p>Yal\u0131ndam Mahallesi Muhtar\u0131 Ayd\u0131n Ata\u015f ise &#8220;K\u0131\u015f\u0131n yo\u011fun kar nedeniyle Erci\u015f&#8217;e gidiyoruz. Evlerimizi bo\u015falt\u0131yoruz. Baharda ise yaylalar\u0131m\u0131za d\u00f6n\u00fcyoruz. Yolumuzun a\u00e7\u0131lmas\u0131n\u0131 bekliyoruz. \u00dclkenin bir\u00e7ok yerinde a\u011fa\u00e7lar \u00e7i\u00e7ek a\u00e7m\u0131\u015fken biz burada karla m\u00fccadele ediyoruz.&#8221; diye konu\u015ftu.<\/p>\n","protected":false},"excerpt":{"rendered":"<p>Van&#8217;\u0131n Erci\u015f il\u00e7esinde karla m\u00fccadele ekipleri, k\u0131\u015f\u0131n bo\u015falt\u0131lan tek katl\u0131 yap\u0131lar\u0131n karla kapland\u0131\u011f\u0131 mahallelere ula\u015f\u0131m\u0131 sa\u011flamak i\u00e7in \u00e7al\u0131\u015fma y\u00fcr\u00fct\u00fcyor. Van Son y\u0131llar\u0131n en fazla kar ya\u011f\u0131\u015f\u0131n\u0131n g\u00f6r\u00fcld\u00fc\u011f\u00fc kentteki y\u00fcksek rak\u0131ml\u0131 yerle\u015fim yerlerinde may\u0131s ay\u0131n\u0131n ilk g\u00fcnlerinde k\u0131\u015f\u0131 aratmayan g\u00f6r\u00fcnt\u00fcler ya\u015fand\u0131. Erci\u015f il\u00e7esine ba\u011fl\u0131 Yal\u0131ndam ve Doluca mahallelerinde ya\u015fayan ve k\u0131\u015f\u0131n olumsuz hava ko\u015fullar\u0131 nedeniyle evlerini<\/p>\n","protected":false},"author":1,"featured_media":577,"comment_status":"open","ping_status":"open","sticky":false,"template":"","format":"standard","meta":{"_rtcl_gb_attr":"","footnotes":""},"categories":[1],"tags":[],"class_list":["post-576","post","type-post","status-publish","format-standard","has-post-thumbnail","hentry","category-http-turkiyemhaber-com-wp-content-uploads-2026-03-saray-59-haber-13-mart-pdf"],"_links":{"self":[{"href":"https:\/\/turkiyemhaber.com\/index.php?rest_route=\/wp\/v2\/posts\/576","targetHints":{"allow":["GET"]}}],"collection":[{"href":"https:\/\/turkiyemhaber.com\/index.php?rest_route=\/wp\/v2\/posts"}],"about":[{"href":"https:\/\/turkiyemhaber.com\/index.php?rest_route=\/wp\/v2\/types\/post"}],"author":[{"embeddable":true,"href":"https:\/\/turkiyemhaber.com\/index.php?rest_route=\/wp\/v2\/users\/1"}],"replies":[{"embeddable":true,"href":"https:\/\/turkiyemhaber.com\/index.php?rest_route=%2Fwp%2Fv2%2Fcomments&post=576"}],"version-history":[{"count":1,"href":"https:\/\/turkiyemhaber.com\/index.php?rest_route=\/wp\/v2\/posts\/576\/revisions"}],"predecessor-version":[{"id":578,"href":"https:\/\/turkiyemhaber.com\/index.php?rest_route=\/wp\/v2\/posts\/576\/revisions\/578"}],"wp:featuredmedia":[{"embeddable":true,"href":"https:\/\/turkiyemhaber.com\/index.php?rest_route=\/wp\/v2\/media\/577"}],"wp:attachment":[{"href":"https:\/\/turkiyemhaber.com\/index.php?rest_route=%2Fwp%2Fv2%2Fmedia&parent=576"}],"wp:term":[{"taxonomy":"category","embeddable":true,"href":"https:\/\/turkiyemhaber.com\/index.php?rest_route=%2Fwp%2Fv2%2Fcategories&post=576"},{"taxonomy":"post_tag","embeddable":true,"href":"https:\/\/turkiyemhaber.com\/index.php?rest_route=%2Fwp%2Fv2%2Ftags&post=576"}],"curies":[{"name":"wp","href":"https:\/\/api.w.org\/{rel}","templated":true}]}}