{"id":573,"date":"2026-05-02T21:51:28","date_gmt":"2026-05-02T21:51:28","guid":{"rendered":"https:\/\/turkiyemhaber.com\/?p=573"},"modified":"2026-05-02T21:51:34","modified_gmt":"2026-05-02T21:51:34","slug":"icisleri-bakanligi-istanbulda-kanuna-aykiri-eylem-girisiminde-bulunan-575-sahis-hakkinda-islemler-yurutulmektedir","status":"publish","type":"post","link":"https:\/\/turkiyemhaber.com\/?p=573","title":{"rendered":"\u0130\u00e7i\u015fleri Bakanl\u0131\u011f\u0131: \u0130stanbul&#8217;da kanuna ayk\u0131r\u0131 eylem giri\u015fiminde bulunan 575 \u015fah\u0131s hakk\u0131nda i\u015flemler y\u00fcr\u00fct\u00fclmektedir"},"content":{"rendered":"\n<p>\u0130\u00e7i\u015fleri Bakanl\u0131\u011f\u0131, 1 May\u0131s Emek ve Dayan\u0131\u015fma G\u00fcn\u00fc&#8217;nde 88 bin 2 personelin g\u00f6rev ald\u0131\u011f\u0131n\u0131, \u0130stanbul&#8217;da kanuna ayk\u0131r\u0131 eylem giri\u015fiminde bulunan 575 ki\u015fi hakk\u0131nda gerekli i\u015flemlerin y\u00fcr\u00fct\u00fcld\u00fc\u011f\u00fcn\u00fc bildirdi.<\/p>\n\n\n\n<p>Ankara<\/p>\n\n\n\n<p>Bakanl\u0131\u011f\u0131n NSosyal hesab\u0131ndan yap\u0131lan a\u00e7\u0131klamada, \u00fclke genelinde 1 May\u0131s Emek ve Dayan\u0131\u015fma G\u00fcn\u00fc kapsam\u0131nda \u00e7e\u015fitli etkinliklerin d\u00fczenlendi\u011fi, bu kapsamda 80 ilde, toplam 226 bin 410 vatanda\u015f\u0131n kat\u0131l\u0131m\u0131yla 195 etkinli\u011fin ger\u00e7ekle\u015ftirildi\u011fi belirtildi.<\/p>\n\n\n\n<p>Kamu d\u00fczeni ve g\u00fcvenli\u011finin sa\u011flanmas\u0131na y\u00f6nelik olarak \u00fclke genelinde Emniyet, Jandarma ve Sahil G\u00fcvenlik&#8217;ten 88 bin 2 personelin g\u00f6rev yapt\u0131\u011f\u0131 belirtilen a\u00e7\u0131klamada, \u015funlar kaydedildi:<\/p>\n\n\n\n<p>&#8220;\u0130stanbul ilimizde kanuna ayk\u0131r\u0131 eylem giri\u015fiminde bulunan 575 \u015fah\u0131s hakk\u0131nda da gerekli i\u015flemler y\u00fcr\u00fct\u00fclmektedir. Vatanda\u015flar\u0131m\u0131z\u0131n g\u00fcvenli\u011fi, en temel \u00f6nceli\u011fimizdir. \u00dclkemizin d\u00f6rt bir yan\u0131nda, kamu d\u00fczeni ve vatanda\u015flar\u0131m\u0131z\u0131n g\u00fcvenli\u011finin sa\u011flanmas\u0131na y\u00f6nelik \u00e7al\u0131\u015fmalar, t\u00fcm birimlerimizin koordinasyonuyla kararl\u0131l\u0131kla s\u00fcrd\u00fcr\u00fclmektedir. G\u00f6revlerini b\u00fcy\u00fck bir \u00f6zveriyle yerine getiren t\u00fcm g\u00fcvenlik g\u00fc\u00e7lerimize te\u015fekk\u00fcr ediyoruz.&#8221;<\/p>\n","protected":false},"excerpt":{"rendered":"<p>\u0130\u00e7i\u015fleri Bakanl\u0131\u011f\u0131, 1 May\u0131s Emek ve Dayan\u0131\u015fma G\u00fcn\u00fc&#8217;nde 88 bin 2 personelin g\u00f6rev ald\u0131\u011f\u0131n\u0131, \u0130stanbul&#8217;da kanuna ayk\u0131r\u0131 eylem giri\u015fiminde bulunan 575 ki\u015fi hakk\u0131nda gerekli i\u015flemlerin y\u00fcr\u00fct\u00fcld\u00fc\u011f\u00fcn\u00fc bildirdi. Ankara Bakanl\u0131\u011f\u0131n NSosyal hesab\u0131ndan yap\u0131lan a\u00e7\u0131klamada, \u00fclke genelinde 1 May\u0131s Emek ve Dayan\u0131\u015fma G\u00fcn\u00fc kapsam\u0131nda \u00e7e\u015fitli etkinliklerin d\u00fczenlendi\u011fi, bu kapsamda 80 ilde, toplam 226 bin 410 vatanda\u015f\u0131n kat\u0131l\u0131m\u0131yla<\/p>\n","protected":false},"author":1,"featured_media":574,"comment_status":"open","ping_status":"open","sticky":false,"template":"","format":"standard","meta":{"_rtcl_gb_attr":"","footnotes":""},"categories":[7],"tags":[],"class_list":["post-573","post","type-post","status-publish","format-standard","has-post-thumbnail","hentry","category-gundem"],"_links":{"self":[{"href":"https:\/\/turkiyemhaber.com\/index.php?rest_route=\/wp\/v2\/posts\/573","targetHints":{"allow":["GET"]}}],"collection":[{"href":"https:\/\/turkiyemhaber.com\/index.php?rest_route=\/wp\/v2\/posts"}],"about":[{"href":"https:\/\/turkiyemhaber.com\/index.php?rest_route=\/wp\/v2\/types\/post"}],"author":[{"embeddable":true,"href":"https:\/\/turkiyemhaber.com\/index.php?rest_route=\/wp\/v2\/users\/1"}],"replies":[{"embeddable":true,"href":"https:\/\/turkiyemhaber.com\/index.php?rest_route=%2Fwp%2Fv2%2Fcomments&post=573"}],"version-history":[{"count":1,"href":"https:\/\/turkiyemhaber.com\/index.php?rest_route=\/wp\/v2\/posts\/573\/revisions"}],"predecessor-version":[{"id":575,"href":"https:\/\/turkiyemhaber.com\/index.php?rest_route=\/wp\/v2\/posts\/573\/revisions\/575"}],"wp:featuredmedia":[{"embeddable":true,"href":"https:\/\/turkiyemhaber.com\/index.php?rest_route=\/wp\/v2\/media\/574"}],"wp:attachment":[{"href":"https:\/\/turkiyemhaber.com\/index.php?rest_route=%2Fwp%2Fv2%2Fmedia&parent=573"}],"wp:term":[{"taxonomy":"category","embeddable":true,"href":"https:\/\/turkiyemhaber.com\/index.php?rest_route=%2Fwp%2Fv2%2Fcategories&post=573"},{"taxonomy":"post_tag","embeddable":true,"href":"https:\/\/turkiyemhaber.com\/index.php?rest_route=%2Fwp%2Fv2%2Ftags&post=573"}],"curies":[{"name":"wp","href":"https:\/\/api.w.org\/{rel}","templated":true}]}}