{"id":567,"date":"2026-05-02T21:47:47","date_gmt":"2026-05-02T21:47:47","guid":{"rendered":"https:\/\/turkiyemhaber.com\/?p=567"},"modified":"2026-05-02T21:47:51","modified_gmt":"2026-05-02T21:47:51","slug":"ankarada-kendisini-mit-mensubu-ve-diplomat-olarak-tanitan-supheliye-10-yila-kadar-hapis-talebi","status":"publish","type":"post","link":"https:\/\/turkiyemhaber.com\/?p=567","title":{"rendered":"Ankara&#8217;da kendisini M\u0130T mensubu ve diplomat olarak tan\u0131tan \u015f\u00fcpheliye 10 y\u0131la kadar hapis talebi"},"content":{"rendered":"\n<p>Ankara Cumhuriyet Ba\u015fsavc\u0131l\u0131\u011f\u0131, kendisini kamu g\u00f6revlisi ve \u00fcst d\u00fczey devlet yetkilisi olarak tan\u0131tarak \u00e7ok say\u0131da ki\u015fiyi doland\u0131rd\u0131\u011f\u0131 \u00f6ne s\u00fcr\u00fclen \u015eerife Y\u0131lmaz hakk\u0131nda 10 y\u0131la kadar hapis istemiyle iddianame haz\u0131rlad\u0131.<\/p>\n\n\n\n<p>Ankara<\/p>\n\n\n\n<p>\u0130ddianameye g\u00f6re, kendisini M\u0130T mensubu, diplomat, NATO ve BM temsilcisi olarak tan\u0131tan Y\u0131lmaz&#8217;\u0131n sahte belgelerle \u00e7ok say\u0131da ki\u015fiyi doland\u0131rd\u0131\u011f\u0131 ihbar\u0131 \u00fczerine soru\u015fturma ba\u015flat\u0131ld\u0131.<\/p>\n\n\n\n<p>Ankara Emniyet M\u00fcd\u00fcrl\u00fc\u011f\u00fc ekiplerince teknik ve fiziki takibe al\u0131nan \u015f\u00fcpheli, para ald\u0131\u011f\u0131 ki\u015fileri, ABD vatanda\u015f\u0131 oldu\u011funu ve yurt d\u0131\u015f\u0131 hesaplar\u0131ndan transferin zaman alaca\u011f\u0131n\u0131 s\u00f6yleyerek doland\u0131rd\u0131\u011f\u0131n\u0131n tespit edilmesi \u00fczerine g\u00f6zalt\u0131na al\u0131nd\u0131.<\/p>\n\n\n\n<p>\u0130ddianamede yer alan m\u00fc\u015fteki beyanlar\u0131na g\u00f6re \u015f\u00fcpheli Y\u0131lmaz, Ankara&#8217;da bir kafede tan\u0131\u015ft\u0131\u011f\u0131 \u00d6.G&#8217;ye kendisini &#8220;diplomat&#8221; olarak tan\u0131tt\u0131.<\/p>\n\n\n\n<p>\u00d6.G. bir arkada\u015f\u0131n\u0131n Milli Savunma Bakanl\u0131\u011f\u0131nda (MSB) onay bekledi\u011fi bir i\u015flemle alakal\u0131 bilgi al\u0131p alamayaca\u011f\u0131n\u0131 sordu\u011funu, Y\u0131lmaz&#8217;\u0131n da telefon g\u00f6r\u00fc\u015fmesi yapt\u0131ktan sonra onay i\u015fleminin yap\u0131ld\u0131\u011f\u0131n\u0131, cuma ak\u015fam saati oldu\u011fu i\u00e7in onay\u0131n pazartesi g\u00fcn\u00fc mesai saati sisteme d\u00fc\u015fece\u011fini s\u00f6yledi\u011fini aktard\u0131.<\/p>\n\n\n\n<p>MSB ile koordineli \u00e7al\u0131\u015ft\u0131\u011f\u0131n\u0131 ve bekleyen onay i\u015flemlerini halledebilece\u011fini iddia eden Y\u0131lmaz&#8217;\u0131n, bu y\u00f6ntemle m\u00fc\u015ftekiden iki seferde y\u00fckl\u00fc miktarda para ald\u0131\u011f\u0131 belirlendi.<\/p>\n\n\n\n<p>\u0130\u015flemlerin ger\u00e7ekle\u015fmemesi \u00fczerine \u015f\u00fcphelendi\u011fini belirten \u00d6.G. &#8220;Yapt\u0131\u011f\u0131m ara\u015ft\u0131rmalar neticesinde \u015f\u00fcphelinin kendisini M\u0130T mensubu, diplomat, \u00fcst d\u00fczey devlet g\u00f6revlileriyle irtibatl\u0131 oldu\u011funu tan\u0131tarak bir\u00e7ok ki\u015fiyi doland\u0131rd\u0131\u011f\u0131n\u0131 \u00f6\u011frendim. Kendisinden g\u00f6nderdi\u011fim paralar\u0131 talep edince bana day\u0131s\u0131n\u0131n M\u0130T&#8217;te \u00fcst d\u00fczey g\u00f6revli oldu\u011funu s\u00f6yleyerek paray\u0131 vermemek i\u00e7in beni sindirmeye \u00e7al\u0131\u015ft\u0131. Halen kendisinden param\u0131 alamad\u0131m.&#8221; \u015feklinde beyanda bulundu.<\/p>\n\n\n\n<h2 class=\"wp-block-heading\">Telefonundan sahte &#8220;devlet \u00f6v\u00fcn\u00e7 madalyas\u0131 berat\u0131&#8221; \u00e7\u0131kt\u0131<\/h2>\n\n\n\n<p>\u0130ddianamede ifadesine yer verilen Y\u0131lmaz, m\u00fc\u015ftekiyi tan\u0131d\u0131\u011f\u0131n\u0131, ifadesinde belirtti\u011fi gibi herhangi bir \u015fey vadetmedi\u011fini \u00f6ne s\u00fcrerek, bor\u00e7 ama\u00e7l\u0131 para ald\u0131\u011f\u0131n\u0131 ve geri \u00f6deyemedi\u011fini, kendisini de diplomat ya da herhangi bir kamu \u00e7al\u0131\u015fan\u0131 olarak tan\u0131tmad\u0131\u011f\u0131n\u0131 savundu.<\/p>\n\n\n\n<p>\u015e\u00fcphelinin dijital materyallerinde yap\u0131lan incelemelerde ise telefonunda kendi ad\u0131na sahte olarak d\u00fczenlenmi\u015f &#8220;T\u00fcrkiye Cumhuriyeti Devlet \u00d6v\u00fcn\u00e7 Madalyas\u0131 Berat\u0131&#8221; ve sahte tapu evraklar\u0131 tespit edildi. Ayr\u0131ca \u015f\u00fcphelinin WhatsApp yaz\u0131\u015fmalar\u0131nda, kendisini M\u0130T g\u00f6revlisi, BM, NATO ve AB konular\u0131nda tam yetkili diplomat olarak tan\u0131tt\u0131\u011f\u0131na dair \u00e7ok say\u0131da mesaj bulundu.<\/p>\n\n\n\n<h2 class=\"wp-block-heading\">Doland\u0131r\u0131c\u0131l\u0131\u011f\u0131 &#8220;meslek haline getirdi\u011fi&#8221; tespiti<\/h2>\n\n\n\n<p>\u015e\u00fcphelinin benzer y\u00f6ntemlerle \u00e7ok say\u0131da su\u00e7 duyurusuna konu oldu\u011fu ve doland\u0131r\u0131c\u0131l\u0131\u011f\u0131 &#8220;meslek haline getirdi\u011fi&#8221; belirtilen iddianamede, \u015fu tespitlere yer verildi:<\/p>\n\n\n\n<p>&#8220;\u015e\u00fcpheli hakk\u0131nda UYAP \u00fczerinden yap\u0131lan sorgulamalarda benzer iddialarla bir\u00e7ok su\u00e7 duyurusunun bulundu\u011fu, yine \u015f\u00fcphelinin telefonunda yap\u0131lan incelemede kendisini M\u0130T g\u00f6revlisi BM, NATO, AB konular\u0131nda tam yetkili diplomat olarak tan\u0131tt\u0131\u011f\u0131na ve para talep etti\u011fine y\u00f6nelik mesajlar tespit edilmi\u015ftir. T\u00fcm dosya kapsam\u0131nda yap\u0131lan inceleme neticesinde \u015f\u00fcphelinin inkara y\u00f6nelik ifadesinin su\u00e7tan kurtulmaya y\u00f6nelik oldu\u011funun de\u011ferlendirildi\u011fi ve m\u00fc\u015fteki beyan\u0131na itibar edildi\u011fi, bu suretle \u015f\u00fcphelinin m\u00fc\u015ftekiye kendisini diplomat olarak tan\u0131tarak &#8216;kendisini kamu g\u00f6revlisi veya banka, sigorta, kredi kurumlar\u0131n\u0131n \u00e7al\u0131\u015fan\u0131 olarak tan\u0131tmas\u0131 veya bu kurumlarla ili\u015fkili oldu\u011funu s\u00f6ylemesi&#8217; suretiyle doland\u0131r\u0131c\u0131l\u0131k su\u00e7undan kamu davas\u0131 ikame etmeye yeterli delil bulundu\u011fu anla\u015f\u0131lmaktad\u0131r.&#8221;<\/p>\n\n\n\n<p>\u0130ddianamede, \u015eerife Y\u0131lmaz&#8217;\u0131n &#8220;nitelikli doland\u0131r\u0131c\u0131l\u0131k&#8221; su\u00e7undan 10 y\u0131la kadar hapisle cezaland\u0131r\u0131lmas\u0131 talep edildi.<\/p>\n","protected":false},"excerpt":{"rendered":"<p>Ankara Cumhuriyet Ba\u015fsavc\u0131l\u0131\u011f\u0131, kendisini kamu g\u00f6revlisi ve \u00fcst d\u00fczey devlet yetkilisi olarak tan\u0131tarak \u00e7ok say\u0131da ki\u015fiyi doland\u0131rd\u0131\u011f\u0131 \u00f6ne s\u00fcr\u00fclen \u015eerife Y\u0131lmaz hakk\u0131nda 10 y\u0131la kadar hapis istemiyle iddianame haz\u0131rlad\u0131. Ankara \u0130ddianameye g\u00f6re, kendisini M\u0130T mensubu, diplomat, NATO ve BM temsilcisi olarak tan\u0131tan Y\u0131lmaz&#8217;\u0131n sahte belgelerle \u00e7ok say\u0131da ki\u015fiyi doland\u0131rd\u0131\u011f\u0131 ihbar\u0131 \u00fczerine soru\u015fturma ba\u015flat\u0131ld\u0131. Ankara Emniyet<\/p>\n","protected":false},"author":1,"featured_media":568,"comment_status":"open","ping_status":"open","sticky":false,"template":"","format":"standard","meta":{"_rtcl_gb_attr":"","footnotes":""},"categories":[1],"tags":[],"class_list":["post-567","post","type-post","status-publish","format-standard","has-post-thumbnail","hentry","category-http-turkiyemhaber-com-wp-content-uploads-2026-03-saray-59-haber-13-mart-pdf"],"_links":{"self":[{"href":"https:\/\/turkiyemhaber.com\/index.php?rest_route=\/wp\/v2\/posts\/567","targetHints":{"allow":["GET"]}}],"collection":[{"href":"https:\/\/turkiyemhaber.com\/index.php?rest_route=\/wp\/v2\/posts"}],"about":[{"href":"https:\/\/turkiyemhaber.com\/index.php?rest_route=\/wp\/v2\/types\/post"}],"author":[{"embeddable":true,"href":"https:\/\/turkiyemhaber.com\/index.php?rest_route=\/wp\/v2\/users\/1"}],"replies":[{"embeddable":true,"href":"https:\/\/turkiyemhaber.com\/index.php?rest_route=%2Fwp%2Fv2%2Fcomments&post=567"}],"version-history":[{"count":1,"href":"https:\/\/turkiyemhaber.com\/index.php?rest_route=\/wp\/v2\/posts\/567\/revisions"}],"predecessor-version":[{"id":569,"href":"https:\/\/turkiyemhaber.com\/index.php?rest_route=\/wp\/v2\/posts\/567\/revisions\/569"}],"wp:featuredmedia":[{"embeddable":true,"href":"https:\/\/turkiyemhaber.com\/index.php?rest_route=\/wp\/v2\/media\/568"}],"wp:attachment":[{"href":"https:\/\/turkiyemhaber.com\/index.php?rest_route=%2Fwp%2Fv2%2Fmedia&parent=567"}],"wp:term":[{"taxonomy":"category","embeddable":true,"href":"https:\/\/turkiyemhaber.com\/index.php?rest_route=%2Fwp%2Fv2%2Fcategories&post=567"},{"taxonomy":"post_tag","embeddable":true,"href":"https:\/\/turkiyemhaber.com\/index.php?rest_route=%2Fwp%2Fv2%2Ftags&post=567"}],"curies":[{"name":"wp","href":"https:\/\/api.w.org\/{rel}","templated":true}]}}