{"id":5644,"date":"2026-09-03T22:00:12","date_gmt":"2026-09-03T22:00:12","guid":{"rendered":"https:\/\/turkiyemhaber.com\/?p=5644"},"modified":"2026-09-03T22:00:19","modified_gmt":"2026-09-03T22:00:19","slug":"zabita-teskilatinin-200uncu-yil-donumu-tekirdagda-toren-ve-etkinliklerle-kutlandi","status":"publish","type":"post","link":"https:\/\/turkiyemhaber.com\/?p=5644","title":{"rendered":"Zab\u0131ta Te\u015fkilat\u0131&#8217;n\u0131n 200&#8217;\u00fcnc\u00fc Y\u0131l D\u00f6n\u00fcm\u00fc Tekirda\u011f&#8217;da T\u00f6ren ve Etkinliklerle Kutland\u0131"},"content":{"rendered":"\n<p class=\"wp-block-paragraph\">Zab\u0131ta Te\u015fkilat\u0131&#8217;n\u0131n kurulu\u015funun 200&#8217;\u00fcnc\u00fc y\u0131l d\u00f6n\u00fcm\u00fc ve 1-7 Eyl\u00fcl Zab\u0131ta Haftas\u0131, Tekirda\u011f&#8217;da d\u00fczenlenen t\u00f6renle ba\u015flad\u0131. B\u00fcy\u00fck\u015fehir Belediye Ba\u015fkan\u0131 Candan Y\u00fcceer, zab\u0131ta personelini belediye hizmet binas\u0131nda a\u011f\u0131rlayarak haftalar\u0131n\u0131 kutlad\u0131 ve \u00f6\u011fle yeme\u011finde bir araya geldi. Zab\u0131ta Te\u015fkilat\u0131&#8217;n\u0131n kurulu\u015funun 200&#8217;\u00fcnc\u00fc y\u0131l d\u00f6n\u00fcm\u00fc ve 1-7 Eyl\u00fcl Zab\u0131ta Haftas\u0131, Tekirda\u011f&#8217;da d\u00fczenlenen t\u00f6ren ve \u00e7e\u015fitli etkinliklerle kutland\u0131.<\/p>\n\n\n\n<p class=\"wp-block-paragraph\">Kutlamalar, Tekirda\u011f Valili\u011fi \u00f6n\u00fcndeki Atat\u00fcrk An\u0131t\u0131&#8217;na \u00e7elenk sunulmas\u0131yla ba\u015flad\u0131. T\u00f6rene Tekirda\u011f B\u00fcy\u00fck\u015fehir Belediye Ba\u015fkan\u0131 Dr. Candan Y\u00fcceer, belediye y\u00f6neticileri, zab\u0131ta personeli ve kamu kurumlar\u0131n\u0131n temsilcileri kat\u0131ld\u0131.<\/p>\n\n\n\n<p class=\"wp-block-paragraph\">\u00c7elenk sunumunun ard\u0131ndan sayg\u0131 duru\u015funda bulunulup \u0130stiklal Mar\u015f\u0131 okundu. T\u00f6rende konu\u015fan Tekirda\u011f B\u00fcy\u00fck\u015fehir Belediyesi Zab\u0131ta Dairesi Ba\u015fkan\u0131 Sedat Akb\u0131y\u0131k, 200 y\u0131ll\u0131k k\u00f6kl\u00fc ge\u00e7mi\u015fe sahip Zab\u0131ta Te\u015fkilat\u0131&#8217;n\u0131n kent d\u00fczeninin sa\u011flanmas\u0131nda \u00f6nemli g\u00f6revler \u00fcstlendi\u011fini belirterek zab\u0131ta personelinin vatanda\u015flarla do\u011frudan temas halinde \u00e7al\u0131\u015ft\u0131\u011f\u0131n\u0131 ifade etti.<\/p>\n\n\n\n<p class=\"wp-block-paragraph\"><strong>BA\u015eKAN Y\u00dcCEER ZABITA PERSONEL\u0130N\u0130 A\u011eIRLADI<\/strong><\/p>\n\n\n\n<p class=\"wp-block-paragraph\">Kutlama program\u0131n\u0131n devam\u0131nda Ba\u015fkan Candan Y\u00fcceer, zab\u0131ta personelini belediye hizmet binas\u0131nda a\u011f\u0131rlad\u0131. Y\u00fcceer, kentte huzur, d\u00fczen ve esenli\u011fin sa\u011flanmas\u0131 i\u00e7in g\u00f6rev yapan zab\u0131ta personeline te\u015fekk\u00fcr ederek Zab\u0131ta Haftas\u0131&#8217;n\u0131 kutlad\u0131.<\/p>\n\n\n\n<p class=\"wp-block-paragraph\">Y\u00fcceer, zab\u0131ta personelinin belediye ile vatanda\u015f aras\u0131nda \u00f6nemli bir ba\u011f kurdu\u011funu belirterek, g\u00f6revlerini \u00f6zveriyle s\u00fcrd\u00fcren personele ba\u015far\u0131lar diledi.<\/p>\n\n\n\n<p class=\"wp-block-paragraph\">Program, Ba\u015fkan Y\u00fcceer&#8217;in zab\u0131ta personeliyle belediye yemekhanesinde d\u00fczenlenen \u00f6\u011fle yeme\u011finde bir araya gelmesiyle devam etti.<\/p>\n\n\n\n<p class=\"wp-block-paragraph\"><em>(Haber G\u00f6rseli: Tekirda\u011f Valili\u011fi \u00f6n\u00fcndeki \u00e7elenk sunum t\u00f6reni ve Ba\u015fkan Candan Y\u00fcceer&#8217;in zab\u0131ta personeliyle bir araya geldi\u011fi bulu\u015fmaya ait g\u00f6rsel eklenecektir.)<\/em><\/p>\n\n\n\n<p class=\"wp-block-paragraph\">#Tekirda\u011f #CandanY\u00fcceer #Zab\u0131taHaftas\u0131 #Zab\u0131taTe\u015fkilat\u0131 #Tekirda\u011fB\u00fcy\u00fck\u015fehirBelediyesi #G\u00fcndem #SonDakika #Haber #mnrmedya #t\u00fcrkiyemradyo #t\u00fcrkiyemhaber<\/p>\n","protected":false},"excerpt":{"rendered":"<p>Zab\u0131ta Te\u015fkilat\u0131&#8217;n\u0131n kurulu\u015funun 200&#8217;\u00fcnc\u00fc y\u0131l d\u00f6n\u00fcm\u00fc ve 1-7 Eyl\u00fcl Zab\u0131ta Haftas\u0131, Tekirda\u011f&#8217;da d\u00fczenlenen t\u00f6renle ba\u015flad\u0131.<\/p>\n","protected":false},"author":10,"featured_media":5645,"comment_status":"open","ping_status":"open","sticky":false,"template":"","format":"standard","meta":{"_rtcl_gb_attr":"","footnotes":""},"categories":[1],"tags":[],"class_list":["post-5644","post","type-post","status-publish","format-standard","has-post-thumbnail","hentry","category-http-turkiyemhaber-com-wp-content-uploads-2026-03-saray-59-haber-13-mart-pdf"],"_links":{"self":[{"href":"https:\/\/turkiyemhaber.com\/index.php?rest_route=\/wp\/v2\/posts\/5644","targetHints":{"allow":["GET"]}}],"collection":[{"href":"https:\/\/turkiyemhaber.com\/index.php?rest_route=\/wp\/v2\/posts"}],"about":[{"href":"https:\/\/turkiyemhaber.com\/index.php?rest_route=\/wp\/v2\/types\/post"}],"author":[{"embeddable":true,"href":"https:\/\/turkiyemhaber.com\/index.php?rest_route=\/wp\/v2\/users\/10"}],"replies":[{"embeddable":true,"href":"https:\/\/turkiyemhaber.com\/index.php?rest_route=%2Fwp%2Fv2%2Fcomments&post=5644"}],"version-history":[{"count":1,"href":"https:\/\/turkiyemhaber.com\/index.php?rest_route=\/wp\/v2\/posts\/5644\/revisions"}],"predecessor-version":[{"id":5646,"href":"https:\/\/turkiyemhaber.com\/index.php?rest_route=\/wp\/v2\/posts\/5644\/revisions\/5646"}],"wp:featuredmedia":[{"embeddable":true,"href":"https:\/\/turkiyemhaber.com\/index.php?rest_route=\/wp\/v2\/media\/5645"}],"wp:attachment":[{"href":"https:\/\/turkiyemhaber.com\/index.php?rest_route=%2Fwp%2Fv2%2Fmedia&parent=5644"}],"wp:term":[{"taxonomy":"category","embeddable":true,"href":"https:\/\/turkiyemhaber.com\/index.php?rest_route=%2Fwp%2Fv2%2Fcategories&post=5644"},{"taxonomy":"post_tag","embeddable":true,"href":"https:\/\/turkiyemhaber.com\/index.php?rest_route=%2Fwp%2Fv2%2Ftags&post=5644"}],"curies":[{"name":"wp","href":"https:\/\/api.w.org\/{rel}","templated":true}]}}