{"id":5641,"date":"2026-09-03T21:58:41","date_gmt":"2026-09-03T21:58:41","guid":{"rendered":"https:\/\/turkiyemhaber.com\/?p=5641"},"modified":"2026-09-03T21:58:47","modified_gmt":"2026-09-03T21:58:47","slug":"tekirdag-marmaraereglisinde-motoryatta-cikan-yanginda-2-kisi-kurtarildi","status":"publish","type":"post","link":"https:\/\/turkiyemhaber.com\/?p=5641","title":{"rendered":"Tekirda\u011f Marmaraere\u011flisi&#8217;nde Motoryatta \u00c7\u0131kan Yang\u0131nda 2 Ki\u015fi Kurtar\u0131ld\u0131"},"content":{"rendered":"\n<p class=\"wp-block-paragraph\">Tekirda\u011f&#8217;\u0131n Marmaraere\u011flisi il\u00e7esi a\u00e7\u0131klar\u0131nda seyir halindeki bir motoryat\u0131n makine b\u00f6l\u00fcm\u00fcnde yang\u0131n \u00e7\u0131kt\u0131. Sahil G\u00fcvenlik ekiplerinin m\u00fcdahalesiyle 2 ki\u015fi g\u00fcvenli \u015fekilde tahliye edilirken, yang\u0131n kontrol alt\u0131na al\u0131narak s\u00f6nd\u00fcr\u00fcld\u00fc ve motoryatta maddi hasar meydana geldi. Tekirda\u011f&#8217;\u0131n Marmaraere\u011flisi il\u00e7esi a\u00e7\u0131klar\u0131nda seyir halindeki motoryatta yang\u0131n \u00e7\u0131kt\u0131. Yang\u0131nda teknede bulunan 2 ki\u015fi, Sahil G\u00fcvenlik ekiplerinin m\u00fcdahalesiyle kurtar\u0131ld\u0131.<\/p>\n\n\n\n<p class=\"wp-block-paragraph\">Olay, Marmaraere\u011flisi a\u00e7\u0131klar\u0131nda meydana geldi. Edinilen bilgilere g\u00f6re, bir motoryat\u0131n makine b\u00f6l\u00fcm\u00fcnde hen\u00fcz belirlenemeyen nedenle yang\u0131n \u00e7\u0131kt\u0131. K\u0131sa s\u00fcrede b\u00fcy\u00fcyen alevler \u00fczerine durum Sahil G\u00fcvenlik Komutanl\u0131\u011f\u0131 ekiplerine bildirildi. \u0130hbar\u0131n ard\u0131ndan b\u00f6lgeye Sahil G\u00fcvenlik gemisi, korvet ve botlar sevk edildi. Yang\u0131nla m\u00fccadele edilirken motoryatta bulunan 2 ki\u015fi ekipler taraf\u0131ndan g\u00fcvenli \u015fekilde tahliye edildi. S\u00f6nd\u00fcrme \u00e7al\u0131\u015fmas\u0131n\u0131n ard\u0131ndan yang\u0131n kontrol alt\u0131na al\u0131narak tamamen s\u00f6nd\u00fcr\u00fcld\u00fc. Sa\u011fl\u0131k durumlar\u0131n\u0131n iyi oldu\u011fu \u00f6\u011frenilen 2 ki\u015fi, ekipler taraf\u0131ndan Marmaraere\u011flisi Liman\u0131&#8217;na getirildi.<\/p>\n\n\n\n<p class=\"wp-block-paragraph\">Yang\u0131n nedeniyle motoryatta maddi hasar meydana gelirken, olay\u0131n \u00e7\u0131k\u0131\u015f nedeninin belirlenmesi amac\u0131yla inceleme ba\u015flat\u0131ld\u0131.<\/p>\n\n\n\n<p class=\"wp-block-paragraph\">#Tekirda\u011f #Marmaraere\u011flisi #SahilG\u00fcvenlik #Yang\u0131n #SonDakika #G\u00fcndem #Haber #mnrmedya #t\u00fcrkiyemradyo #t\u00fcrkiyemhaber<\/p>\n","protected":false},"excerpt":{"rendered":"<p>Tekirda\u011f&#8217;\u0131n Marmaraere\u011flisi il\u00e7esi a\u00e7\u0131klar\u0131nda seyir halindeki bir motoryat\u0131n makine b\u00f6l\u00fcm\u00fcnde yang\u0131n \u00e7\u0131kt\u0131. Sahil G\u00fcvenlik ekiplerinin<\/p>\n","protected":false},"author":10,"featured_media":5642,"comment_status":"open","ping_status":"open","sticky":false,"template":"","format":"standard","meta":{"_rtcl_gb_attr":"","footnotes":""},"categories":[1],"tags":[],"class_list":["post-5641","post","type-post","status-publish","format-standard","has-post-thumbnail","hentry","category-http-turkiyemhaber-com-wp-content-uploads-2026-03-saray-59-haber-13-mart-pdf"],"_links":{"self":[{"href":"https:\/\/turkiyemhaber.com\/index.php?rest_route=\/wp\/v2\/posts\/5641","targetHints":{"allow":["GET"]}}],"collection":[{"href":"https:\/\/turkiyemhaber.com\/index.php?rest_route=\/wp\/v2\/posts"}],"about":[{"href":"https:\/\/turkiyemhaber.com\/index.php?rest_route=\/wp\/v2\/types\/post"}],"author":[{"embeddable":true,"href":"https:\/\/turkiyemhaber.com\/index.php?rest_route=\/wp\/v2\/users\/10"}],"replies":[{"embeddable":true,"href":"https:\/\/turkiyemhaber.com\/index.php?rest_route=%2Fwp%2Fv2%2Fcomments&post=5641"}],"version-history":[{"count":1,"href":"https:\/\/turkiyemhaber.com\/index.php?rest_route=\/wp\/v2\/posts\/5641\/revisions"}],"predecessor-version":[{"id":5643,"href":"https:\/\/turkiyemhaber.com\/index.php?rest_route=\/wp\/v2\/posts\/5641\/revisions\/5643"}],"wp:featuredmedia":[{"embeddable":true,"href":"https:\/\/turkiyemhaber.com\/index.php?rest_route=\/wp\/v2\/media\/5642"}],"wp:attachment":[{"href":"https:\/\/turkiyemhaber.com\/index.php?rest_route=%2Fwp%2Fv2%2Fmedia&parent=5641"}],"wp:term":[{"taxonomy":"category","embeddable":true,"href":"https:\/\/turkiyemhaber.com\/index.php?rest_route=%2Fwp%2Fv2%2Fcategories&post=5641"},{"taxonomy":"post_tag","embeddable":true,"href":"https:\/\/turkiyemhaber.com\/index.php?rest_route=%2Fwp%2Fv2%2Ftags&post=5641"}],"curies":[{"name":"wp","href":"https:\/\/api.w.org\/{rel}","templated":true}]}}