{"id":564,"date":"2026-05-02T21:42:46","date_gmt":"2026-05-02T21:42:46","guid":{"rendered":"https:\/\/turkiyemhaber.com\/?p=564"},"modified":"2026-05-02T21:42:51","modified_gmt":"2026-05-02T21:42:51","slug":"vanda-sahipsiz-kopeklerin-saldirisinda-hayatini-kaydeden-cocugun-cenazesi-defnedildi","status":"publish","type":"post","link":"https:\/\/turkiyemhaber.com\/?p=564","title":{"rendered":"Van&#8217;da sahipsiz k\u00f6peklerin sald\u0131r\u0131s\u0131nda hayat\u0131n\u0131 kaydeden \u00e7ocu\u011fun cenazesi defnedildi"},"content":{"rendered":"\n<p>Van&#8217;\u0131n Saray il\u00e7esinde sahipsiz k\u00f6peklerin sald\u0131r\u0131s\u0131 sonucu ya\u015fam\u0131n\u0131 yitiren 5 ya\u015f\u0131ndaki Hamza \u00d6zsoy&#8217;un cenazesi topra\u011fa verildi.<\/p>\n\n\n\n<p>Van<\/p>\n\n\n\n<p>Saray Belediyesi s\u0131n\u0131rlar\u0131ndaki Kaz\u0131mpa\u015fa Mahallesi&#8217;nde sahipsiz k\u00f6peklerin sald\u0131r\u0131s\u0131nda hayat\u0131n\u0131 kaybeden \u00d6zsoy&#8217;un cenazesi, otopsi i\u015flemlerinin ard\u0131ndan ailesine teslim edildi.<\/p>\n\n\n\n<p>Yak\u0131nlar\u0131 taraf\u0131ndan Saray Devlet Hastanesi&#8217;ne g\u00f6t\u00fcr\u00fclen \u00d6zsoy&#8217;un cenazesi, k\u0131l\u0131nan namaz\u0131n ard\u0131ndan il\u00e7e mezarl\u0131\u011f\u0131na defnedildi.<\/p>\n\n\n\n<figure class=\"wp-block-image\"><img decoding=\"async\" src=\"https:\/\/web-cdnprod.aa.com.tr\/uploads\/Contents\/2026\/04\/30\/6b2be7fd4e78deba7de7ebc24eacee83.jpg\" alt=\"\"\/><\/figure>\n\n\n\n<p>Cenazeye \u00e7ocu\u011fun yak\u0131nlar\u0131 ile il\u00e7e sakinleri kat\u0131ld\u0131.<\/p>\n\n\n\n<p><a href=\"https:\/\/aa.com.tr\/tr\/gundem\/vanda-sahipsiz-kopeklerin-saldirisi-sonucu-bir-cocuk-hayatini-kaybetti-bir-cocuk-yaralandi\/3921983\"><\/a><\/p>\n\n\n\n<p><a href=\"https:\/\/aa.com.tr\/tr\/gundem\/vanda-sahipsiz-kopeklerin-saldirisi-sonucu-bir-cocuk-hayatini-kaybetti-bir-cocuk-yaralandi\/3921983\">Van&#8217;da sahipsiz k\u00f6peklerin sald\u0131r\u0131s\u0131 sonucu bir \u00e7ocuk hayat\u0131n\u0131 kaybetti, bir \u00e7ocuk yaraland\u0131<\/a><\/p>\n\n\n\n<h2 class=\"wp-block-heading\">Belediye \u00e7al\u0131\u015fan\u0131 g\u00f6zalt\u0131na al\u0131nd\u0131<\/h2>\n\n\n\n<p>\u00d6te yandan, sald\u0131r\u0131ya ili\u015fkin Saray Cumhuriyet Ba\u015fsavc\u0131l\u0131\u011f\u0131nca soru\u015fturma ba\u015flat\u0131ld\u0131.<\/p>\n\n\n\n<p>Van Cumhuriyet Ba\u015fsavc\u0131l\u0131\u011f\u0131ndan yap\u0131lan a\u00e7\u0131klamada, &#8220;29 Nisan 2026&#8217;da, Van ili Saray il\u00e7esinde, sahipsiz k\u00f6peklerin sald\u0131r\u0131s\u0131 sonucu 5 ya\u015f\u0131ndaki \u00e7ocu\u011fumuzun ya\u015fam\u0131n\u0131 yitirdi\u011fi, 10 ya\u015f\u0131ndaki \u00e7ocu\u011fumuzun ise yaral\u0131 halde kurtar\u0131ld\u0131\u011f\u0131 olaya ili\u015fkin 5199 say\u0131l\u0131 Hayvanlar\u0131 Koruma Kanunu kapsam\u0131nda belediye yetkilileri hakk\u0131nda Saray Cumhuriyet Ba\u015fsavc\u0131l\u0131\u011f\u0131m\u0131zca soru\u015fturma ba\u015flat\u0131ld\u0131\u011f\u0131, olay\u0131n t\u00fcm y\u00f6nleriyle ve titizlikle ara\u015ft\u0131r\u0131ld\u0131\u011f\u0131 hususu kamuoyuna duyurulur.&#8221; ifadelerine yer verildi.<\/p>\n\n\n\n<p>Soru\u015fturma kapsam\u0131nda belediye \u00e7al\u0131\u015fan\u0131 M.Y&#8217;nin g\u00f6zalt\u0131na al\u0131nd\u0131\u011f\u0131 \u00f6\u011frenildi.<\/p>\n\n\n\n<h2 class=\"wp-block-heading\">\u0130\u00e7i\u015fleri Bakan\u0131 \u00c7ift\u00e7i, m\u00fclkiye m\u00fcfetti\u015fi g\u00f6revlendirildi\u011fini bildirdi<\/h2>\n\n\n\n<p>\u0130\u00e7i\u015fleri Bakan\u0131 Mustafa \u00c7ift\u00e7i, NSosyal&#8217;deki hesab\u0131ndan yapt\u0131\u011f\u0131 a\u00e7\u0131klamada, 5 ya\u015f\u0131ndaki Hamza \u00d6zsoy&#8217;un sahipsiz k\u00f6peklerin sald\u0131r\u0131s\u0131 sonucu hayat\u0131n\u0131 kaybetmesinin kendilerini derinden \u00fczd\u00fc\u011f\u00fcn\u00fc belirtti.<\/p>\n\n\n\n<p>Tedavisi devam eden Ayaz \u00d6zsoy&#8217;a Allah&#8217;tan acil \u015fifalar dileyen \u00c7ift\u00e7i, Ayaz \u00d6zsoy&#8217;un en k\u0131sa s\u00fcrede sa\u011fl\u0131\u011f\u0131na kavu\u015fmas\u0131 temennisinde bulundu.<\/p>\n\n\n\n<p>\u00c7ift\u00e7i, a\u00e7\u0131klamas\u0131nda \u015funlar\u0131 kaydetti:<\/p>\n\n\n\n<p>&#8220;Bu elim hadise, kamu d\u00fczeni ve vatanda\u015flar\u0131m\u0131z\u0131n can g\u00fcvenli\u011fi a\u00e7\u0131s\u0131ndan, sahipsiz hayvanlara y\u00f6nelik mevcut kanuni d\u00fczenlemelerin tavizsiz ve titizlikle uygulanmas\u0131n\u0131n ne kadar zaruri oldu\u011funu bir kez daha g\u00f6stermi\u015ftir. Olayda ihmali ya da kusuru bulunan ki\u015fi veya ki\u015filer hakk\u0131nda gerekli adli ve idari s\u00fcre\u00e7ler hassasiyetle y\u00fcr\u00fct\u00fclecektir. Bu kapsamda \u0130\u00e7i\u015fleri Bakanl\u0131\u011f\u0131m\u0131z taraf\u0131ndan m\u00fclkiye m\u00fcfetti\u015fi g\u00f6revlendirilmi\u015ftir. Soru\u015fturma s\u00fcrecini dikkatle takip edece\u011fiz. Hayat\u0131n\u0131 kaybeden yavrumuz Hamza \u00d6zsoy&#8217;a Allah\u2019tan rahmet, kederli ailesine sab\u0131r ve ba\u015fsa\u011fl\u0131\u011f\u0131 diliyorum. Benzer ac\u0131lar\u0131n bir daha ya\u015fanmamas\u0131 i\u00e7in t\u00fcm tedbirleri g\u00f6zden ge\u00e7irmekte kararl\u0131y\u0131z.&#8221;<\/p>\n\n\n\n<h2 class=\"wp-block-heading\">Olay<\/h2>\n\n\n\n<p>Van&#8217;\u0131n Saray il\u00e7esinde d\u00fcn sahipsiz k\u00f6peklerin sald\u0131r\u0131s\u0131nda 5 ya\u015f\u0131ndaki Hamza \u00d6zsoy ya\u015fam\u0131n\u0131 yitirmi\u015f, 10 ya\u015f\u0131ndaki kuzeni Ayaz \u00d6zsoy ise yaralanm\u0131\u015ft\u0131.<\/p>\n","protected":false},"excerpt":{"rendered":"<p>Van&#8217;\u0131n Saray il\u00e7esinde sahipsiz k\u00f6peklerin sald\u0131r\u0131s\u0131 sonucu ya\u015fam\u0131n\u0131 yitiren 5 ya\u015f\u0131ndaki Hamza \u00d6zsoy&#8217;un cenazesi topra\u011fa verildi. Van Saray Belediyesi s\u0131n\u0131rlar\u0131ndaki Kaz\u0131mpa\u015fa Mahallesi&#8217;nde sahipsiz k\u00f6peklerin sald\u0131r\u0131s\u0131nda hayat\u0131n\u0131 kaybeden \u00d6zsoy&#8217;un cenazesi, otopsi i\u015flemlerinin ard\u0131ndan ailesine teslim edildi. Yak\u0131nlar\u0131 taraf\u0131ndan Saray Devlet Hastanesi&#8217;ne g\u00f6t\u00fcr\u00fclen \u00d6zsoy&#8217;un cenazesi, k\u0131l\u0131nan namaz\u0131n ard\u0131ndan il\u00e7e mezarl\u0131\u011f\u0131na defnedildi. Cenazeye \u00e7ocu\u011fun yak\u0131nlar\u0131 ile il\u00e7e sakinleri<\/p>\n","protected":false},"author":1,"featured_media":565,"comment_status":"open","ping_status":"open","sticky":false,"template":"","format":"standard","meta":{"_rtcl_gb_attr":"","footnotes":""},"categories":[1],"tags":[],"class_list":["post-564","post","type-post","status-publish","format-standard","has-post-thumbnail","hentry","category-http-turkiyemhaber-com-wp-content-uploads-2026-03-saray-59-haber-13-mart-pdf"],"_links":{"self":[{"href":"https:\/\/turkiyemhaber.com\/index.php?rest_route=\/wp\/v2\/posts\/564","targetHints":{"allow":["GET"]}}],"collection":[{"href":"https:\/\/turkiyemhaber.com\/index.php?rest_route=\/wp\/v2\/posts"}],"about":[{"href":"https:\/\/turkiyemhaber.com\/index.php?rest_route=\/wp\/v2\/types\/post"}],"author":[{"embeddable":true,"href":"https:\/\/turkiyemhaber.com\/index.php?rest_route=\/wp\/v2\/users\/1"}],"replies":[{"embeddable":true,"href":"https:\/\/turkiyemhaber.com\/index.php?rest_route=%2Fwp%2Fv2%2Fcomments&post=564"}],"version-history":[{"count":1,"href":"https:\/\/turkiyemhaber.com\/index.php?rest_route=\/wp\/v2\/posts\/564\/revisions"}],"predecessor-version":[{"id":566,"href":"https:\/\/turkiyemhaber.com\/index.php?rest_route=\/wp\/v2\/posts\/564\/revisions\/566"}],"wp:featuredmedia":[{"embeddable":true,"href":"https:\/\/turkiyemhaber.com\/index.php?rest_route=\/wp\/v2\/media\/565"}],"wp:attachment":[{"href":"https:\/\/turkiyemhaber.com\/index.php?rest_route=%2Fwp%2Fv2%2Fmedia&parent=564"}],"wp:term":[{"taxonomy":"category","embeddable":true,"href":"https:\/\/turkiyemhaber.com\/index.php?rest_route=%2Fwp%2Fv2%2Fcategories&post=564"},{"taxonomy":"post_tag","embeddable":true,"href":"https:\/\/turkiyemhaber.com\/index.php?rest_route=%2Fwp%2Fv2%2Ftags&post=564"}],"curies":[{"name":"wp","href":"https:\/\/api.w.org\/{rel}","templated":true}]}}