{"id":5638,"date":"2026-09-03T21:55:53","date_gmt":"2026-09-03T21:55:53","guid":{"rendered":"https:\/\/turkiyemhaber.com\/?p=5638"},"modified":"2026-09-03T21:56:07","modified_gmt":"2026-09-03T21:56:07","slug":"ayhan-bora-kaplan-davasinda-dikkat-ceken-iddia-cumhur-ittifaki-dagiliyor-sen-de-patlat-gec","status":"publish","type":"post","link":"https:\/\/turkiyemhaber.com\/?p=5638","title":{"rendered":"Ayhan Bora Kaplan Davas\u0131nda Dikkat \u00c7eken \u0130ddia: Cumhur \u0130ttifak\u0131 Da\u011f\u0131l\u0131yor, Sen de Patlat Ge\u00e7"},"content":{"rendered":"\n<p class=\"wp-block-paragraph\">Ayhan Bora Kaplan su\u00e7 \u00f6rg\u00fct\u00fc davas\u0131nda gizli tan\u0131k &#8220;M7&#8221; kod adl\u0131 Serdar Sert\u00e7elik savunmas\u0131nda \u00e7arp\u0131c\u0131 bir iddiay\u0131 g\u00fcndeme getirdi. Sert\u00e7elik, baz\u0131 siyasi ve emniyet mensuplar\u0131n\u0131n kendisini takip etti\u011fini s\u00f6yleyerek, &#8220;Bekir Bozda\u011f, Y\u00fcksel Kocaman, M\u00fccahit Aslan&#8217;\u0131n ye\u011feni takip etmi\u015fler. \u00d6ncesinde haz\u0131rl\u0131k yapm\u0131\u015flar zaten. &#8216;Cumhur \u0130ttifak\u0131 da\u011f\u0131l\u0131yor, Serdar gel sen de patlat ge\u00e7&#8217; \u015feklindeki ifadeler niyetlerini ortaya koyuyor. Bunun bir kumpas oldu\u011funu g\u00f6steriyor&#8221; ifadelerini kulland\u0131.<\/p>\n\n\n\n<p class=\"wp-block-paragraph\">&#8220;Ayhan Bora Kaplan su\u00e7 \u00f6rg\u00fct\u00fcne&#8221; y\u00f6nelik davada, daha \u00f6nce 17&#8217;si tutuklu 61 san\u0131k hakk\u0131nda verilen baz\u0131 h\u00fck\u00fcmlerin istinaf mahkemesince bozulmas\u0131n\u0131n ard\u0131ndan dosya yeniden ele al\u0131nd\u0131. Operasyonu d\u00fczenleyen polisler, Kaplan&#8217;\u0131n avukatlar\u0131 ve &#8220;M7&#8221; kod adl\u0131 gizli tan\u0131k Serdar Sert\u00e7elik&#8217;in dosyalar\u0131 birle\u015ftirildi. Toplam 76 san\u0131kl\u0131 davan\u0131n g\u00f6r\u00fclmesine Ankara 32. A\u011f\u0131r Ceza Mahkemesi&#8217;nce Sincan Cezaevi Kamp\u00fcs\u00fc&#8217;ndeki duru\u015fma salonunda devam edildi.<\/p>\n\n\n\n<p class=\"wp-block-paragraph\">Duru\u015fmaya, tutuklu san\u0131klar Ayhan Bora Kaplan ve Serdar Sert\u00e7elik ile taraf avukatlar\u0131 kat\u0131ld\u0131. Duru\u015fmada ilk olarak &#8220;M7&#8221; kod adl\u0131 gizli tan\u0131k Serdar Sert\u00e7elik savunma yapt\u0131.<\/p>\n\n\n\n<p class=\"wp-block-paragraph\"><strong>&#8220;BUNUN B\u0130R KUMPAS OLDU\u011eUNU G\u00d6STER\u0130YOR&#8221;<\/strong><\/p>\n\n\n\n<p class=\"wp-block-paragraph\">Sert\u00e7elik, soru\u015fturma s\u00fcrecinde baz\u0131 siyasi ve emniyet mensuplar\u0131n\u0131n kendisini takip etti\u011fini ve yurt d\u0131\u015f\u0131na g\u00f6nderilmesinin de bu s\u00fcre\u00e7le ba\u011flant\u0131l\u0131 oldu\u011funu \u00f6ne s\u00fcrd\u00fc. Sert\u00e7elik, &#8220;Bekir Bozda\u011f, Y\u00fcksel Kocaman, M\u00fccahit Aslan&#8217;\u0131n ye\u011feni takip etmi\u015fler. \u00d6ncesinde haz\u0131rl\u0131k yapm\u0131\u015flar zaten. &#8216;Cumhur \u0130ttifak\u0131 da\u011f\u0131l\u0131yor, Serdar gel sen de patlat ge\u00e7&#8217; \u015feklindeki ifadeler niyetlerini ortaya koyuyor. Bunun bir kumpas oldu\u011funu g\u00f6steriyor&#8221; dedi.<\/p>\n\n\n\n<p class=\"wp-block-paragraph\">Yurt d\u0131\u015f\u0131na \u00e7\u0131kt\u0131ktan sonra da tehditlerin s\u00fcrd\u00fc\u011f\u00fcn\u00fc iddia eden Sert\u00e7elik, ailesi \u00fczerinden tehdit edildi\u011fini savundu. Macaristan&#8217;da bulundu\u011fu s\u00fcre\u00e7te T\u00fcrkiye&#8217;ye iade edilmesine ili\u015fkin kararlar\u0131n al\u0131nd\u0131\u011f\u0131n\u0131 belirten Sert\u00e7elik, T\u00fcrkiye&#8217;de kendisine ait oldu\u011fu \u00f6ne s\u00fcr\u00fclen bir telefonun ortaya \u00e7\u0131kar\u0131ld\u0131\u011f\u0131n\u0131 ve ailesinin de ifadeye \u00e7a\u011fr\u0131ld\u0131\u011f\u0131n\u0131 s\u00f6yledi.<\/p>\n\n\n\n<p class=\"wp-block-paragraph\">Sert\u00e7elik, May\u0131s 2025 ile Ocak 2026 aras\u0131nda Macaristan&#8217;da tutuklu kald\u0131\u011f\u0131n\u0131 belirterek, y\u00fcksek g\u00fcvenlikli cezaevinde tutuldu\u011funu ve burada &#8220;ter\u00f6rist gibi g\u00f6sterildi\u011fini&#8221; ileri s\u00fcrd\u00fc.<\/p>\n\n\n\n<p class=\"wp-block-paragraph\"><strong>&#8220;SAVCI TEHD\u0130TLERE BA\u015eLADI&#8221;<\/strong><\/p>\n\n\n\n<p class=\"wp-block-paragraph\">Hakk\u0131ndaki &#8220;sahte telefon&#8221; dosyas\u0131na da de\u011finen Sert\u00e7elik, ad\u0131na sahte e-postalar g\u00f6nderildi\u011fini ve sahte ihbarlar d\u00fczenlendi\u011fini \u00f6ne s\u00fcrd\u00fc.<\/p>\n\n\n\n<p class=\"wp-block-paragraph\">T\u00fcrkiye&#8217;ye kendi iste\u011fiyle d\u00f6nd\u00fc\u011f\u00fcn\u00fc belirten Sert\u00e7elik, &#8220;Dilek\u00e7e vererek geldim. Geldikten sonra savc\u0131 Mustafa Kaya tehditlere ba\u015flad\u0131. &#8216;Sen bu telefonu kabul et, tutuklamaya sevk etmeyece\u011fim&#8217; gibi tekliflerde bulundu. Ben telefonun sahte oldu\u011funu s\u00f6yledim. Nas\u0131l kabul edeyim&#8221; ifadelerini kulland\u0131.<\/p>\n\n\n\n<p class=\"wp-block-paragraph\">Sert\u00e7elik, kendisine siyasi isimlerle ilgili sorular da y\u00f6neltildi\u011fini belirterek, &#8220;Bu tamamen bir kumpas&#8221; dedi. S\u00f6z konusu telefonda Mustafa \u00d6zta\u015f isimli ki\u015finin parmak izinin bulundu\u011funu iddia eden Sert\u00e7elik, PDF kay\u0131tlar\u0131nda da telefonun ayn\u0131 ki\u015fi taraf\u0131ndan kullan\u0131ld\u0131\u011f\u0131n\u0131n ortaya \u00e7\u0131kt\u0131\u011f\u0131n\u0131 \u00f6ne s\u00fcrd\u00fc.<\/p>\n\n\n\n<p class=\"wp-block-paragraph\"><strong>KAPLAN: BEN KA\u00c7MADIM<\/strong><\/p>\n\n\n\n<p class=\"wp-block-paragraph\">Duru\u015fmada daha sonra su\u00e7 \u00f6rg\u00fct\u00fc liderli\u011fi iddias\u0131yla yarg\u0131lanan Ayhan Bora Kaplan&#8217;\u0131n savunmas\u0131na ge\u00e7ildi. Kaplan, ilk g\u00f6zalt\u0131na al\u0131nd\u0131\u011f\u0131nda hakk\u0131nda &#8220;ka\u00e7arken yakaland\u0131&#8221; \u015feklinde haberler yap\u0131ld\u0131\u011f\u0131n\u0131 belirterek, &#8220;Ben ka\u00e7mad\u0131m&#8221; dedi.<\/p>\n\n\n\n<p class=\"wp-block-paragraph\">\u0130stihbarat m\u00fcd\u00fcr\u00fcn\u00fcn olay g\u00fcn\u00fc Murat \u00c7elik ile g\u00f6r\u00fc\u015ft\u00fc\u011f\u00fcn\u00fc ve kendisi hakk\u0131nda operasyon yap\u0131lmas\u0131 gerekti\u011finin konu\u015fuldu\u011funu \u00f6ne s\u00fcren Kaplan, o s\u0131rada hakk\u0131nda g\u00f6zalt\u0131 karar\u0131 bulunmad\u0131\u011f\u0131n\u0131 savundu.<\/p>\n\n\n\n<p class=\"wp-block-paragraph\">Kaplan, &#8220;Kerem G\u00f6kay \u00d6ner diyor ki, Murat \u00c7elik gittikten sonra Bora g\u00f6zalt\u0131na al\u0131nd\u0131 diye haber geliyor. Yani ben g\u00f6zalt\u0131na al\u0131nd\u0131\u011f\u0131mda hakk\u0131mda hi\u00e7bir karar yoktur&#8221; diye konu\u015ftu.<\/p>\n\n\n\n<p class=\"wp-block-paragraph\"><strong>&#8220;7-8 SAYFALIK \u0130FADE VERD\u0130LER, &#8216;BUNLARI \u0130MZALA&#8217; D\u0130YE&#8221;<\/strong><\/p>\n\n\n\n<p class=\"wp-block-paragraph\">G\u00f6zalt\u0131 s\u00fcrecinde emniyette kendilerine eziyet edildi\u011fini iddia eden Kaplan, kendisinden baz\u0131 ifadeleri imzalamas\u0131n\u0131n istendi\u011fini \u00f6ne s\u00fcrd\u00fc.<\/p>\n\n\n\n<p class=\"wp-block-paragraph\">Kaplan, &#8220;\u00c7elik odas\u0131na \u00e7a\u011f\u0131rd\u0131, bana 7-8 sayfa verdi. &#8216;Bunlar\u0131 imzala, biz de size yard\u0131m edelim&#8217; dediler. &#8216;Ben imzalayay\u0131m da bunun yalan oldu\u011fu ortaya \u00e7\u0131kacak, nas\u0131l iftira atar\u0131m&#8217; dedim. Bundan sonra &#8216;Devlet biziz, senin \u00fczerine 2-3 cinayet y\u0131kay\u0131m da g\u00f6r&#8217; dedi&#8221; iddias\u0131nda bulundu.<\/p>\n\n\n\n<p class=\"wp-block-paragraph\">\u0130fadesi s\u0131ras\u0131nda 15 Temmuz&#8217;da \u00e7ekilen bir foto\u011fraf\u0131n\u0131n da kendisine soruldu\u011funu belirten Kaplan, soru\u015fturman\u0131n ba\u015f\u0131ndan itibaren kendisine y\u00f6nelik bir kurgu olu\u015fturuldu\u011funu ileri s\u00fcrd\u00fc.<\/p>\n\n\n\n<p class=\"wp-block-paragraph\">Kaplan, soru\u015fturma s\u00fcrecinde medyan\u0131n kendisine kar\u015f\u0131 y\u00f6nlendirildi\u011fini de iddia etti. &#8220;En ba\u015f\u0131ndan beri bir infazla, bir \u00f6n yarg\u0131yla ba\u015flad\u0131 bizim dosyam\u0131z maalesef&#8221; diyen Kaplan, &#8220;Ne kadar muhalif medya varsa \u00fczerimize oynad\u0131. Ne kadar Cumhurba\u015fkan\u0131&#8217;n\u0131, bakan\u0131n\u0131 sevmeyen varsa bize y\u00fcklendi, bizi hedef g\u00f6sterdi. S\u0131rf 15 Temmuz&#8217;da sokaklara \u00e7\u0131kt\u0131k diye&#8221; ifadelerini kulland\u0131.<\/p>\n\n\n\n<p class=\"wp-block-paragraph\">Kaplan, baz\u0131 medya kurulu\u015flar\u0131na haber yapt\u0131r\u0131ld\u0131\u011f\u0131na ili\u015fkin mesaj kay\u0131tlar\u0131 bulundu\u011funu \u00f6ne s\u00fcrerek, &#8220;Muhalif medyay\u0131 \u00e7ok iyi y\u00f6nlendirdiler. \u00d6zellikle 15 Temmuz darbe giri\u015fimi kapsam\u0131nda. Muhalif medyaya haber yapt\u0131rd\u0131klar\u0131na, Cevheri G\u00fcven&#8217;e haber yapt\u0131rd\u0131klar\u0131na ili\u015fkin mesaj kay\u0131tlar\u0131 var&#8221; dedi.<\/p>\n\n\n\n<p class=\"wp-block-paragraph\">\u00dczerine at\u0131l\u0131 su\u00e7lamalara ili\u015fkin de savunma yapan Kaplan, \u00f6rg\u00fct iddias\u0131n\u0131n somut delillere dayanmad\u0131\u011f\u0131n\u0131 \u00f6ne s\u00fcrd\u00fc. Kaplan, &#8220;Benim 60 adam\u0131m varm\u0131\u015f ama hi\u00e7biriyle ileti\u015fimime ge\u00e7memi\u015fim. Ben bunlara nas\u0131l talimat verece\u011fim ba\u015fkan\u0131m? \u00d6rg\u00fct iddias\u0131na delil koyamad\u0131lar&#8221; dedi.<\/p>\n\n\n\n<p class=\"wp-block-paragraph\">Dosyada Erkan Do\u011fan&#8217;\u0131n ifadesinin \u00f6ne \u00e7\u0131kar\u0131ld\u0131\u011f\u0131n\u0131 savunan Kaplan, &#8220;7 y\u0131l boyunca bu \u00f6rg\u00fct kurulmu\u015f, amac\u0131 neymi\u015f? Neden bir \u00f6rg\u00fct kurmu\u015fum ben? Ama\u00e7 barlar\u0131 almak m\u0131? Almam\u0131\u015f\u0131z. Taksicilere \u00e7\u00f6kmek mi? \u00c7\u00f6kmemi\u015fiz. \u00d6rg\u00fcte delil olarak telsizi g\u00f6sterdiler. Hangi vale telsizi kullanm\u0131yor&#8221; diye konu\u015ftu.<\/p>\n\n\n\n<p class=\"wp-block-paragraph\"><strong>&#8220;BEN\u0130M ALEYH\u0130ME \u0130FADE VERD\u0130\u011e\u0130 \u0130\u00c7\u0130N SALINDI&#8221;<\/strong><\/p>\n\n\n\n<p class=\"wp-block-paragraph\">Kaplan, dosyada kendisi aleyhine ifade veren baz\u0131 ki\u015filerin durumuna da de\u011findi. Berke K\u0131r\u0131c\u0131&#8217;n\u0131n kendisi aleyhine ifade verdi\u011fi i\u00e7in serbest b\u0131rak\u0131ld\u0131\u011f\u0131n\u0131 ve yurt d\u0131\u015f\u0131na \u00e7\u0131kt\u0131\u011f\u0131n\u0131 \u00f6ne s\u00fcren Kaplan, K\u0131r\u0131c\u0131&#8217;n\u0131n yeniden dinlenmesini istedi. Kaplan, &#8220;Berke K\u0131r\u0131c\u0131 benim aleyhime ifade verdi\u011fi i\u00e7in sal\u0131nd\u0131. Yurt d\u0131\u015f\u0131na ka\u00e7t\u0131. S\u00fcrekli ifadesi al\u0131nmas\u0131 i\u00e7in dilek\u00e7e verdi. K\u0131r\u0131c\u0131 ifadesini versin, bask\u0131 g\u00f6rd\u00fc m\u00fc, g\u00f6rmedi mi g\u00f6relim&#8221; dedi.<\/p>\n\n\n\n<p class=\"wp-block-paragraph\">M\u00fc\u015fteki Murat Yanar&#8217;\u0131n da kendisiyle ilgisinin bulunmad\u0131\u011f\u0131n\u0131 savunan Kaplan, Yanar&#8217;\u0131n Serdar Sert\u00e7elik&#8217;in ba\u015fka bir ki\u015fiye olan borcu nedeniyle para almaya geldi\u011fini ve olay s\u0131ras\u0131nda silah \u00e7ekildi\u011fini \u00f6ne s\u00fcrd\u00fc. Kaplan, Mehmet G\u00fcven&#8217;in de ger\u00e7e\u011fin ortaya \u00e7\u0131kmas\u0131n\u0131 istemedi\u011fini iddia ederek, baz\u0131 ki\u015filerin yeniden dinlenmesi y\u00f6n\u00fcndeki taleplerinin kar\u015f\u0131lanmad\u0131\u011f\u0131n\u0131 savundu.<\/p>\n\n\n\n<p class=\"wp-block-paragraph\">Kaplan, dosyada Serdar Sert\u00e7elik&#8217;in &#8220;M7&#8221; koduyla verdi\u011fi ifadelerin de delil olarak kullan\u0131ld\u0131\u011f\u0131n\u0131 belirterek, bu ifadelerin \u00f6nemli b\u00f6l\u00fcm\u00fcn\u00fcn duyuma dayal\u0131 oldu\u011funu savundu.<\/p>\n\n\n\n<p class=\"wp-block-paragraph\">Sert\u00e7elik&#8217;in tahliye edilmesine yard\u0131mc\u0131 olunaca\u011f\u0131 s\u00f6ylenerek ifade vermeye y\u00f6nlendirildi\u011fini ileri s\u00fcren Kaplan, dosyada ba\u015fka bir gizli tan\u0131\u011f\u0131n ifadelerinin de bulundu\u011funu iddia etti.<\/p>\n\n\n\n<p class=\"wp-block-paragraph\">Kaplan ayr\u0131ca, polisler \u015eevket Demircan ile Serdar Sert\u00e7elik aras\u0131ndaki baz\u0131 yaz\u0131\u015fmalarda gizli tan\u0131k bulunmas\u0131na y\u00f6nelik ifadelerin yer ald\u0131\u011f\u0131n\u0131 \u00f6ne s\u00fcrerek, &#8220;Gizli tan\u0131k olunca biz kimli\u011fini a\u00e7\u0131k edecek \u015fekilde soru soram\u0131yoruz diye kapan\u0131p gider diye d\u00fc\u015f\u00fcn\u00fcyorlar&#8221; dedi.<\/p>\n\n\n\n<p class=\"wp-block-paragraph\"><strong>&#8220;BEN\u0130 E\u011eER KURTARMAZSANIZ HER \u015eEY\u0130 A\u00c7IKLARIM&#8217; DEY\u0130NCE BU TELEFONU UYDURUYORLAR&#8221;<\/strong><\/p>\n\n\n\n<p class=\"wp-block-paragraph\">Soru\u015fturmay\u0131 y\u00fcr\u00fcten polislerin daha sonra telefonlar\u0131n\u0131 de\u011fi\u015ftirdi\u011fini de iddia eden Kaplan, baz\u0131 ses kay\u0131tlar\u0131n\u0131n yay\u0131nlanmas\u0131n\u0131n ard\u0131ndan polislere y\u00f6nelik operasyon ger\u00e7ekle\u015ftirildi\u011fini s\u00f6yledi. Kaplan, &#8220;Bunlar\u0131n su\u00e7 orta\u011f\u0131 var, o da savc\u0131 Mustafa Kaya. Bunlar su\u00e7 duyurusunda bulunur bulunmaz onun \u00f6n\u00fcne d\u00fc\u015f\u00fcyor ne hikmetse. Bize kumpas kurdular efendim&#8221; dedi.<\/p>\n\n\n\n<p class=\"wp-block-paragraph\">Kaplan, Serdar Sert\u00e7elik&#8217;e ait oldu\u011fu s\u00f6ylenen buluntu telefonla ilgili olarak da, &#8220;\u0130\u00e7erideyiz ama duyuyoruz biz de. Cevheri G\u00fcven&#8217;e bilgi-belge s\u0131zd\u0131rd\u0131klar\u0131 su\u00e7lamas\u0131yla yarg\u0131land\u0131klar\u0131 davada Serkan Din\u00e7er hapisteyken bu polisleri, &#8216;Beni e\u011fer kurtarmazsan\u0131z her \u015feyi a\u00e7\u0131klar, hepinizi yakar\u0131m&#8217; deyince bu telefonu uyduruyorlar. Bu telefonu kimin yapt\u0131\u011f\u0131n\u0131n ortaya \u00e7\u0131kar\u0131lmas\u0131 gerekiyor&#8221; iddias\u0131nda bulundu.<\/p>\n\n\n\n<p class=\"wp-block-paragraph\"><strong>&#8220;ADL\u0130YEYE G\u0130TMEDEN B\u0130R G\u00dcN \u00d6NCE G\u0130ZL\u0130 TANIK \u0130FADES\u0130 OLU\u015eTURULUYOR&#8221;<\/strong><\/p>\n\n\n\n<p class=\"wp-block-paragraph\">Tutuksuz san\u0131klar ise daha \u00f6nceki ifadelerini tekrarlad\u0131. San\u0131klar\u0131n savunmalar\u0131n\u0131n ard\u0131ndan avukatlar\u0131 savunma yapt\u0131. Tutuklu san\u0131k Sert\u00e7elik&#8217;in Avukat\u0131 Ilgaz Tezi\u015f, &#8220;Gizli tan\u0131k olay\u0131 ba\u015f\u0131ndan bu yana planl\u0131 asl\u0131nda. M\u00fcvekkilimiz psikolojik bask\u0131 sonucu bu ifadesini verdi. Kerem G\u00f6kay \u00d6ner de gizli bir m\u00fclakat odas\u0131 oldu\u011funu ifadesinde kabul etmi\u015fti. Kald\u0131 ki t\u00fcm usul kurallar\u0131n\u0131n Savc\u0131 Mustafa Kaya ve polis memurlar\u0131 aras\u0131ndaki yaz\u0131\u015fmalarda g\u00f6rm\u00fc\u015ft\u00fck. M\u00fcvekkilimiz adliyeye gitmeden \u00f6nce bir g\u00fcn \u00f6nce PDF format\u0131nda d\u00fczenlenen bir gizli tan\u0131k ifadesi olu\u015fturuluyor ve bu m\u00fcvekkilimize imzalat\u0131l\u0131yor. Oysa gizli tan\u0131k ifadesi savc\u0131l\u0131k huzurunda soru-cevap \u015feklinde al\u0131n\u0131r&#8221; ifadelerini kulland\u0131.<\/p>\n\n\n\n<p class=\"wp-block-paragraph\"><strong>&#8220;\u00dc5&#8217;\u0130N BURAYA GEL\u0130P KONU\u015eMASI GEREK\u0130YOR&#8221;<\/strong><\/p>\n\n\n\n<p class=\"wp-block-paragraph\">Bora Kaplan&#8217;\u0131n avukat\u0131 Umut K\u00f6ro\u011flu da &#8220;Bu soru\u015fturman\u0131n ba\u015flang\u0131c\u0131n\u0131n temelinde bir kin duygusu, nefret ve ne oldu\u011fu belli olmayan bir \u00f6c alma duygusu var&#8221; dedi. K\u00f6ro\u011flu, davan\u0131n di\u011fer gizli tan\u0131\u011f\u0131 olup, kavu\u015fturma a\u015famas\u0131nda ifadesini \u00e7eken gizli tan\u0131k &#8220;\u00dc5&#8243;e de\u011finerek, &#8220;\u00dc5&#8217;in buraya gelip konu\u015fmas\u0131 laz\u0131m. Belki bizim m\u00fcvekkiller korkuttu, belki o da bask\u0131 alt\u0131nda ifade verdi. Buraya gelip konu\u015fmas\u0131 gerekiyor. Bu i\u015f gizli kap\u0131lar ard\u0131nda ifadeler al\u0131narak olmaz&#8221; ifadelerini kulland\u0131.<\/p>\n\n\n\n<p class=\"wp-block-paragraph\">Kaplan&#8217;\u0131n di\u011fer avukat\u0131 R\u0131dvan \u015eahin de m\u00fc\u015fteki san\u0131k polislerin savc\u0131 Mustafa Kaya ile mesajla\u015fmas\u0131na de\u011finerek, &#8220;Soru\u015fturman\u0131n temeli sakat. Biz bu sakatl\u0131\u011f\u0131 belirttik. Bu sakatl\u0131klar daha sonra ortaya \u00e7\u0131kt\u0131. Biz bu s\u00f6ylemlerimizin havada kalaca\u011f\u0131n\u0131 d\u00fc\u015f\u00fcn\u00fcyorduk, ispatlanaca\u011f\u0131n\u0131 d\u00fc\u015f\u00fcnm\u00fcyorduk. Ben hayat\u0131mda bu dosyada emsal karar arad\u0131\u011f\u0131m kadar zorlanmad\u0131m. \u00c7\u00fcnk\u00fc e\u015fi benzeri yok. Bu saatten sonra bu yarg\u0131lama bu mesajlar\u0131 kabul etmelidir&#8221; g\u00f6r\u00fc\u015f\u00fcn\u00fc ileri s\u00fcrd\u00fc.<\/p>\n\n\n\n<p class=\"wp-block-paragraph\">#AyhanBoraKapan #SerdarSert\u00e7elik #AnkaraA\u011f\u0131rCeza #Mahkeme #Siyaset #G\u00fcndem #SonDakika #Haber #mnrmedya #t\u00fcrkiyemradyo #t\u00fcrkiyemhaber<\/p>\n","protected":false},"excerpt":{"rendered":"<p>Ayhan Bora Kaplan su\u00e7 \u00f6rg\u00fct\u00fc davas\u0131nda gizli tan\u0131k &#8220;M7&#8221; kod adl\u0131 Serdar Sert\u00e7elik savunmas\u0131nda \u00e7arp\u0131c\u0131<\/p>\n","protected":false},"author":10,"featured_media":5639,"comment_status":"open","ping_status":"open","sticky":false,"template":"","format":"standard","meta":{"_rtcl_gb_attr":"","footnotes":""},"categories":[1],"tags":[],"class_list":["post-5638","post","type-post","status-publish","format-standard","has-post-thumbnail","hentry","category-http-turkiyemhaber-com-wp-content-uploads-2026-03-saray-59-haber-13-mart-pdf"],"_links":{"self":[{"href":"https:\/\/turkiyemhaber.com\/index.php?rest_route=\/wp\/v2\/posts\/5638","targetHints":{"allow":["GET"]}}],"collection":[{"href":"https:\/\/turkiyemhaber.com\/index.php?rest_route=\/wp\/v2\/posts"}],"about":[{"href":"https:\/\/turkiyemhaber.com\/index.php?rest_route=\/wp\/v2\/types\/post"}],"author":[{"embeddable":true,"href":"https:\/\/turkiyemhaber.com\/index.php?rest_route=\/wp\/v2\/users\/10"}],"replies":[{"embeddable":true,"href":"https:\/\/turkiyemhaber.com\/index.php?rest_route=%2Fwp%2Fv2%2Fcomments&post=5638"}],"version-history":[{"count":1,"href":"https:\/\/turkiyemhaber.com\/index.php?rest_route=\/wp\/v2\/posts\/5638\/revisions"}],"predecessor-version":[{"id":5640,"href":"https:\/\/turkiyemhaber.com\/index.php?rest_route=\/wp\/v2\/posts\/5638\/revisions\/5640"}],"wp:featuredmedia":[{"embeddable":true,"href":"https:\/\/turkiyemhaber.com\/index.php?rest_route=\/wp\/v2\/media\/5639"}],"wp:attachment":[{"href":"https:\/\/turkiyemhaber.com\/index.php?rest_route=%2Fwp%2Fv2%2Fmedia&parent=5638"}],"wp:term":[{"taxonomy":"category","embeddable":true,"href":"https:\/\/turkiyemhaber.com\/index.php?rest_route=%2Fwp%2Fv2%2Fcategories&post=5638"},{"taxonomy":"post_tag","embeddable":true,"href":"https:\/\/turkiyemhaber.com\/index.php?rest_route=%2Fwp%2Fv2%2Ftags&post=5638"}],"curies":[{"name":"wp","href":"https:\/\/api.w.org\/{rel}","templated":true}]}}