{"id":5636,"date":"2026-09-03T21:53:40","date_gmt":"2026-09-03T21:53:40","guid":{"rendered":"https:\/\/turkiyemhaber.com\/?p=5636"},"modified":"2026-09-03T21:53:45","modified_gmt":"2026-09-03T21:53:45","slug":"eski-bakan-denizolgunun-supheli-olumunde-doktorunu-yalanlayan-kayit","status":"publish","type":"post","link":"https:\/\/turkiyemhaber.com\/?p=5636","title":{"rendered":"Eski Bakan Denizolgun&#8217;un \u015e\u00fcpheli \u00d6l\u00fcm\u00fcnde Doktorunu Yalanlayan Kay\u0131t"},"content":{"rendered":"\n<p class=\"wp-block-paragraph\">Eski Ula\u015ft\u0131rma Bakan\u0131 Arif Ahmet Denizolgun\u2019un \u015f\u00fcpheli \u00f6l\u00fcm\u00fcne ili\u015fkin y\u00fcr\u00fct\u00fclen soru\u015fturmada dikkat \u00e7ekici bir belge ortaya \u00e7\u0131kt\u0131. \u0130fadesinde y\u0131llar \u00f6nce acil ihbar\u0131 yapan ki\u015finin kim oldu\u011funu bilmedi\u011fini beyan eden Doktor Nurettin Demirkol\u2019un, 8 Eyl\u00fcl 2016 gecesi 155 Polis \u0130mdat hatt\u0131n\u0131 bizzat arad\u0131\u011f\u0131 belirlendi. \u0130hbar \u00e7\u00f6z\u00fcm tutana\u011f\u0131nda Demirkol\u2019un kendisini \u201cBen Doktor Nurettin Demirkol\u201d diye tan\u0131tt\u0131\u011f\u0131 ve \u00f6l\u00fcm\u00fc \u201cbeklenmedik, \u015f\u00fcpheli ani bir \u00f6l\u00fcm\u201d s\u00f6zleriyle bildirdi\u011fi g\u00f6r\u00fcld\u00fc. Bak\u0131rk\u00f6y Cumhuriyet Ba\u015fsavc\u0131l\u0131\u011f\u0131n\u0131n eski Ula\u015ft\u0131rma Bakan\u0131 Arif Ahmet Denizolgun\u2019un \u00f6l\u00fcm\u00fcne ili\u015fkin y\u00fcr\u00fctt\u00fc\u011f\u00fc soru\u015fturmada, y\u0131llar \u00f6nce yap\u0131lan acil \u00e7a\u011fr\u0131 ihbar\u0131n\u0131n \u00e7\u00f6z\u00fcm tutana\u011f\u0131 dosyaya girdi.<\/p>\n\n\n\n<p class=\"wp-block-paragraph\">Soru\u015fturma kapsam\u0131nda ifade veren Doktor Nurettin Demirkol\u2019un, olay tarihinde acil ihbar\u0131 kimin yapt\u0131\u011f\u0131n\u0131 bilmedi\u011fini beyan etti\u011fi \u00f6\u011frenilmi\u015fti. Ancak 8 Eyl\u00fcl 2016 tarihli 155 Acil \u00c7a\u011fr\u0131 \u0130hbar\u0131 \u00c7\u00f6z\u00fcm Tutana\u011f\u0131, ihbar\u0131 yapan ki\u015finin bizzat Demirkol oldu\u011funu ortaya koydu.<\/p>\n\n\n\n<p class=\"wp-block-paragraph\"><strong>\u201cBEN DOKTOR NURETT\u0130N DEM\u0130RKOL\u201d<\/strong><\/p>\n\n\n\n<p class=\"wp-block-paragraph\">Tutana\u011fa g\u00f6re ilk telefon g\u00f6r\u00fc\u015fmesi saat <em>00.29\u2019da<\/em> ger\u00e7ekle\u015fti. 155 operat\u00f6r\u00fcn\u00fcn telefonu a\u00e7mas\u0131n\u0131n ard\u0131ndan ihbarc\u0131 kendisini a\u00e7\u0131k\u00e7a \u201cBen Doktor Nurettin Demirkol.\u201d s\u00f6zleriyle tan\u0131tt\u0131. Demirkol daha sonra operat\u00f6re, aile hekimi oldu\u011fu bir hastas\u0131n\u0131n ani \u015fekilde hayat\u0131n\u0131 kaybetti\u011fini s\u00f6yledi.<\/p>\n\n\n\n<p class=\"wp-block-paragraph\">\u0130hbar tutana\u011f\u0131na ge\u00e7en ifadeye g\u00f6re Demirkol, \u201cAile hekimi oldu\u011fum bir hastam var, ani olarak vefat etmi\u015f. H\u00fck\u00fcmet tabibinin g\u00f6rmesi gerekiyor. Belki muhtemelen \u00f6l\u00fcm nedeni belli de\u011fil, h\u00e2kimin savc\u0131n\u0131n g\u00f6rmesi gerekiyor.\u201d dedi.<\/p>\n\n\n\n<p class=\"wp-block-paragraph\"><strong>\u00d6L\u00dcM NEDEN\u0130N\u0130N BELL\u0130 OLMADI\u011eINI S\u00d6YLED\u0130<\/strong><\/p>\n\n\n\n<p class=\"wp-block-paragraph\">155 operat\u00f6r\u00fc Demirkol\u2019dan olay\u0131n ger\u00e7ekle\u015fti\u011fi adresi istedi. Demirkol, olay yerinin Beykoz Riva\u2019daki \u00d6\u011f\u00fcmce K\u00f6y\u00fc oldu\u011funu s\u00f6yledi ancak a\u00e7\u0131k adresi tam olarak bilmedi\u011fini ifade etti.<\/p>\n\n\n\n<p class=\"wp-block-paragraph\">B\u00f6lgenin jandarma sorumluluk alan\u0131nda olabilece\u011finin de\u011ferlendirilmesi \u00fczerine operat\u00f6r, Demirkol\u2019dan 156 Jandarma hatt\u0131yla ileti\u015fime ge\u00e7mesini istedi. \u0130lk telefon g\u00f6r\u00fc\u015fmesi bu \u015fekilde sona erdi. Ancak Demirkol yaln\u0131zca birka\u00e7 dakika sonra 155\u2019i ikinci kez arad\u0131.<\/p>\n\n\n\n<p class=\"wp-block-paragraph\"><strong>4 DAK\u0130KA SONRA 155\u2019\u0130 YEN\u0130DEN ARADI<\/strong><\/p>\n\n\n\n<p class=\"wp-block-paragraph\">\u0130hbar \u00e7\u00f6z\u00fcm tutana\u011f\u0131na g\u00f6re ikinci g\u00f6r\u00fc\u015fme saat <em>00.33\u2019te<\/em> ba\u015flad\u0131. Demirkol bu kez de kendisini a\u00e7\u0131k \u015fekilde tan\u0131tarak \u201cBiraz \u00f6nce aram\u0131\u015ft\u0131m, Doktor Nurettin Demirkol. Vefat eden biriyle alakal\u0131&#8230;\u201d dedi.<\/p>\n\n\n\n<p class=\"wp-block-paragraph\">Demirkol, jandarmayla g\u00f6r\u00fc\u015ft\u00fc\u011f\u00fcn\u00fc ancak b\u00f6lgenin polis sorumluluk alan\u0131nda oldu\u011funun kendisine s\u00f6ylendi\u011fini belirterek yeniden 155\u2019ten yard\u0131m istedi.<\/p>\n\n\n\n<p class=\"wp-block-paragraph\"><strong>OPERAT\u00d6R SORDU: \u201cBURADA \u015e\u00dcPHEL\u0130 \u00d6L\u00dcM KONUSU MU VAR?\u201d<\/strong><\/p>\n\n\n\n<p class=\"wp-block-paragraph\">G\u00f6r\u00fc\u015fmenin en dikkat \u00e7ekici b\u00f6l\u00fcm\u00fc ise 155 operat\u00f6r\u00fcn\u00fcn \u00f6l\u00fcm\u00fcn niteli\u011fini sormas\u0131yla ya\u015fand\u0131. Operat\u00f6r Demirkol\u2019a \u201cBurada \u015f\u00fcpheli \u00f6l\u00fcm konusu mu var?\u201d diye sordu.<\/p>\n\n\n\n<p class=\"wp-block-paragraph\">Demirkol\u2019un cevab\u0131 tutana\u011fa \u015f\u00f6yle ge\u00e7ti: \u201c\u015e\u00fcpheli, beklenmedik ani bir \u00f6l\u00fcm; beklenmedik, \u015f\u00fcpheli ani bir \u00f6l\u00fcm.\u201d<\/p>\n\n\n\n<p class=\"wp-block-paragraph\">B\u00f6ylece Demirkol\u2019un, olay gecesi yapt\u0131\u011f\u0131 ihbarda \u00f6l\u00fcm\u00fc yaln\u0131zca \u201cani \u00f6l\u00fcm\u201d olarak de\u011fil, do\u011frudan <em>\u201c\u015f\u00fcpheli \u00f6l\u00fcm\u201d<\/em> \u015feklinde nitelendirdi\u011fi de ortaya \u00e7\u0131kt\u0131.<\/p>\n\n\n\n<p class=\"wp-block-paragraph\"><strong>\u201cSAVCININ G\u00d6RMES\u0130 GEREK\u0130YOR\u201d<\/strong><\/p>\n\n\n\n<p class=\"wp-block-paragraph\">Demirkol\u2019un ilk g\u00f6r\u00fc\u015fmede kulland\u0131\u011f\u0131 bir ba\u015fka ifade de soru\u015fturma a\u00e7\u0131s\u0131ndan dikkat \u00e7ekti. Doktor Demirkol, \u00f6l\u00fcm nedeninin belli olmad\u0131\u011f\u0131n\u0131 belirterek \u201ch\u00e2kimin, savc\u0131n\u0131n g\u00f6rmesi gerekiyor\u201d ifadelerini kulland\u0131.<\/p>\n\n\n\n<p class=\"wp-block-paragraph\">155 operat\u00f6r\u00fc de adres bilgisini ald\u0131ktan sonra ekiplerin olay yerine y\u00f6nlendirilmesi i\u00e7in kayd\u0131 olu\u015fturdu. G\u00f6r\u00fc\u015fmenin sonunda operat\u00f6r, olay yerinin bulunamamas\u0131 h\u00e2linde Demirkol\u2019un ihbar s\u0131ras\u0131nda kulland\u0131\u011f\u0131 telefon numaras\u0131 \u00fczerinden kendisine ula\u015f\u0131laca\u011f\u0131n\u0131 s\u00f6yledi.<\/p>\n\n\n\n<p class=\"wp-block-paragraph\">Demirkol ise \u201cTamam, bekliyoruz efendim.\u201d yan\u0131t\u0131n\u0131 verdi. Arka plandaki bir ki\u015finin \u201cAbi ula\u015ft\u0131n\u0131z m\u0131?\u201d sorusuna da Demirkol\u2019un \u201cUla\u015ft\u0131m\u201d dedi\u011fi tutana\u011fa yans\u0131d\u0131.<\/p>\n\n\n\n<p class=\"wp-block-paragraph\"><strong>\u0130FADES\u0130YLE 155 KAYDI ARASINDAK\u0130 \u00c7EL\u0130\u015eK\u0130 MERCEK ALTINDA<\/strong><\/p>\n\n\n\n<p class=\"wp-block-paragraph\">Soru\u015fturma kapsam\u0131nda ifade veren Demirkol\u2019un, y\u0131llar \u00f6nce acil ihbarda bulunan ki\u015finin kim oldu\u011funu bilmedi\u011fini beyan etmesine kar\u015f\u0131n, resm\u00ee 155 ihbar \u00e7\u00f6z\u00fcm tutana\u011f\u0131nda iki ayr\u0131 telefon g\u00f6r\u00fc\u015fmesinde de kendisini ismiyle tan\u0131tt\u0131\u011f\u0131 g\u00f6r\u00fcld\u00fc.<\/p>\n\n\n\n<p class=\"wp-block-paragraph\">Demirkol\u2019un ayr\u0131ca \u00f6l\u00fcm\u00fcn nedeninin belli olmad\u0131\u011f\u0131n\u0131 s\u00f6ylemesi, savc\u0131n\u0131n olayla ilgilenmesi gerekti\u011fini belirtmesi ve \u00f6l\u00fcm\u00fc iki kez \u201c\u015f\u00fcpheli, beklenmedik ani \u00f6l\u00fcm\u201d \u015feklinde tan\u0131mlamas\u0131 soru\u015fturmadaki dikkat \u00e7ekici ayr\u0131nt\u0131lar aras\u0131na girdi. Bak\u0131rk\u00f6y Cumhuriyet Ba\u015fsavc\u0131l\u0131\u011f\u0131, eski Bakan Arif Ahmet Denizolgun\u2019un \u00f6l\u00fcm\u00fcne ili\u015fkin soru\u015fturmay\u0131 \u00e7ok y\u00f6nl\u00fc olarak s\u00fcrd\u00fcr\u00fcyor.<\/p>\n\n\n\n<p class=\"wp-block-paragraph\">#ArifAhmetDenizolgun #NurettinDemirkol #Bak\u0131rk\u00f6yCumhuriyetBa\u015fsavc\u0131l\u0131\u011f\u0131 #Soru\u015fturma #G\u00fcndem #SonDakika #Haber #mnrmedya #t\u00fcrkiyemradyo #t\u00fcrkiyemhaber<\/p>\n","protected":false},"excerpt":{"rendered":"<p>Eski Ula\u015ft\u0131rma Bakan\u0131 Arif Ahmet Denizolgun\u2019un \u015f\u00fcpheli \u00f6l\u00fcm\u00fcne ili\u015fkin y\u00fcr\u00fct\u00fclen soru\u015fturmada dikkat \u00e7ekici bir belge<\/p>\n","protected":false},"author":10,"featured_media":5633,"comment_status":"open","ping_status":"open","sticky":false,"template":"","format":"standard","meta":{"_rtcl_gb_attr":"","footnotes":""},"categories":[1],"tags":[],"class_list":["post-5636","post","type-post","status-publish","format-standard","has-post-thumbnail","hentry","category-http-turkiyemhaber-com-wp-content-uploads-2026-03-saray-59-haber-13-mart-pdf"],"_links":{"self":[{"href":"https:\/\/turkiyemhaber.com\/index.php?rest_route=\/wp\/v2\/posts\/5636","targetHints":{"allow":["GET"]}}],"collection":[{"href":"https:\/\/turkiyemhaber.com\/index.php?rest_route=\/wp\/v2\/posts"}],"about":[{"href":"https:\/\/turkiyemhaber.com\/index.php?rest_route=\/wp\/v2\/types\/post"}],"author":[{"embeddable":true,"href":"https:\/\/turkiyemhaber.com\/index.php?rest_route=\/wp\/v2\/users\/10"}],"replies":[{"embeddable":true,"href":"https:\/\/turkiyemhaber.com\/index.php?rest_route=%2Fwp%2Fv2%2Fcomments&post=5636"}],"version-history":[{"count":1,"href":"https:\/\/turkiyemhaber.com\/index.php?rest_route=\/wp\/v2\/posts\/5636\/revisions"}],"predecessor-version":[{"id":5637,"href":"https:\/\/turkiyemhaber.com\/index.php?rest_route=\/wp\/v2\/posts\/5636\/revisions\/5637"}],"wp:featuredmedia":[{"embeddable":true,"href":"https:\/\/turkiyemhaber.com\/index.php?rest_route=\/wp\/v2\/media\/5633"}],"wp:attachment":[{"href":"https:\/\/turkiyemhaber.com\/index.php?rest_route=%2Fwp%2Fv2%2Fmedia&parent=5636"}],"wp:term":[{"taxonomy":"category","embeddable":true,"href":"https:\/\/turkiyemhaber.com\/index.php?rest_route=%2Fwp%2Fv2%2Fcategories&post=5636"},{"taxonomy":"post_tag","embeddable":true,"href":"https:\/\/turkiyemhaber.com\/index.php?rest_route=%2Fwp%2Fv2%2Ftags&post=5636"}],"curies":[{"name":"wp","href":"https:\/\/api.w.org\/{rel}","templated":true}]}}