{"id":5632,"date":"2026-09-03T21:50:28","date_gmt":"2026-09-03T21:50:28","guid":{"rendered":"https:\/\/turkiyemhaber.com\/?p=5632"},"modified":"2026-09-03T21:50:33","modified_gmt":"2026-09-03T21:50:33","slug":"filenin-sultanlari-avrupa-sampiyonasinda-yari-finalde","status":"publish","type":"post","link":"https:\/\/turkiyemhaber.com\/?p=5632","title":{"rendered":"Filenin Sultanlar\u0131 Avrupa \u015eampiyonas\u0131&#8217;nda Yar\u0131 Finalde"},"content":{"rendered":"\n<p class=\"wp-block-paragraph\">A Milli Kad\u0131n Voleybol Tak\u0131m\u0131m\u0131z, Almanya&#8217;y\u0131 3-1 ma\u011flup ederek 2026 CEV Trendyol Kad\u0131nlar Avrupa Voleybol \u015eampiyonas\u0131&#8217;nda yar\u0131 finale y\u00fckseldi. Filenin Sultanlar\u0131&#8217;n\u0131n yar\u0131 finaldeki rakibi S\u0131rbistan olacak. A Milli Kad\u0131n Voleybol Tak\u0131m\u0131, CEV Trendyol 2026 Kad\u0131nlar Avrupa \u015eampiyonas\u0131&#8217;nda yoluna devam ediyor.<\/p>\n\n\n\n<p class=\"wp-block-paragraph\">Ay-y\u0131ld\u0131zl\u0131 ekip, \u00e7eyrek final m\u00fccadelesinde Almanya kar\u015f\u0131s\u0131nda sahadan 3-1&#8217;lik galibiyetle ayr\u0131larak yar\u0131 finale y\u00fckseldi.<\/p>\n\n\n\n<p class=\"wp-block-paragraph\"><strong>YARI F\u0130NALDE RAK\u0130P SIRB\u0130STAN<\/strong><\/p>\n\n\n\n<p class=\"wp-block-paragraph\">Filenin Sultanlar\u0131\u2019n\u0131n yar\u0131 finaldeki rakibi de belli oldu. Filenin Sultanlar\u0131, 5 Eyl\u00fcl Cumartesi g\u00fcn\u00fc S\u0131rbistan kar\u015f\u0131s\u0131nda finale \u00e7\u0131kabilmek i\u00e7in m\u00fccadele edecek.<\/p>\n\n\n\n<p class=\"wp-block-paragraph\"><strong>GRUPTA 4 GAL\u0130B\u0130YET ALDILAR<\/strong><\/p>\n\n\n\n<p class=\"wp-block-paragraph\">Milliler turnuvan\u0131n A Grubu&#8217;nda Slovenya, Letonya, Macaristan ve Almanya&#8217;y\u0131 ma\u011flup etti. Milliler, grup etab\u0131ndaki son kar\u015f\u0131la\u015fmas\u0131nda Polonya&#8217;ya 3-2 yenilmesine ra\u011fmen ikinci s\u0131rada yer alarak bir \u00fcst tura \u00e7\u0131kt\u0131.<\/p>\n\n\n\n<p class=\"wp-block-paragraph\">Son 16 turunda Azerbaycan&#8217;la kar\u015f\u0131la\u015fan A Milli Kad\u0131n Voleybol Tak\u0131m\u0131, bu m\u00fccadeleyi de kazanarak \u00e7eyrek finale ad\u0131n\u0131 yazd\u0131rd\u0131.<\/p>\n\n\n\n<p class=\"wp-block-paragraph\"><em>(Haber G\u00f6rseli: A Milli Kad\u0131n Voleybol Tak\u0131m\u0131&#8217;n\u0131n ma\u00e7 sevinci ve kutlama anlar\u0131na ait g\u00f6rsel eklenecektir.)<\/em><\/p>\n\n\n\n<p class=\"wp-block-paragraph\">#FileninSultanlar\u0131 #A\u015e1Cev #Voleybol #MilliTak\u0131m #Almanya #S\u0131rbistan #Avrupa\u015eampiyonas\u0131 #Spor #SonDakika #Haber #mnrmedya #t\u00fcrkiyemradyo #t\u00fcrkiyemhaber<\/p>\n","protected":false},"excerpt":{"rendered":"<p>A Milli Kad\u0131n Voleybol Tak\u0131m\u0131m\u0131z, Almanya&#8217;y\u0131 3-1 ma\u011flup ederek 2026 CEV Trendyol Kad\u0131nlar Avrupa Voleybol<\/p>\n","protected":false},"author":10,"featured_media":5634,"comment_status":"open","ping_status":"open","sticky":false,"template":"","format":"standard","meta":{"_rtcl_gb_attr":"","footnotes":""},"categories":[3],"tags":[],"class_list":["post-5632","post","type-post","status-publish","format-standard","has-post-thumbnail","hentry","category-spor"],"_links":{"self":[{"href":"https:\/\/turkiyemhaber.com\/index.php?rest_route=\/wp\/v2\/posts\/5632","targetHints":{"allow":["GET"]}}],"collection":[{"href":"https:\/\/turkiyemhaber.com\/index.php?rest_route=\/wp\/v2\/posts"}],"about":[{"href":"https:\/\/turkiyemhaber.com\/index.php?rest_route=\/wp\/v2\/types\/post"}],"author":[{"embeddable":true,"href":"https:\/\/turkiyemhaber.com\/index.php?rest_route=\/wp\/v2\/users\/10"}],"replies":[{"embeddable":true,"href":"https:\/\/turkiyemhaber.com\/index.php?rest_route=%2Fwp%2Fv2%2Fcomments&post=5632"}],"version-history":[{"count":1,"href":"https:\/\/turkiyemhaber.com\/index.php?rest_route=\/wp\/v2\/posts\/5632\/revisions"}],"predecessor-version":[{"id":5635,"href":"https:\/\/turkiyemhaber.com\/index.php?rest_route=\/wp\/v2\/posts\/5632\/revisions\/5635"}],"wp:featuredmedia":[{"embeddable":true,"href":"https:\/\/turkiyemhaber.com\/index.php?rest_route=\/wp\/v2\/media\/5634"}],"wp:attachment":[{"href":"https:\/\/turkiyemhaber.com\/index.php?rest_route=%2Fwp%2Fv2%2Fmedia&parent=5632"}],"wp:term":[{"taxonomy":"category","embeddable":true,"href":"https:\/\/turkiyemhaber.com\/index.php?rest_route=%2Fwp%2Fv2%2Fcategories&post=5632"},{"taxonomy":"post_tag","embeddable":true,"href":"https:\/\/turkiyemhaber.com\/index.php?rest_route=%2Fwp%2Fv2%2Ftags&post=5632"}],"curies":[{"name":"wp","href":"https:\/\/api.w.org\/{rel}","templated":true}]}}