{"id":5627,"date":"2026-09-03T21:45:57","date_gmt":"2026-09-03T21:45:57","guid":{"rendered":"https:\/\/turkiyemhaber.com\/?p=5627"},"modified":"2026-09-03T21:46:02","modified_gmt":"2026-09-03T21:46:02","slug":"sakaryada-sehrin-merkezini-ikiye-ayiran-tren-hatti-yer-altina-aliniyor-uzeri-ise-yesil-bir-yasam-alani-oluyor","status":"publish","type":"post","link":"https:\/\/turkiyemhaber.com\/?p=5627","title":{"rendered":"Sakarya\u2019da \u015eehrin Merkezini \u0130kiye Ay\u0131ran Tren Hatt\u0131 Yer Alt\u0131na Al\u0131n\u0131yor, \u00dczeri ise Ye\u015fil Bir Ya\u015fam Alan\u0131 Oluyor"},"content":{"rendered":"\n<p class=\"wp-block-paragraph\">Sakarya\u2019da \u015fehri ikiye ay\u0131ran tren raylar\u0131n\u0131 yer alt\u0131na alacak, \u00fczerini ise ye\u015fil bir ya\u015fam alan\u0131na d\u00f6n\u00fc\u015ft\u00fcrecek projede, Adapazar\u0131 Gar ile Mithatpa\u015fa aras\u0131ndaki raylar\u0131n s\u00f6k\u00fcm\u00fcne ba\u015fland\u0131. Tarihi programda konu\u015fan Sakarya B\u00fcy\u00fck\u015fehir Belediye Ba\u015fkan\u0131 Yusuf Alemdar, \u201c\u015eehir merkezinde ula\u015f\u0131ma etki eden ge\u00e7itler bu projeyle art\u0131k kapanmayacak, trenler 2 kilometrelik g\u00fczergahta yer alt\u0131ndan yine \u015fehir merkezine ula\u015facak. \u00dczeri ise ye\u015fil alan\u0131yla hem\u015fehrilerimizin hizmetinde olacak. Hay\u0131rl\u0131 olsun\u201d dedi.<\/p>\n\n\n\n<p class=\"wp-block-paragraph\">Sakarya B\u00fcy\u00fck\u015fehir Belediyesi, \u2018Ray D\u00f6n\u00fc\u015f\u00fcm\u00fc ve Ye\u015fil Koridor\u2019 projesiyle \u015fehir merkezindeki Adapazar\u0131 Gar\u0131\u2019ndan Mithatpa\u015fa \u0130stasyonu kadar olan tren raylar\u0131n\u0131 yer alt\u0131na al\u0131yor.<\/p>\n\n\n\n<figure class=\"wp-block-image size-full\"><img loading=\"lazy\" decoding=\"async\" width=\"640\" height=\"404\" src=\"https:\/\/turkiyemhaber.com\/wp-content\/uploads\/2026\/09\/sakaryada-sehrin-merkezini-iki-12934230-7462_1_m.webp\" alt=\"\" class=\"wp-image-5629\" srcset=\"https:\/\/turkiyemhaber.com\/wp-content\/uploads\/2026\/09\/sakaryada-sehrin-merkezini-iki-12934230-7462_1_m.webp 640w, https:\/\/turkiyemhaber.com\/wp-content\/uploads\/2026\/09\/sakaryada-sehrin-merkezini-iki-12934230-7462_1_m-300x189.webp 300w, https:\/\/turkiyemhaber.com\/wp-content\/uploads\/2026\/09\/sakaryada-sehrin-merkezini-iki-12934230-7462_1_m-18x11.webp 18w, https:\/\/turkiyemhaber.com\/wp-content\/uploads\/2026\/09\/sakaryada-sehrin-merkezini-iki-12934230-7462_1_m-540x340.webp 540w\" sizes=\"auto, (max-width: 640px) 100vw, 640px\" \/><\/figure>\n\n\n\n<p class=\"wp-block-paragraph\"><strong>2 kilometrelik g\u00fczergahta tren yer alt\u0131na iniyor<\/strong><\/p>\n\n\n\n<p class=\"wp-block-paragraph\">Tren raylar\u0131n yan\u0131 s\u0131ra \u015fehrin merkezini ikiye b\u00f6len hemzemin ge\u00e7itler de ortadan kalkacak, trenler 2 kilometrelik g\u00fczergahta yer alt\u0131ndan yine \u015fehir merkezine ula\u015facak. Mevcut aks ise ye\u015fil bir ya\u015fam alan\u0131na d\u00f6n\u00fc\u015fecek.<\/p>\n\n\n\n<p class=\"wp-block-paragraph\">Sakarya ad\u0131na tarihi bir g\u00fcne \u015fahitlik ettiklerini s\u00f6yleyen Sakarya B\u00fcy\u00fck\u015fehir Belediye Ba\u015fkan\u0131 Yusuf Alemdar, Cumhurba\u015fkan\u0131 Recep Tayyip Erdo\u011fan ba\u015fta olmak \u00fczere Ula\u015ft\u0131rma ve Altyap\u0131 Bakan\u0131 Abdulkadir Uralo\u011flu\u2019na, Genel Ba\u015fkan Yard\u0131mc\u0131s\u0131 Ali \u0130hsan Yavuz\u2019a, milletvekillerine ve il ba\u015fkanlar\u0131na te\u015fekk\u00fcr etti.<\/p>\n\n\n\n<p class=\"wp-block-paragraph\"><strong>\u201cDemiryolu \u015fehrin d\u00f6rt bir yan\u0131n\u0131 merkezle bulu\u015fturacak\u201d<\/strong><\/p>\n\n\n\n<p class=\"wp-block-paragraph\">Ba\u015fkan Alemdar, \u201c\u015eehrimizin geli\u015fmesinde \u00e7ok \u00f6nemli katk\u0131lar\u0131 bulunan tarihi demiryolumuzu, \u00e7a\u011f\u0131n \u015fartlar\u0131na ve Sakarya\u2019n\u0131n de\u011fi\u015fen \u015fehircilik standartlar\u0131na uygun hale getirmek i\u00e7in \u00e7al\u0131\u015f\u0131yoruz. Bu noktada Say\u0131n Cumhurba\u015fkan\u0131m\u0131za \u015f\u00fckranlar\u0131m\u0131 sunuyorum. Kendisine, \u015fehir i\u00e7erisinde trafik yo\u011funlu\u011funa neden olan hemzemin ge\u00e7itlerin bulundu\u011fu demiryolu hatt\u0131m\u0131z\u0131 daha modern, g\u00fcvenli ve kullan\u0131\u015fl\u0131 hale getirmek istedi\u011fimizi ifade ettik. Say\u0131n Cumhurba\u015fkan\u0131m\u0131z da gerekli talimatlar\u0131 verdi. B\u00f6ylece proje a\u015famas\u0131ndan \u00e7\u0131karak bug\u00fcn fiziki \u00e7al\u0131\u015fmalara ba\u015flam\u0131\u015f bulunuyoruz&#8221; dedi.<\/p>\n\n\n\n<p class=\"wp-block-paragraph\"><strong>\u201cRaylar kalkacak, o alan ye\u015fil koridor olacak\u201d<\/strong><\/p>\n\n\n\n<p class=\"wp-block-paragraph\">Ba\u015fkan Alemdar s\u00f6zlerini \u015f\u00f6yle s\u00fcrd\u00fcrd\u00fc: \u201c\u015eehrimizin d\u00f6rt bir yan\u0131ndan insanlar\u0131m\u0131z\u0131 \u015fehir merkezine ula\u015ft\u0131rmay\u0131 hedefledi\u011fimiz bu d\u00f6nemde, bu \u00e7al\u0131\u015fma bizim i\u00e7in hayati \u00f6nem ta\u015f\u0131yordu. \u0130n\u015fallah bu \u00e7al\u0131\u015fma, \u015fehrimizin gelece\u011fine \u00e7ok \u00f6nemli bir katk\u0131 sunacak. Mevcut ge\u00e7itleri daha g\u00fcvenli ve modern hale getirirken, hatt\u0131n \u00fczerindeki alan\u0131 da peyzaj d\u00fczenlemeleri, y\u00fcr\u00fcy\u00fc\u015f ve bisiklet yollar\u0131 ile a\u011fa\u00e7land\u0131rma \u00e7al\u0131\u015fmalar\u0131yla \u015fehrimize yeni bir ya\u015fam aks\u0131 olarak kazand\u0131raca\u011f\u0131z.\u201d<\/p>\n\n\n\n<p class=\"wp-block-paragraph\"><strong>2 kilometrelik ye\u015fil alan olacak<\/strong><\/p>\n\n\n\n<p class=\"wp-block-paragraph\">Raylar\u0131n yeralt\u0131na al\u0131nmas\u0131ndan sonra yakla\u015f\u0131k 2 kilometre boyunca uzayacak ve Sakarya\u2019da 1 milyon 100 bin ki\u015finin nefes alaca\u011f\u0131 ye\u015fil, do\u011fa odakl\u0131 bir sosyal alan olu\u015fturulacak.<\/p>\n\n\n\n<figure class=\"wp-block-image size-full\"><img loading=\"lazy\" decoding=\"async\" width=\"640\" height=\"508\" src=\"https:\/\/turkiyemhaber.com\/wp-content\/uploads\/2026\/09\/sakaryada-sehrin-merkezini-iki-38831553-3758_1_m.webp\" alt=\"\" class=\"wp-image-5630\" srcset=\"https:\/\/turkiyemhaber.com\/wp-content\/uploads\/2026\/09\/sakaryada-sehrin-merkezini-iki-38831553-3758_1_m.webp 640w, https:\/\/turkiyemhaber.com\/wp-content\/uploads\/2026\/09\/sakaryada-sehrin-merkezini-iki-38831553-3758_1_m-300x238.webp 300w, https:\/\/turkiyemhaber.com\/wp-content\/uploads\/2026\/09\/sakaryada-sehrin-merkezini-iki-38831553-3758_1_m-15x12.webp 15w\" sizes=\"auto, (max-width: 640px) 100vw, 640px\" \/><\/figure>\n\n\n\n<p class=\"wp-block-paragraph\">#Sakarya #YusufAlemdar #SakaryaB\u00fcy\u00fck\u015fehirBelediyesi #RayD\u00f6n\u00fc\u015f\u00fcm\u00fc #Ye\u015filKoridor #Adapazar\u0131 #Mithatpa\u015fa #Ula\u015f\u0131m #G\u00fcndem #SonDakika #Haber #mnrmedya #t\u00fcrkiyemradyo #t\u00fcrkiyemhaber<\/p>\n","protected":false},"excerpt":{"rendered":"<p>Sakarya\u2019da \u015fehri ikiye ay\u0131ran tren raylar\u0131n\u0131 yer alt\u0131na alacak, \u00fczerini ise ye\u015fil bir ya\u015fam alan\u0131na<\/p>\n","protected":false},"author":10,"featured_media":5628,"comment_status":"open","ping_status":"open","sticky":false,"template":"","format":"standard","meta":{"_rtcl_gb_attr":"","footnotes":""},"categories":[1],"tags":[],"class_list":["post-5627","post","type-post","status-publish","format-standard","has-post-thumbnail","hentry","category-http-turkiyemhaber-com-wp-content-uploads-2026-03-saray-59-haber-13-mart-pdf"],"_links":{"self":[{"href":"https:\/\/turkiyemhaber.com\/index.php?rest_route=\/wp\/v2\/posts\/5627","targetHints":{"allow":["GET"]}}],"collection":[{"href":"https:\/\/turkiyemhaber.com\/index.php?rest_route=\/wp\/v2\/posts"}],"about":[{"href":"https:\/\/turkiyemhaber.com\/index.php?rest_route=\/wp\/v2\/types\/post"}],"author":[{"embeddable":true,"href":"https:\/\/turkiyemhaber.com\/index.php?rest_route=\/wp\/v2\/users\/10"}],"replies":[{"embeddable":true,"href":"https:\/\/turkiyemhaber.com\/index.php?rest_route=%2Fwp%2Fv2%2Fcomments&post=5627"}],"version-history":[{"count":1,"href":"https:\/\/turkiyemhaber.com\/index.php?rest_route=\/wp\/v2\/posts\/5627\/revisions"}],"predecessor-version":[{"id":5631,"href":"https:\/\/turkiyemhaber.com\/index.php?rest_route=\/wp\/v2\/posts\/5627\/revisions\/5631"}],"wp:featuredmedia":[{"embeddable":true,"href":"https:\/\/turkiyemhaber.com\/index.php?rest_route=\/wp\/v2\/media\/5628"}],"wp:attachment":[{"href":"https:\/\/turkiyemhaber.com\/index.php?rest_route=%2Fwp%2Fv2%2Fmedia&parent=5627"}],"wp:term":[{"taxonomy":"category","embeddable":true,"href":"https:\/\/turkiyemhaber.com\/index.php?rest_route=%2Fwp%2Fv2%2Fcategories&post=5627"},{"taxonomy":"post_tag","embeddable":true,"href":"https:\/\/turkiyemhaber.com\/index.php?rest_route=%2Fwp%2Fv2%2Ftags&post=5627"}],"curies":[{"name":"wp","href":"https:\/\/api.w.org\/{rel}","templated":true}]}}