{"id":5620,"date":"2026-09-03T21:43:48","date_gmt":"2026-09-03T21:43:48","guid":{"rendered":"https:\/\/turkiyemhaber.com\/?p=5620"},"modified":"2026-09-03T21:43:53","modified_gmt":"2026-09-03T21:43:53","slug":"mehmet-ucumdan-ahmet-davutoglu-icin-kullanilan-secilmis-son-basbakan-ifadesine-itiraz-son-derece-sorunlu-ve-absurt","status":"publish","type":"post","link":"https:\/\/turkiyemhaber.com\/?p=5620","title":{"rendered":"Mehmet U\u00e7um\u2019dan Ahmet Davuto\u011flu \u0130\u00e7in Kullan\u0131lan &#8220;Se\u00e7ilmi\u015f Son Ba\u015fbakan&#8221; \u0130fadesine \u0130tiraz: Son Derece Sorunlu ve Abs\u00fcrt"},"content":{"rendered":"\n<p class=\"wp-block-paragraph\">Cumhurba\u015fkan\u0131 Ba\u015fdan\u0131\u015fman\u0131 Mehmet U\u00e7um, hakk\u0131nda &#8216;Cumhurba\u015fkan\u0131na hakaret&#8217; su\u00e7lamas\u0131yla soru\u015fturma ba\u015flat\u0131lan eski Ba\u015fbakan Ahmet Davuto\u011flu&#8217;nun avukat\u0131 Hasan Seymen&#8217;in m\u00fcvekkili i\u00e7in kulland\u0131\u011f\u0131 &#8220;Se\u00e7ilmi\u015f son T\u00fcrkiye Cumhuriyeti Ba\u015fbakan\u0131&#8221; ifadesine itiraz etti. U\u00e7um, parlamenter sistemde ba\u015fbakanlar\u0131n halk taraf\u0131ndan do\u011frudan se\u00e7ilmedi\u011fini belirterek s\u00f6z konusu tan\u0131mlama i\u00e7in &#8220;Bu bak\u0131\u015f son derece sorunlu ve abs\u00fcrtt\u00fcr&#8221; dedi. Cumhurba\u015fkan\u0131 Ba\u015fdan\u0131\u015fman\u0131 ve Cumhurba\u015fkanl\u0131\u011f\u0131 Hukuk Politikalar\u0131 Kurulu Ba\u015fkanvekili Mehmet U\u00e7um, hakk\u0131nda &#8216;Cumhurba\u015fkan\u0131na hakaret&#8217; su\u00e7lamas\u0131yla soru\u015fturma ba\u015flat\u0131lan, feshedilen Gelecek Partisi Genel ba\u015fkan\u0131 ve eski Ba\u015fbakan Ahmet Davuto\u011flu&#8217;nun avukat\u0131 Hasan Seymen&#8217;in m\u00fcvekkili i\u00e7in kulland\u0131\u011f\u0131 \u201cSe\u00e7ilmi\u015f son T\u00fcrkiye Cumhuriyeti Ba\u015fbakan\u0131\u201d ifadesine kar\u015f\u0131 \u00e7\u0131kt\u0131.<\/p>\n\n\n\n<figure class=\"wp-block-image size-full\"><img loading=\"lazy\" decoding=\"async\" width=\"640\" height=\"426\" src=\"https:\/\/turkiyemhaber.com\/wp-content\/uploads\/2026\/09\/mehmet-ucumdan-ahmet-davutoglu-20205055-9822_1_m.webp\" alt=\"\" class=\"wp-image-5622\" srcset=\"https:\/\/turkiyemhaber.com\/wp-content\/uploads\/2026\/09\/mehmet-ucumdan-ahmet-davutoglu-20205055-9822_1_m.webp 640w, https:\/\/turkiyemhaber.com\/wp-content\/uploads\/2026\/09\/mehmet-ucumdan-ahmet-davutoglu-20205055-9822_1_m-300x200.webp 300w, https:\/\/turkiyemhaber.com\/wp-content\/uploads\/2026\/09\/mehmet-ucumdan-ahmet-davutoglu-20205055-9822_1_m-18x12.webp 18w\" sizes=\"auto, (max-width: 640px) 100vw, 640px\" \/><\/figure>\n\n\n\n<p class=\"wp-block-paragraph\"><strong>&#8220;T\u00dcRK\u0130YE CUMHUR\u0130YET\u0130\u2019NDE EN SON BA\u015eBAKANLIK G\u00d6REV\u0130N\u0130 YAPAN SAYIN B\u0130NAL\u0130 YILDIRIM\u2019DIR&#8221;<\/strong><\/p>\n\n\n\n<p class=\"wp-block-paragraph\">Davuto\u011flu&#8217;nun avukat\u0131n\u0131n bu a\u00e7\u0131klamas\u0131n\u0131n ard\u0131ndan sosyal medya hesab\u0131ndan &#8216;Ge\u00e7mi\u015fte Anayasa gere\u011fi se\u00e7ilmi\u015f ba\u015fbakan veya bakan var m\u0131yd\u0131!&#8217; ba\u015fl\u0131kl\u0131 bir yaz\u0131 yay\u0131mlayan U\u00e7um, \u015fu g\u00f6r\u00fc\u015fleri payla\u015ft\u0131: &#8220;En son avukatan\u0131n da dile getirdi\u011fi iddiaya g\u00f6re Say\u0131n Ahmet Davuto\u011flu \u201cSe\u00e7ilmi\u015f Son T\u00fcrkiye Cumhuriyeti Ba\u015fbakan\u0131\u201d s\u0131fat\u0131na sahipmi\u015f. Belirtelim ki T\u00fcrkiye Cumhuriyeti\u2019nde en son Ba\u015fbakanl\u0131k g\u00f6revini yapan Say\u0131n Binali Y\u0131ld\u0131r\u0131m\u2019d\u0131r. E\u011fer parlamenter sistemde ba\u015fbakanlar milletvekilleri olmalar\u0131 sebebiyle se\u00e7ilmi\u015f say\u0131l\u0131yorsa T\u00fcrkiye\u2019nin \u201cSe\u00e7ilmi\u015f Son Ba\u015fbakan\u0131\u201d Say\u0131n Binali Y\u0131ld\u0131r\u0131m olur. Yok bu se\u00e7ilmi\u015f say\u0131lma genel se\u00e7imlerde en \u00e7ok milletvekili alan partinin, kendisi de milletvekili olan genel ba\u015fkanlar\u0131na mahsussa o zaman \u00e7ok tuhaf bir durum ortaya \u00e7\u0131kar: Genel se\u00e7imlerden hemen sonra ba\u015fbakan olanlar se\u00e7ilmi\u015f say\u0131lacak, arada ba\u015fbakan olanlar say\u0131lmayacak.<\/p>\n\n\n\n<p class=\"wp-block-paragraph\"><strong>&#8220;BU BAKI\u015e SON DERECE SORUNLU VE ABS\u00dcRT&#8221;<\/strong><\/p>\n\n\n\n<p class=\"wp-block-paragraph\">Ayn\u0131 mant\u0131\u011f\u0131 bakanlar i\u00e7in de y\u00fcr\u00fctmek m\u00fcmk\u00fcn. Genel se\u00e7imlerden hemen sonra bakan olanlar se\u00e7ilmi\u015f arada bakan olanlar se\u00e7ilmemi\u015f say\u0131lacak. Hatta tuhafl\u0131k milletvekili olan ve genel se\u00e7imlerden hemen sonra bakan olanlar\u0131 se\u00e7ilmi\u015f saymaya, sonra bakan olanlar\u0131 se\u00e7ilmi\u015f saymamaya, milletvekili olmayan bakanlar\u0131n ise hi\u00e7 bir zaman se\u00e7ilmi\u015f say\u0131lmamas\u0131na kadar gider. Bu bak\u0131\u015f son derece sorunlu ve abs\u00fcrtt\u00fcr.<\/p>\n\n\n\n<p class=\"wp-block-paragraph\"><strong>&#8220;NE BA\u015eBAKAN \u2018SE\u00c7\u0130LM\u0130\u015e BA\u015eBAKAN\u2019DI. NE DE M\u0130LLETVEK\u0130LLER\u0130 \u2018SE\u00c7\u0130LM\u0130\u015e BAKAN\u2019DI&#8221;<\/strong><\/p>\n\n\n\n<p class=\"wp-block-paragraph\">\u0130\u015fin asl\u0131 parlamenter sistemimizde ne ba\u015fbakan \u201cse\u00e7ilmi\u015f ba\u015fbakan\u201dd\u0131. Ne de milletvekilleri \u201cse\u00e7ilmi\u015f bakan\u201dd\u0131. Halk taraf\u0131ndan do\u011frudan se\u00e7ilenler sadece T\u00fcrkiye B\u00fcy\u00fck Millet Meclisinin \u00fcyeleri olan milletvekilleriydi. Halk ba\u015fbakan veya bakan se\u00e7mezdi. Genel se\u00e7imleri kazanmak da ba\u015fbakan se\u00e7ilme sonucunu anayasal olarak do\u011furmazd\u0131.<\/p>\n\n\n\n<p class=\"wp-block-paragraph\"><strong>&#8220;DEY\u0130M UYGUN D\u00dc\u015eERSE UYDURMA B\u0130R SIFAT \u00dcRET\u0130LD\u0130\u011e\u0130 ANLA\u015eILIYOR&#8221;<\/strong><\/p>\n\n\n\n<p class=\"wp-block-paragraph\">1982 Anayasas\u0131\u2019n\u0131n m\u00fclga 109\u2019uncu maddesine g\u00f6re Ba\u015fbakan, Cumhurba\u015fkan\u0131nca milletvekilleri aras\u0131ndan atan\u0131rd\u0131. Bakanlar ise Ba\u015fbakan taraf\u0131ndan ya milletvekilleri aras\u0131ndan veya milletvekili se\u00e7ilme yeterlili\u011fine sahip olanlar aras\u0131ndan yani Meclis d\u0131\u015f\u0131ndan se\u00e7ilir ve Cumhurba\u015fkan\u0131nca atan\u0131rd\u0131. Dolay\u0131s\u0131yla hi\u00e7 bir mant\u0131ksal tutarl\u0131l\u0131\u011fa dayanmayan, me\u015fruiyet dayana\u011f\u0131 olmayan ve o d\u00f6nemin Anayasa h\u00fck\u00fcmlerine a\u00e7\u0131k\u00e7a ayk\u0131r\u0131 olan deyim uygun d\u00fc\u015ferse uydurma bir s\u0131fat \u00fcretildi\u011fi anla\u015f\u0131l\u0131yor.&#8221;<\/p>\n\n\n\n<p class=\"wp-block-paragraph\">U\u00e7um&#8217;un kaleme ald\u0131\u011f\u0131 yaz\u0131 \u015fu \u015fekilde;<\/p>\n\n\n\n<figure class=\"wp-block-image size-large\"><img loading=\"lazy\" decoding=\"async\" width=\"374\" height=\"1024\" src=\"https:\/\/turkiyemhaber.com\/wp-content\/uploads\/2026\/09\/mehmet-ucumdan-ahmet-davutoglu-20205055-6613_1_m-374x1024.webp\" alt=\"\" class=\"wp-image-5623\" srcset=\"https:\/\/turkiyemhaber.com\/wp-content\/uploads\/2026\/09\/mehmet-ucumdan-ahmet-davutoglu-20205055-6613_1_m-374x1024.webp 374w, https:\/\/turkiyemhaber.com\/wp-content\/uploads\/2026\/09\/mehmet-ucumdan-ahmet-davutoglu-20205055-6613_1_m-110x300.webp 110w, https:\/\/turkiyemhaber.com\/wp-content\/uploads\/2026\/09\/mehmet-ucumdan-ahmet-davutoglu-20205055-6613_1_m-4x12.webp 4w, https:\/\/turkiyemhaber.com\/wp-content\/uploads\/2026\/09\/mehmet-ucumdan-ahmet-davutoglu-20205055-6613_1_m-561x1536.webp 561w, https:\/\/turkiyemhaber.com\/wp-content\/uploads\/2026\/09\/mehmet-ucumdan-ahmet-davutoglu-20205055-6613_1_m.webp 640w\" sizes=\"auto, (max-width: 374px) 100vw, 374px\" \/><\/figure>\n\n\n\n<figure class=\"wp-block-image size-full\"><img loading=\"lazy\" decoding=\"async\" width=\"640\" height=\"366\" src=\"https:\/\/turkiyemhaber.com\/wp-content\/uploads\/2026\/09\/mehmet-ucumdan-ahmet-davutoglu-20205055-5309_1_m.webp\" alt=\"\" class=\"wp-image-5624\" srcset=\"https:\/\/turkiyemhaber.com\/wp-content\/uploads\/2026\/09\/mehmet-ucumdan-ahmet-davutoglu-20205055-5309_1_m.webp 640w, https:\/\/turkiyemhaber.com\/wp-content\/uploads\/2026\/09\/mehmet-ucumdan-ahmet-davutoglu-20205055-5309_1_m-300x172.webp 300w, https:\/\/turkiyemhaber.com\/wp-content\/uploads\/2026\/09\/mehmet-ucumdan-ahmet-davutoglu-20205055-5309_1_m-18x10.webp 18w\" sizes=\"auto, (max-width: 640px) 100vw, 640px\" \/><\/figure>\n\n\n\n<p class=\"wp-block-paragraph\">#MehmetU\u00e7um #AhmetDavuto\u011flu #BinaliY\u0131ld\u0131r\u0131m #Siyaset #Hukuk #Anayasa #G\u00fcndem #SonDakika #Haber #mnrmedya #t\u00fcrkiyemradyo #t\u00fcrkiyemhaber<\/p>\n","protected":false},"excerpt":{"rendered":"<p>Cumhurba\u015fkan\u0131 Ba\u015fdan\u0131\u015fman\u0131 Mehmet U\u00e7um, hakk\u0131nda &#8216;Cumhurba\u015fkan\u0131na hakaret&#8217; su\u00e7lamas\u0131yla soru\u015fturma ba\u015flat\u0131lan eski Ba\u015fbakan Ahmet Davuto\u011flu&#8217;nun avukat\u0131<\/p>\n","protected":false},"author":10,"featured_media":5621,"comment_status":"open","ping_status":"open","sticky":false,"template":"","format":"standard","meta":{"_rtcl_gb_attr":"","footnotes":""},"categories":[1],"tags":[],"class_list":["post-5620","post","type-post","status-publish","format-standard","has-post-thumbnail","hentry","category-http-turkiyemhaber-com-wp-content-uploads-2026-03-saray-59-haber-13-mart-pdf"],"_links":{"self":[{"href":"https:\/\/turkiyemhaber.com\/index.php?rest_route=\/wp\/v2\/posts\/5620","targetHints":{"allow":["GET"]}}],"collection":[{"href":"https:\/\/turkiyemhaber.com\/index.php?rest_route=\/wp\/v2\/posts"}],"about":[{"href":"https:\/\/turkiyemhaber.com\/index.php?rest_route=\/wp\/v2\/types\/post"}],"author":[{"embeddable":true,"href":"https:\/\/turkiyemhaber.com\/index.php?rest_route=\/wp\/v2\/users\/10"}],"replies":[{"embeddable":true,"href":"https:\/\/turkiyemhaber.com\/index.php?rest_route=%2Fwp%2Fv2%2Fcomments&post=5620"}],"version-history":[{"count":1,"href":"https:\/\/turkiyemhaber.com\/index.php?rest_route=\/wp\/v2\/posts\/5620\/revisions"}],"predecessor-version":[{"id":5625,"href":"https:\/\/turkiyemhaber.com\/index.php?rest_route=\/wp\/v2\/posts\/5620\/revisions\/5625"}],"wp:featuredmedia":[{"embeddable":true,"href":"https:\/\/turkiyemhaber.com\/index.php?rest_route=\/wp\/v2\/media\/5621"}],"wp:attachment":[{"href":"https:\/\/turkiyemhaber.com\/index.php?rest_route=%2Fwp%2Fv2%2Fmedia&parent=5620"}],"wp:term":[{"taxonomy":"category","embeddable":true,"href":"https:\/\/turkiyemhaber.com\/index.php?rest_route=%2Fwp%2Fv2%2Fcategories&post=5620"},{"taxonomy":"post_tag","embeddable":true,"href":"https:\/\/turkiyemhaber.com\/index.php?rest_route=%2Fwp%2Fv2%2Ftags&post=5620"}],"curies":[{"name":"wp","href":"https:\/\/api.w.org\/{rel}","templated":true}]}}