{"id":5617,"date":"2026-09-03T21:36:42","date_gmt":"2026-09-03T21:36:42","guid":{"rendered":"https:\/\/turkiyemhaber.com\/?p=5617"},"modified":"2026-09-03T21:36:48","modified_gmt":"2026-09-03T21:36:48","slug":"gulistan-doku-sorusturmasinda-tutuklanan-emekli-albay-ali-kahramanin-ifadesi-ortaya-cikti","status":"publish","type":"post","link":"https:\/\/turkiyemhaber.com\/?p=5617","title":{"rendered":"G\u00fclistan Doku Soru\u015fturmas\u0131nda Tutuklanan Emekli Albay Ali Kahraman&#8217;\u0131n \u0130fadesi Ortaya \u00c7\u0131kt\u0131"},"content":{"rendered":"\n<p class=\"wp-block-paragraph\">G\u00fclistan Doku soru\u015fturmas\u0131 kapsam\u0131nda tutuklanan eski Tunceli \u0130l Jandarma Komutan Yard\u0131mc\u0131s\u0131 emekli albay Ali Kahraman&#8217;\u0131n ifadesi ortaya \u00e7\u0131kt\u0131. Kahraman, Tunceli&#8217;de 176 kameran\u0131n bulundu\u011funu ve tamam\u0131n\u0131n faal oldu\u011funu savunurken, Sar\u0131 Saltuk Viyad\u00fc\u011f\u00fc&#8217;nde kamera olup olmad\u0131\u011f\u0131n\u0131 hat\u0131rlayamad\u0131\u011f\u0131n\u0131 s\u00f6yledi. Tuncay Sonel&#8217;in Doku olay\u0131yla ilgili savunmas\u0131n\u0131 inand\u0131r\u0131c\u0131 bulmad\u0131\u011f\u0131n\u0131 belirten Kahraman, Sonel&#8217;in &#8220;manip\u00fcle etme, alg\u0131 y\u00f6netme&#8221; konusunda mahir oldu\u011funu \u00f6ne s\u00fcrd\u00fc. Tunceli&#8217;de 5 Ocak 2020&#8217;den itibaren haber al\u0131namayan \u00fcniversite \u00f6\u011frencisi G\u00fclistan Doku ile ilgili soru\u015fturma kapsam\u0131nda tutuklanan eski Tunceli \u0130l Jandarma Komutan Yard\u0131mc\u0131s\u0131 emekli albay Ali Kahraman&#8217;\u0131n ifadesine ula\u015f\u0131ld\u0131.<\/p>\n\n\n\n<p class=\"wp-block-paragraph\"><strong>\u201cH\u0130\u00c7B\u0130R \u00d6L\u00dc NOKTA OLMAYACAK \u015eEK\u0130LDE 176 KAMERA S\u0130STEM\u0130 VARDI\u201d<\/strong><\/p>\n\n\n\n<p class=\"wp-block-paragraph\">Kahraman, Erzurum Cumhuriyet Ba\u015fsavc\u0131l\u0131\u011f\u0131ndaki ifadesinde, eski Tunceli Valisi Tuncay Sonel ile Tunceli&#8217;de tan\u0131\u015ft\u0131klar\u0131n\u0131 belirterek, Sonel&#8217;in g\u00f6zalt\u0131na al\u0131nd\u0131\u011f\u0131 tarihe kadar ara ara ileti\u015fimlerinin devam etti\u011fini, \u00e7ok samimi bir ileti\u015fim ve irtibatlar\u0131n\u0131n olmad\u0131\u011f\u0131n\u0131 \u00f6ne s\u00fcrd\u00fc.<\/p>\n\n\n\n<p class=\"wp-block-paragraph\">Tunceli&#8217;de Temmuz 2017-Temmuz 2019 d\u00f6neminde \u0130l Jandarma Komutan Vekilli\u011fi ve \u0130l Jandarma Komutan Yard\u0131mc\u0131l\u0131\u011f\u0131 g\u00f6revlerinde bulunan Kahraman, Tunceli&#8217;deki kalekollardaki kameralarla ilgili soru \u00fczerine \u015funlar\u0131 s\u00f6yledi: &#8220;Tunceli&#8217;den \u00e7\u0131kt\u0131\u011f\u0131m\u0131zda Elaz\u0131\u011f istikametindeki Elmal\u0131k Karakolu&#8217;na gidinceye kadar hi\u00e7bir \u00f6l\u00fc nokta olmayacak \u015fekilde tam hat\u0131rlamamakla birlikte 176 kamera sistemi vard\u0131. Bu kameralar zumlama \u00f6zelli\u011fine sahipti. Ben oradayken bu kameralar\u0131n hepsi faaldi, sorunsuz \u00e7al\u0131\u015f\u0131yordu. T\u00fcm kameralar \u0130l Jandarma Komutanl\u0131\u011f\u0131 Harekat Merkezi&#8217;ndeki kamera odas\u0131ndan 24 saat n\u00f6bet esas\u0131na dayal\u0131 Asayi\u015f \u015eube M\u00fcd\u00fcrl\u00fc\u011f\u00fc sorumlulu\u011funda izlenebiliyordu, kendi veri taban\u0131nda ar\u015fivleniyordu. Sar\u0131 Saltuk Viyad\u00fc\u011f\u00fc de hi\u00e7bir \u00f6l\u00fc noktan\u0131n olmad\u0131\u011f\u0131 bu g\u00fczergah \u00fczerindeydi. Ben Temmuz 2019&#8217;da ayr\u0131lana kadar bu kameralar\u0131n faal halde \u00e7al\u0131\u015ft\u0131\u011f\u0131n\u0131 biliyorum.&#8221;<\/p>\n\n\n\n<p class=\"wp-block-paragraph\"><strong>\u201cSARI SALTUK V\u0130YAD\u00dc\u011e\u00dc&#8217;NDE DE KES\u0130N KAMERA OLMASI GEREKMEKTED\u0130R\u201d<\/strong><\/p>\n\n\n\n<p class=\"wp-block-paragraph\">Sar\u0131 Saltuk Viyad\u00fc\u011f\u00fc&#8217;n\u00fcn Tunceli ve Elaz\u0131\u011f istikametlerinde kamera g\u00f6r\u00fcnt\u00fcs\u00fcn\u00fcn olmad\u0131\u011f\u0131 ve Doku&#8217;nun g\u00f6r\u00fcnt\u00fcs\u00fcne ula\u015f\u0131lamad\u0131\u011f\u0131 tespitine ili\u015fkin soru \u00fczerine Kahraman, &#8220;B\u00fct\u00fcn kameralar\u0131n \u00f6l\u00fc b\u00f6lge olmayacak \u015fekilde oldu\u011funu s\u00f6yledim ama o b\u00f6lgede yan\u0131lm\u0131\u015f olabilirim. Biz brifinglerimizde \u00f6l\u00fc b\u00f6lge olmayacak \u015fekilde kameralar\u0131m\u0131z\u0131 yerle\u015ftirdik diye s\u00f6yl\u00fcyorduk. \u015eu an ben de benim zaman\u0131mda da orada kamera olup olmad\u0131\u011f\u0131na dair emin olamad\u0131m. Jandarma b\u00f6lgesinin ba\u015flang\u0131c\u0131 \u00fcniversite kav\u015fa\u011f\u0131ndan sonra ba\u015flamaktad\u0131r. Dolay\u0131s\u0131yla Sar\u0131 Saltuk Viyad\u00fc\u011f\u00fc polis b\u00f6lgesinde kalmaktad\u0131r. Benim fikrime g\u00f6re de sizin s\u00f6yledi\u011finiz Sar\u0131 Saltuk Viyad\u00fc\u011f\u00fc&#8217;nde de kesin kamera olmas\u0131 gerekmektedir. Buras\u0131 \u015fehrin tek giri\u015f yeridir.&#8221; dedi.<\/p>\n\n\n\n<p class=\"wp-block-paragraph\">Kahraman, 2 Ocak 2020&#8217;de e\u015fi Bur\u00e7in H\u0131zl\u0131 Kahraman ve k\u0131zlar\u0131yla e\u015fi ad\u0131na tahsisli ara\u00e7la Tunceli&#8217;ye geldiklerini, ziyaretlerde bulunduklar\u0131n\u0131, 4 Ocak&#8217;ta bir tan\u0131d\u0131klar\u0131na kahvalt\u0131ya gittiklerini ifade etti.<\/p>\n\n\n\n<p class=\"wp-block-paragraph\">G\u00fclistan Doku&#8217;nun kayboldu\u011fu g\u00fcn\u00fcn sabah\u0131nda Bayraktepe \u0130l Jandarma Komutanl\u0131\u011f\u0131&#8217;nda kahvalt\u0131ya kat\u0131ld\u0131klar\u0131n\u0131 anlatan Kahraman, saat 12.55&#8217;te Pertek Vapur \u0130skelesi&#8217;ne vararak kentten ayr\u0131ld\u0131klar\u0131n\u0131 belirtti.<\/p>\n\n\n\n<p class=\"wp-block-paragraph\"><strong>GAZ\u0130ANTEP&#8217;TE G\u00d6REVL\u0130 OLMASINA RA\u011eMEN TUNCEL\u0130&#8217;DEK\u0130 KULE B\u0130LG\u0130LER\u0130N\u0130 SONEL&#8217;E G\u00d6NDERMES\u0130<\/strong><\/p>\n\n\n\n<p class=\"wp-block-paragraph\">Tuncay Sonel&#8217;e &#8220;ya\u015fam alanl\u0131 kule bilgileri&#8221; ba\u015fl\u0131kl\u0131 excel g\u00f6r\u00fcnt\u00fcs\u00fc g\u00f6nderdi\u011finin belirtilmesi \u00fczerine Kahraman, &#8220;Tuncay Sonel, &#8216;\u015eu an valilikte toplant\u0131day\u0131z, \u00e7ok acil kule bilgilerine ihtiyac\u0131m\u0131z var&#8217; diyerek bana mesaj g\u00f6nderdi. Ben de ayn\u0131 mesaj\u0131 oldu\u011fu gibi ilgili arkada\u015fa aktard\u0131m. O bana cevap verince ben de yine mesaj\u0131 oldu\u011fu gibi Tuncay Sonel&#8217;e ilettim.&#8221; dedi.<\/p>\n\n\n\n<p class=\"wp-block-paragraph\">Mesajla\u015fma tarihinin 4 Ocak 2020 olmas\u0131, o tarihte Tunceli&#8217;de bulunmas\u0131 ve Gaziantep&#8217;te \u00e7al\u0131\u015ft\u0131\u011f\u0131n\u0131n hat\u0131rlat\u0131lmas\u0131 \u00fczerine Kahraman, \u015fu \u015fekilde cevap verdi: &#8220;4 Ocak&#8217;ta Tunceli&#8217;de olmam hasebiyle Tuncay Sonel orada olmamdan dolay\u0131 &#8216;\u015eu an valilikte toplant\u0131day\u0131z, \u00e7ok acil kule bilgilerine ihtiyac\u0131m\u0131z var&#8217; diye s\u00f6yledi. Ben de ilgilisini arayarak foto\u011fraflar\u0131 istedim. Geldi\u011fi gibi de Tuncay Sonel&#8217;e g\u00f6nderdim.&#8221;<\/p>\n\n\n\n<p class=\"wp-block-paragraph\"><strong>&#8220;G\u00dcL\u0130STAN DOKU&#8217;YU ARABAMIZA ALMADIK&#8221;<\/strong><\/p>\n\n\n\n<p class=\"wp-block-paragraph\">G\u00fclistan&#8217;\u0131n kayboldu\u011fu 5 Ocak 2020&#8217;de saat 12.25 s\u0131ralar\u0131nda yolculuk yapt\u0131klar\u0131 arac\u0131n Sar\u0131 Saltuk Viyad\u00fc\u011f\u00fc \u00fczerindeki kamera g\u00f6r\u00fcnt\u00fclerine yans\u0131mas\u0131, yol g\u00fczergah\u0131ndaki kameralarda ara\u00e7lar\u0131yla tespit edilmeleri ve e\u015finin saat 12.27&#8217;de ve devam\u0131nda Handan Sonel ile g\u00f6r\u00fc\u015fmeleri sorulan Kahraman, \u015f\u00f6yle devam etti: &#8220;12.27&#8217;de e\u015fim, Handan Sonel&#8217;i te\u015fekk\u00fcr etmek ve Tunceli&#8217;den ayr\u0131l\u0131yoruz diye bilgi vermek i\u00e7in arad\u0131 ama telefon a\u00e7\u0131lmad\u0131. Ben, e\u015fim ve k\u0131zlar\u0131m hi\u00e7bir yerde durmayarak yoldan hi\u00e7 kimseyi almayarak, yolda hi\u00e7 kimseyi g\u00f6rmeden, 12.55&#8217;te Pertek Vapur \u0130skelesi&#8217;ne vard\u0131k. Daha sonra Handan Han\u0131m telefonla d\u00f6nd\u00fc\u011f\u00fcnde Bur\u00e7in kendisine te\u015fekk\u00fcr ederek Tunceli&#8217;den ayr\u0131ld\u0131\u011f\u0131n\u0131 bildirdi. Daha sonraki konu\u015fmalar\u0131nda da kad\u0131n dedikodular\u0131 yapt\u0131lar, kad\u0131nlar\u0131 \u00e7eki\u015ftirerek bir \u015feyler s\u00f6yl\u00fcyorlard\u0131. Kendi \u00f6zel i\u015fleri ve Tunceli ziyaretinde ya\u015fad\u0131klar\u0131 ile ilgili konu\u015fuyorlard\u0131. Sizin d\u00fc\u015f\u00fcnd\u00fc\u011f\u00fcn\u00fcz gibi G\u00fclistan Doku ile ilgili asla bir \u015fey konu\u015fulmad\u0131. Tamamen kad\u0131nlar\u0131n dedikodusu \u015feklinde g\u00f6r\u00fc\u015fme oldu. Biz G\u00fclistan Doku&#8217;yu arabam\u0131za almad\u0131k, b\u00f6yle bir eyleme asla kat\u0131lmay\u0131z.&#8221;<\/p>\n\n\n\n<p class=\"wp-block-paragraph\"><strong>\u201cTUNCAY SONEL HERKES\u0130 \u0130KNA EDEB\u0130LME, MAN\u0130P\u00dcLE ETME, ALGI Y\u00d6NETME HUSUSLARINDA MAH\u0130RD\u0130\u201d<\/strong><\/p>\n\n\n\n<p class=\"wp-block-paragraph\">Kahraman&#8217;a savc\u0131l\u0131ktaki ifadesi s\u0131ras\u0131nda, &#8220;G\u00fclistan&#8217;\u0131n kayboldu\u011fu saat aral\u0131\u011f\u0131ndaki ara\u00e7 ge\u00e7i\u015flerine g\u00f6re 200&#8217;\u00fc a\u015fk\u0131n ki\u015finin 15-20 g\u00fcn i\u00e7erisinde ifadelerinin al\u0131nmas\u0131 ve ara\u00e7lar\u0131n\u0131n tespit edilmesine ra\u011fmen kendilerinin i\u00e7inde bulunduklar\u0131 arac\u0131n soru\u015fturma d\u0131\u015f\u0131 b\u0131rak\u0131larak tespit edilmedi\u011fi ve ifadelerinin al\u0131nmad\u0131\u011f\u0131 ayr\u0131ca Tunceli&#8217;de g\u00f6rev yapt\u0131\u011f\u0131 d\u00f6nemde en y\u00fcksek s\u0131ral\u0131 amirleri oldu\u011fu g\u00fcvenlik korucular\u0131yla g\u00f6revinden kaynaklanan ili\u015fkisi ve \u00fczerlerindeki s\u00f6z sahibi konumuna ili\u015fkin tespitlerle&#8221; ilgili soru y\u00f6neltildi.<\/p>\n\n\n\n<p class=\"wp-block-paragraph\">Ali Kahraman, bu soru \u00fczerine \u015funlar\u0131 kaydetti: &#8220;Tunceli&#8217;ye geldi\u011fimizde Tuncay Sonel ve e\u015fiyle g\u00f6r\u00fc\u015ft\u00fck. \u015e\u00fckr\u00fc (Sonel&#8217;in korumas\u0131 \u015e\u00fckr\u00fc Ero\u011flu) ile g\u00f6r\u00fc\u015fmem tamamen \u00f6\u011fretmenevi rezervasyonu ve \u00f6\u011fretmenevinde ya\u015fad\u0131\u011f\u0131m s\u0131k\u0131nt\u0131dan dolay\u0131 olmas\u0131, Tuncay Sonel ve e\u015fiyle g\u00f6r\u00fc\u015fmelerimizde de d\u00f6nemin valisi ve d\u00f6nemin vali e\u015fi olmas\u0131, bizi kafeye yeme\u011fe davet etmelerinden, insani yemek daveti d\u0131\u015f\u0131nda bir \u015fey asla yoktur. Koruculara benim g\u00f6rev yapt\u0131\u011f\u0131m d\u00f6nemde TEM \u015fubeye ba\u011fl\u0131 \u00e7al\u0131\u015fan kahraman koruculard\u0131 ama ne valinin benim \u00fczerimde tahakk\u00fcm kuraca\u011f\u0131, yanl\u0131\u015f i\u015fler yapt\u0131raca\u011f\u0131 ne de benim korucular \u00fczerinde tahakk\u00fcm kuraca\u011f\u0131m veya yanl\u0131\u015f i\u015fler yapt\u0131raca\u011f\u0131m i\u015fler asla s\u00f6z konusu olamaz. Tuncay Sonel&#8217;in korucular \u00fczerinde tahakk\u00fcm kurabilece\u011fini ve onlar\u0131 manip\u00fcle edebilece\u011fini d\u00fc\u015f\u00fcn\u00fcyorum \u00e7\u00fcnk\u00fc \u00f6yle bir karakteri vard\u0131, herkesi ikna edebilme, manip\u00fcle etme, alg\u0131 y\u00f6netme hususlar\u0131nda mahirdi.&#8221;<\/p>\n\n\n\n<p class=\"wp-block-paragraph\"><strong>\u201c\u015eEREFS\u0130ZLER\u0130N CEZA ALMASINI EN AZ S\u0130ZLER KADAR \u0130ST\u0130YORUM\u201d<\/strong><\/p>\n\n\n\n<p class=\"wp-block-paragraph\">G\u00fclistan Doku&#8217;nun kameralar\u0131n g\u00f6r\u00fc\u015f a\u00e7\u0131s\u0131 d\u0131\u015f\u0131nda arac\u0131yla al\u0131nd\u0131\u011f\u0131 iddialar\u0131 \u00fczerine Kahraman, &#8220;Jandarma te\u015fkilat\u0131na 33 y\u0131ld\u0131r \u015fan ve \u015ferefle g\u00f6rev yapm\u0131\u015f bir jandarma subay\u0131 olarak b\u00f6yle bir \u015feyi asla yapmam. Benim de 3 k\u0131z evlad\u0131m var. B\u00f6yle bir \u015fey yapmak isteyenlerin de Allah belas\u0131n\u0131 versin. Ben de bu olaylar\u0131n ayd\u0131nlat\u0131larak ger\u00e7eklerin ortaya \u00e7\u0131kmas\u0131n\u0131, \u015ferefsizlerin ceza almas\u0131n\u0131 en az sizler kadar istiyorum.&#8221; dedi.<\/p>\n\n\n\n<p class=\"wp-block-paragraph\"><strong>\u201cTUNCAY SONEL&#8217;\u0130N SAVUNMASINI A\u00c7IK\u00c7ASI BEN DE \u0130NANDIRICI BULMUYORUM\u201d<\/strong><\/p>\n\n\n\n<p class=\"wp-block-paragraph\">Tuncay Sonel&#8217;in G\u00fclistan Doku&#8217;nun sinyal bilgilerinin takibine ili\u015fkin kendisinden herhangi bir talepte bulunup bulunmad\u0131\u011f\u0131 ve Sonel&#8217;in yeni SIM kart\u0131 G\u00f6khan Ertok&#8217;a g\u00f6nderme gerek\u00e7esi olarak ileri s\u00fcrd\u00fc\u011f\u00fc &#8220;sinyal tespiti yapt\u0131rmak istedim&#8221; y\u00f6n\u00fcndeki iddias\u0131na ili\u015fkin diyecekleri sorulan Kahraman, &#8220;Tuncay Sonel, G\u00fclistan Doku olay\u0131yla ilgili benimle hi\u00e7bir \u015fekilde ileti\u015fime ge\u00e7memi\u015ftir, bu konuyla ilgili herhangi bir talebi olmam\u0131\u015ft\u0131r. Valilik makam\u0131na gelmi\u015f birinin sinyal bilgilerinin istendi\u011finde yereldeki kolluk birimleri vas\u0131tas\u0131yla \u00e7ok k\u0131sa s\u00fcre i\u00e7erisinde al\u0131nabilece\u011fini bilmemesi m\u00fcmk\u00fcn de\u011fildir. Tuncay Sonel ile birlikte g\u00f6rev yapt\u0131\u011f\u0131m\u0131z s\u00fcre zarf\u0131nda edindi\u011fim, g\u00f6rd\u00fc\u011f\u00fcm bilgilere g\u00f6re de kendisi kafas\u0131 \u00e7al\u0131\u015fan ve mevzuata da hakim biriydi. Tuncay Sonel&#8217;in savunmas\u0131n\u0131 a\u00e7\u0131k\u00e7as\u0131 ben de inand\u0131r\u0131c\u0131 bulmuyorum.&#8221; ifadelerini kulland\u0131.<\/p>\n\n\n\n<p class=\"wp-block-paragraph\"><strong>\u201cTUNCAY SONEL&#8217;\u0130 MENFAAT\u00c7\u0130, E\u015e\u0130N\u0130 KAPR\u0130SL\u0130 B\u0130R\u0130 OLARAK TANIMA FIRSATINI \u00c7OK DAHA \u0130Y\u0130 BULDUK\u201d<\/strong><\/p>\n\n\n\n<p class=\"wp-block-paragraph\">E\u015fi Bur\u00e7in H\u0131zl\u0131 Kahraman&#8217;\u0131n savc\u0131l\u0131ktaki ifadesinde &#8220;Tatilin ard\u0131ndan Tuncay Sonel ve ailesiyle olan ili\u015fkisini asgariye indirdi\u011fini ve 2025 ortalar\u0131ndan bu yana g\u00f6r\u00fc\u015fmedi\u011fini&#8221; beyan etti\u011fi hat\u0131rlat\u0131larak, Tuncay Sonel ve ailesiyle irtibat\u0131n\u0131 s\u00fcrd\u00fcr\u00fcp s\u00fcrd\u00fcrmedi\u011fi sorulan Ali Kahraman, &#8220;E\u015fimin de dedi\u011fi gibi bu k\u0131sa tatil zarf\u0131nda Tuncay Sonel&#8217;in menfaat\u00e7i, e\u015finin kaprisli biri olarak tan\u0131ma f\u0131rsat\u0131n\u0131 \u00e7ok daha iyi bulduk. G\u00f6r\u00fc\u015fmelerimizi en aza indirdik. Ordu&#8217;ya tayin olduklar\u0131nda bizi davet ettiler asla gitmedik.&#8221; \u015feklinde savunma yapt\u0131.<\/p>\n\n\n\n<p class=\"wp-block-paragraph\"><strong>\u201c\u00dc\u00c7 KURU\u015e \u0130\u00c7\u0130N BEN\u0130 ARAYIP BERBER, KUAF\u00d6R H\u0130ZMET\u0130 \u0130STED\u0130\u201d<\/strong><\/p>\n\n\n\n<p class=\"wp-block-paragraph\">Gaziantep&#8217;teki g\u00f6revinin ard\u0131ndan Ankara&#8217;ya tayininin \u00e7\u0131kt\u0131\u011f\u0131n\u0131, Ankara&#8217;da g\u00f6rev yapt\u0131\u011f\u0131 birlikte sosyal tesislerden sorumlu komutan oldu\u011funu ve 30 A\u011fustos 2026&#8217;da emekliye ayr\u0131ld\u0131\u011f\u0131n\u0131 anlatan Kahraman, &#8220;(Tuncay Sonel) Ankara&#8217;ya k\u0131za\u011fa \u00e7ekildikten sonra yine menfaati i\u00e7in, \u00fc\u00e7 kuru\u015f i\u00e7in beni aray\u0131p berber, kuaf\u00f6r hizmeti istedi ve ben de uzman \u00e7avu\u015fun numaras\u0131n\u0131 Tuncay Sonel&#8217;e vererek irtibat\u0131 en az seviyeye indirdim. 2026 y\u0131l\u0131nda \u00e7ok az g\u00f6r\u00fc\u015fm\u00fc\u015f\u00fcmd\u00fcr.&#8221; dedi.<\/p>\n\n\n\n<p class=\"wp-block-paragraph\"><strong>&#8220;VAL\u0130N\u0130N O\u011eLU S\u0130LAH TA\u015eIRDI&#8221;<\/strong><\/p>\n\n\n\n<p class=\"wp-block-paragraph\">Tuncay Sonel&#8217;in o\u011flu Mustafa T\u00fcrkay Sonel ile ilgili soru \u00fczerine Kahraman, &#8220;Babas\u0131n\u0131n n\u00fcfuzunu her ortamda kulland\u0131\u011f\u0131n\u0131 duydum. Kendisi okula koruma pantolonu ve di\u011fer zamanlarda koruma personellerinin yan\u0131nda koruma k\u0131yafetiyle dola\u015f\u0131rd\u0131. Dola\u015f\u0131rken silah da ta\u015f\u0131rd\u0131 ancak ta\u015f\u0131d\u0131\u011f\u0131 silah\u0131n ger\u00e7ek olup olmad\u0131\u011f\u0131n\u0131 bilmiyorum.&#8221; diye konu\u015ftu.<\/p>\n\n\n\n<p class=\"wp-block-paragraph\">#G\u00fclistanDoku #AliKahraman #TuncaySonel #Tunceli #Soru\u015fturma #G\u00fcndem #SonDakika #Haber #mnrmedya #t\u00fcrkiyemradyo #t\u00fcrkiyemhaber<\/p>\n","protected":false},"excerpt":{"rendered":"<p>G\u00fclistan Doku soru\u015fturmas\u0131 kapsam\u0131nda tutuklanan eski Tunceli \u0130l Jandarma Komutan Yard\u0131mc\u0131s\u0131 emekli albay Ali Kahraman&#8217;\u0131n<\/p>\n","protected":false},"author":10,"featured_media":5618,"comment_status":"open","ping_status":"open","sticky":false,"template":"","format":"standard","meta":{"_rtcl_gb_attr":"","footnotes":""},"categories":[1],"tags":[],"class_list":["post-5617","post","type-post","status-publish","format-standard","has-post-thumbnail","hentry","category-http-turkiyemhaber-com-wp-content-uploads-2026-03-saray-59-haber-13-mart-pdf"],"_links":{"self":[{"href":"https:\/\/turkiyemhaber.com\/index.php?rest_route=\/wp\/v2\/posts\/5617","targetHints":{"allow":["GET"]}}],"collection":[{"href":"https:\/\/turkiyemhaber.com\/index.php?rest_route=\/wp\/v2\/posts"}],"about":[{"href":"https:\/\/turkiyemhaber.com\/index.php?rest_route=\/wp\/v2\/types\/post"}],"author":[{"embeddable":true,"href":"https:\/\/turkiyemhaber.com\/index.php?rest_route=\/wp\/v2\/users\/10"}],"replies":[{"embeddable":true,"href":"https:\/\/turkiyemhaber.com\/index.php?rest_route=%2Fwp%2Fv2%2Fcomments&post=5617"}],"version-history":[{"count":1,"href":"https:\/\/turkiyemhaber.com\/index.php?rest_route=\/wp\/v2\/posts\/5617\/revisions"}],"predecessor-version":[{"id":5619,"href":"https:\/\/turkiyemhaber.com\/index.php?rest_route=\/wp\/v2\/posts\/5617\/revisions\/5619"}],"wp:featuredmedia":[{"embeddable":true,"href":"https:\/\/turkiyemhaber.com\/index.php?rest_route=\/wp\/v2\/media\/5618"}],"wp:attachment":[{"href":"https:\/\/turkiyemhaber.com\/index.php?rest_route=%2Fwp%2Fv2%2Fmedia&parent=5617"}],"wp:term":[{"taxonomy":"category","embeddable":true,"href":"https:\/\/turkiyemhaber.com\/index.php?rest_route=%2Fwp%2Fv2%2Fcategories&post=5617"},{"taxonomy":"post_tag","embeddable":true,"href":"https:\/\/turkiyemhaber.com\/index.php?rest_route=%2Fwp%2Fv2%2Ftags&post=5617"}],"curies":[{"name":"wp","href":"https:\/\/api.w.org\/{rel}","templated":true}]}}