{"id":5614,"date":"2026-09-03T21:34:49","date_gmt":"2026-09-03T21:34:49","guid":{"rendered":"https:\/\/turkiyemhaber.com\/?p=5614"},"modified":"2026-09-03T21:34:55","modified_gmt":"2026-09-03T21:34:55","slug":"babacandan-davutogluna-destek-sorusturma-ifade-ozgurlugune-mudahale","status":"publish","type":"post","link":"https:\/\/turkiyemhaber.com\/?p=5614","title":{"rendered":"Babacan&#8217;dan Davuto\u011flu&#8217;na Destek: Soru\u015fturma \u0130fade \u00d6zg\u00fcrl\u00fc\u011f\u00fcne M\u00fcdahale"},"content":{"rendered":"\n<p class=\"wp-block-paragraph\">DEVA Partisi lideri Babacan, feshedilen Gelecek Partisi Genel Ba\u015fkan\u0131 Davuto\u011flu hakk\u0131nda 5 y\u0131l \u00f6nceki s\u00f6zleri nedeniyle a\u00e7\u0131lan soru\u015fturmay\u0131 ele\u015ftirerek, bunun ifade \u00f6zg\u00fcrl\u00fc\u011f\u00fcne ve demokratik siyasete m\u00fcdahale oldu\u011funu belirtti. Babacan, Davuto\u011flu&#8217;na tam destek verdi\u011fini a\u00e7\u0131klad\u0131. Babacan, sosyal medya hesab\u0131ndan yapt\u0131\u011f\u0131 a\u00e7\u0131klamada Davuto\u011flu hakk\u0131nda y\u0131llar \u00f6nceki s\u00f6zleri nedeniyle bug\u00fcn soru\u015fturma a\u00e7\u0131lmas\u0131na tepki g\u00f6sterdi. Babacan, payla\u015f\u0131m\u0131nda \u015fu ifadeleri kulland\u0131:<\/p>\n\n\n\n<p class=\"wp-block-paragraph\"><strong>&#8220;DEMOKRAT\u0130K S\u0130YASET\u0130N ALANINA YAPILMI\u015e A\u00c7IK B\u0130R M\u00dcDAHALE&#8221;<\/strong><\/p>\n\n\n\n<p class=\"wp-block-paragraph\">&#8220;Say\u0131n Prof. Dr. Ahmet Davuto\u011flu, bu \u00fclkenin yeti\u015ftirdi\u011fi k\u0131ymetli bir m\u00fcnevver, sayg\u0131n bir akademisyendir. D\u0131\u015fi\u015fleri Bakanl\u0131\u011f\u0131 ve Ba\u015fbakanl\u0131k g\u00f6revleriyle \u00fclkemize \u00e7ok de\u011ferli hizmet ve katk\u0131larda bulunmu\u015f Say\u0131n Davuto\u011flu&#8217;na, bundan tam 5 y\u0131l \u00f6nce kamuoyuna yans\u0131m\u0131\u015f s\u00f6zleri nedeniyle bug\u00fcn soru\u015fturma a\u00e7\u0131lmas\u0131, ifade \u00f6zg\u00fcrl\u00fc\u011f\u00fcne ve demokratik siyasetin alan\u0131na yap\u0131lm\u0131\u015f a\u00e7\u0131k bir m\u00fcdahaledir.<\/p>\n\n\n\n<p class=\"wp-block-paragraph\">Say\u0131n Davuto\u011flu&#8217;nun hakk\u0131nda ba\u015flat\u0131lan soru\u015fturmay\u0131 \u00f6nce bas\u0131ndan \u00f6\u011frenmi\u015f olmas\u0131 da hukuken kabul edilebilir de\u011fildir. Siyaset\u00e7ilerin g\u00f6revi konu\u015fmak, ele\u015ftirmek, yanl\u0131\u015f g\u00f6rd\u00fckleri konularda iktidar\u0131n uygulamalar\u0131yla ilgili hesap sormakt\u0131r. \u0130ktidarlar ele\u015ftirilere siyaset i\u00e7inde cevap verir, k\u00fcrs\u00fcde cevap verir, milletin \u00f6n\u00fcnde cevap verir. Demokrasi b\u00f6yle i\u015fler, b\u00f6yle i\u015flemelidir.<\/p>\n\n\n\n<p class=\"wp-block-paragraph\"><strong>&#8220;DAVUTO\u011eLU&#8217;NA DESTE\u011e\u0130M TAMDIR&#8221;<\/strong><\/p>\n\n\n\n<p class=\"wp-block-paragraph\">T\u00fcrkiye&#8217;nin ihtiyac\u0131, siyasi ele\u015ftirilerin soru\u015fturmalarla kar\u015f\u0131land\u0131\u011f\u0131 de\u011fil; farkl\u0131 fikirlerin \u00f6zg\u00fcrce ifade edildi\u011fi, yarg\u0131n\u0131n siyasi hesapla\u015fmalardan uzak ve ba\u011f\u0131ms\u0131z oldu\u011fu bir hukuk devletidir.<\/p>\n\n\n\n<p class=\"wp-block-paragraph\">Say\u0131n Davuto\u011flu&#8217;na ba\u015flat\u0131lan soru\u015fturma sebebiyle kendisine deste\u011fim ve dayan\u0131\u015fmam tamd\u0131r. Ele\u015ftiriye tahamm\u00fcl eden, hesap vermekten ka\u00e7mayan ve hukukun \u00fcst\u00fcnl\u00fc\u011f\u00fcne sayg\u0131 g\u00f6steren bir \u00fclke y\u00f6netimi i\u00e7in m\u00fccadeleye devam edece\u011fiz.&#8221;<\/p>\n\n\n\n<p class=\"wp-block-paragraph\">#AliBabacan #AhmetDavuto\u011flu #DEVAPartisi #GelecekPartisi #Siyaset #\u0130fade\u00d6zg\u00fcrl\u00fc\u011f\u00fc #G\u00fcndem #SonDakika #Haber #mnrmedya #t\u00fcrkiyemradyo #t\u00fcrkiyemhaber<\/p>\n","protected":false},"excerpt":{"rendered":"<p>DEVA Partisi lideri Babacan, feshedilen Gelecek Partisi Genel Ba\u015fkan\u0131 Davuto\u011flu hakk\u0131nda 5 y\u0131l \u00f6nceki s\u00f6zleri<\/p>\n","protected":false},"author":10,"featured_media":5615,"comment_status":"open","ping_status":"open","sticky":false,"template":"","format":"standard","meta":{"_rtcl_gb_attr":"","footnotes":""},"categories":[44],"tags":[],"class_list":["post-5614","post","type-post","status-publish","format-standard","has-post-thumbnail","hentry","category-politika"],"_links":{"self":[{"href":"https:\/\/turkiyemhaber.com\/index.php?rest_route=\/wp\/v2\/posts\/5614","targetHints":{"allow":["GET"]}}],"collection":[{"href":"https:\/\/turkiyemhaber.com\/index.php?rest_route=\/wp\/v2\/posts"}],"about":[{"href":"https:\/\/turkiyemhaber.com\/index.php?rest_route=\/wp\/v2\/types\/post"}],"author":[{"embeddable":true,"href":"https:\/\/turkiyemhaber.com\/index.php?rest_route=\/wp\/v2\/users\/10"}],"replies":[{"embeddable":true,"href":"https:\/\/turkiyemhaber.com\/index.php?rest_route=%2Fwp%2Fv2%2Fcomments&post=5614"}],"version-history":[{"count":1,"href":"https:\/\/turkiyemhaber.com\/index.php?rest_route=\/wp\/v2\/posts\/5614\/revisions"}],"predecessor-version":[{"id":5616,"href":"https:\/\/turkiyemhaber.com\/index.php?rest_route=\/wp\/v2\/posts\/5614\/revisions\/5616"}],"wp:featuredmedia":[{"embeddable":true,"href":"https:\/\/turkiyemhaber.com\/index.php?rest_route=\/wp\/v2\/media\/5615"}],"wp:attachment":[{"href":"https:\/\/turkiyemhaber.com\/index.php?rest_route=%2Fwp%2Fv2%2Fmedia&parent=5614"}],"wp:term":[{"taxonomy":"category","embeddable":true,"href":"https:\/\/turkiyemhaber.com\/index.php?rest_route=%2Fwp%2Fv2%2Fcategories&post=5614"},{"taxonomy":"post_tag","embeddable":true,"href":"https:\/\/turkiyemhaber.com\/index.php?rest_route=%2Fwp%2Fv2%2Ftags&post=5614"}],"curies":[{"name":"wp","href":"https:\/\/api.w.org\/{rel}","templated":true}]}}