{"id":5612,"date":"2026-09-03T21:31:37","date_gmt":"2026-09-03T21:31:37","guid":{"rendered":"https:\/\/turkiyemhaber.com\/?p=5612"},"modified":"2026-09-03T21:31:43","modified_gmt":"2026-09-03T21:31:43","slug":"4-meclis-uyesi-chpden-istifa-etti-uskudar-belediyesi-ak-partiye-geciyor","status":"publish","type":"post","link":"https:\/\/turkiyemhaber.com\/?p=5612","title":{"rendered":"4 Meclis \u00dcyesi CHP&#8217;den \u0130stifa Etti! \u00dcsk\u00fcdar Belediyesi AK Parti&#8217;ye Ge\u00e7iyor"},"content":{"rendered":"\n<p class=\"wp-block-paragraph\">Belediye Ba\u015fkan\u0131 Sinem Dedeta\u015f&#8217;\u0131n tutuklanmas\u0131n\u0131n ard\u0131ndan \u0130stanbul \u00dcsk\u00fcdar Belediyesi&#8217;nde ba\u015fkanvekili se\u00e7imleri tam anlam\u0131yla krize d\u00f6nd\u00fc. CHP&#8217;nin aday\u0131 Sibel Tan \u00c7etinkaya&#8217;n\u0131n kazand\u0131\u011f\u0131 se\u00e7ime AK Parti&#8217;nin yapt\u0131\u011f\u0131 itiraz\u0131 de\u011ferlendiren \u0130stanbul 2. \u0130dare Mahkemesi, se\u00e7imin iptaline karar verdi. \u0130stanbul Valili\u011fi ise yapt\u0131\u011f\u0131 a\u00e7\u0131klamada 5 Eyl\u00fcl Cumartesi g\u00fcn\u00fc \u00dcsk\u00fcdar Belediyesi&#8217;nde ba\u015fkanvekili se\u00e7imlerinin yenilece\u011fini a\u00e7\u0131klad\u0131.<\/p>\n\n\n\n<p class=\"wp-block-paragraph\"><strong>CHP&#8217;DEN \u0130ST\u0130FA ED\u0130P AK PART\u0130&#8217;YE KATILDILAR<\/strong><\/p>\n\n\n\n<p class=\"wp-block-paragraph\">Se\u00e7imler ise CHP&#8217;nin en istemedi\u011fi senaryo ger\u00e7ekle\u015fti. CHP&#8217;li meclis \u00fcyeleri Ahmet Ba\u015fbaydar, Ayhan Ayd\u0131n, H\u00fcseyin Kazan Tahsin Usta CHP&#8217;den istifa ederek AK Parti&#8217;ye kat\u0131ld\u0131. Meclis \u00fcyelerine rozetleri AK Parti \u0130stanbul \u0130l Ba\u015fkan\u0131 Abdullah \u00d6zdemir takt\u0131.<\/p>\n\n\n\n<p class=\"wp-block-paragraph\"><strong>&#8220;H\u0130\u00c7B\u0130R BASKI ALTINDA KALMADAN BU KARARI ALDIK&#8221;<\/strong><\/p>\n\n\n\n<p class=\"wp-block-paragraph\">AK Parti\u2019ye kat\u0131lan Tahsin Usta, d\u00f6rt meclis \u00fcyesi ad\u0131na a\u00e7\u0131klama yapt\u0131. Usta, kararlar\u0131n\u0131n \u00dcsk\u00fcdar\u2019a daha fazla hizmet etme amac\u0131 ta\u015f\u0131d\u0131\u011f\u0131n\u0131 belirterek \u015fu ifadeleri kulland\u0131:<\/p>\n\n\n\n<p class=\"wp-block-paragraph\">\u201cD\u00f6rt meclis \u00fcyesi arkada\u015f\u0131m\u0131z, Cumhuriyet Halk Partisi\u2019nden istifa ederek g\u00f6rd\u00fc\u011f\u00fcm\u00fcz l\u00fczum \u00fczerine \u00dcsk\u00fcdar halk\u0131na daha fazla hizmet verebilmek amac\u0131yla AK Parti\u2019ye kat\u0131lm\u0131\u015f bulunuyoruz. Hay\u0131rl\u0131 olsun. Bu karar\u0131 verirken meclis \u00fcyesi arkada\u015flar\u0131m\u0131zla beraber \u015funu \u00f6zellikle s\u00f6ylemek isterim ki hi\u00e7bir bask\u0131 alt\u0131nda kalmad\u0131k, hi\u00e7bir tehdit alt\u0131nda kalmad\u0131k ve hi\u00e7bir pazarl\u0131\u011f\u0131n i\u00e7erisinde bulunmad\u0131k. Amac\u0131m\u0131z \u00dcsk\u00fcdar\u2019a daha fazla hizmet edebilmek ve bu \u00e7at\u0131 alt\u0131nda bunu ger\u00e7ekle\u015ftirebilece\u011fimizi d\u00fc\u015f\u00fcn\u00fcyoruz. Bu nedenle bizi kabul etti\u011finiz i\u00e7in sizlere te\u015fekk\u00fcr ediyorum.&#8221;<\/p>\n\n\n\n<p class=\"wp-block-paragraph\"><strong>G\u00d6ZLER CUMARTES\u0130 G\u00dcN\u00dc YAPILACAK SE\u00c7\u0130MDE<\/strong><\/p>\n\n\n\n<p class=\"wp-block-paragraph\">\u0130stifalarla birlikte g\u00f6zler cumartesi g\u00fcn\u00fc yap\u0131lacak ba\u015fkanvekilli\u011fi se\u00e7imlerine \u00e7evrildi. Meclis&#8217;te sandalye \u00fcst\u00fcnl\u00fc\u011f\u00fcn\u00fc kazanan AK Parti&#8217;nin aday\u0131n\u0131n ba\u015fkanvekilli\u011fi se\u00e7imlerini kazanmas\u0131 kuvvetli ihtimal olarak g\u00f6r\u00fcl\u00fcyor.<\/p>\n\n\n\n<p class=\"wp-block-paragraph\">Ayr\u0131nt\u0131lar geliyor&#8230;<\/p>\n\n\n\n<p class=\"wp-block-paragraph\">#\u00dcsk\u00fcdar Belediyesi #CHP #AKParti #SinemDedeta\u015f #Siyaset #G\u00fcndem #SonDakika #Haber #mnrmedya #t\u00fcrkiyemradyo #t\u00fcrkiyemhaber<\/p>\n","protected":false},"excerpt":{"rendered":"<p>Belediye Ba\u015fkan\u0131 Sinem Dedeta\u015f&#8217;\u0131n tutuklanmas\u0131n\u0131n ard\u0131ndan \u0130stanbul \u00dcsk\u00fcdar Belediyesi&#8217;nde ba\u015fkanvekili se\u00e7imleri tam anlam\u0131yla krize d\u00f6nd\u00fc.<\/p>\n","protected":false},"author":10,"featured_media":5202,"comment_status":"open","ping_status":"open","sticky":false,"template":"","format":"standard","meta":{"_rtcl_gb_attr":"","footnotes":""},"categories":[43],"tags":[],"class_list":["post-5612","post","type-post","status-publish","format-standard","has-post-thumbnail","hentry","category-son-dakika"],"_links":{"self":[{"href":"https:\/\/turkiyemhaber.com\/index.php?rest_route=\/wp\/v2\/posts\/5612","targetHints":{"allow":["GET"]}}],"collection":[{"href":"https:\/\/turkiyemhaber.com\/index.php?rest_route=\/wp\/v2\/posts"}],"about":[{"href":"https:\/\/turkiyemhaber.com\/index.php?rest_route=\/wp\/v2\/types\/post"}],"author":[{"embeddable":true,"href":"https:\/\/turkiyemhaber.com\/index.php?rest_route=\/wp\/v2\/users\/10"}],"replies":[{"embeddable":true,"href":"https:\/\/turkiyemhaber.com\/index.php?rest_route=%2Fwp%2Fv2%2Fcomments&post=5612"}],"version-history":[{"count":1,"href":"https:\/\/turkiyemhaber.com\/index.php?rest_route=\/wp\/v2\/posts\/5612\/revisions"}],"predecessor-version":[{"id":5613,"href":"https:\/\/turkiyemhaber.com\/index.php?rest_route=\/wp\/v2\/posts\/5612\/revisions\/5613"}],"wp:featuredmedia":[{"embeddable":true,"href":"https:\/\/turkiyemhaber.com\/index.php?rest_route=\/wp\/v2\/media\/5202"}],"wp:attachment":[{"href":"https:\/\/turkiyemhaber.com\/index.php?rest_route=%2Fwp%2Fv2%2Fmedia&parent=5612"}],"wp:term":[{"taxonomy":"category","embeddable":true,"href":"https:\/\/turkiyemhaber.com\/index.php?rest_route=%2Fwp%2Fv2%2Fcategories&post=5612"},{"taxonomy":"post_tag","embeddable":true,"href":"https:\/\/turkiyemhaber.com\/index.php?rest_route=%2Fwp%2Fv2%2Ftags&post=5612"}],"curies":[{"name":"wp","href":"https:\/\/api.w.org\/{rel}","templated":true}]}}