{"id":561,"date":"2026-05-02T21:40:20","date_gmt":"2026-05-02T21:40:20","guid":{"rendered":"https:\/\/turkiyemhaber.com\/?p=561"},"modified":"2026-05-02T21:41:13","modified_gmt":"2026-05-02T21:41:13","slug":"turkiye-kuresel-sirketler-icin-hizmet-ve-ticaret-merkezi-olma-yolunda-adim-atiyor","status":"publish","type":"post","link":"https:\/\/turkiyemhaber.com\/?p=561","title":{"rendered":"T\u00fcrkiye, k\u00fcresel \u015firketler i\u00e7in hizmet ve ticaret merkezi olma yolunda ad\u0131m at\u0131yor"},"content":{"rendered":"\n<p>&#8220;Yat\u0131r\u0131m \u0130\u00e7in G\u00fc\u00e7l\u00fc Merkez T\u00fcrkiye Program\u0131&#8221; kapsam\u0131nda \u00e7ok uluslu \u015firketlerin yurt d\u0131\u015f\u0131 operasyonlar\u0131n\u0131n T\u00fcrkiye&#8217;ye \u00e7ekilebilmesi i\u00e7in yurt d\u0131\u015f\u0131 kazan\u00e7lar\u0131na ili\u015fkin kapsaml\u0131 te\u015fvik sa\u011flayacak &#8220;Nitelikli Hizmet Merkezi&#8221; modeli olu\u015fturulacak.<\/p>\n\n\n\n<p>\u0130stanbul<\/p>\n\n\n\n<p>AA muhabirinin Hazine ve Maliye Bakanl\u0131\u011f\u0131ndan edindi\u011fi bilgiye g\u00f6re, Cumhurba\u015fkan\u0131 Recep Tayyip Erdo\u011fan taraf\u0131ndan ge\u00e7en hafta a\u00e7\u0131klanan &#8220;T\u00fcrkiye&#8217;yi uluslararas\u0131 \u00f6l\u00e7ekte finans, hizmet ve ticaret merkezi haline getirme&#8221; hedefi \u00e7er\u00e7evesinde &#8220;Yat\u0131r\u0131m \u0130\u00e7in G\u00fc\u00e7l\u00fc Merkez T\u00fcrkiye Program\u0131&#8221;, \u00e7ok uluslu \u015firketlerin operasyon merkezlerini T\u00fcrkiye&#8217;ye \u00e7ekmeyi hedefliyor.<\/p>\n\n\n\n<p>Bu konu \u00fczerinde Hazine ve Maliye Bakanl\u0131\u011f\u0131 taraf\u0131ndan bir s\u00fcredir \u00e7al\u0131\u015f\u0131ld\u0131\u011f\u0131 ve kapsaml\u0131 te\u015fvikler sa\u011fland\u0131\u011f\u0131 biliniyor.<\/p>\n\n\n\n<h2 class=\"wp-block-heading\">&#8220;Nitelikli Hizmet Merkezi&#8221; modeli<\/h2>\n\n\n\n<p>\u0130stanbul Finans Merkezi (\u0130FM) kapsam\u0131nda elde edilen kazan\u00e7lara 20 y\u0131l boyunca sa\u011flanacak kurumlar vergisi indirimiyle, y\u00fcr\u00fct\u00fclen \u00e7al\u0131\u015fma kapsam\u0131nda \u00e7ok uluslu \u015firketlerin yurt d\u0131\u015f\u0131 operasyonlar\u0131n\u0131n T\u00fcrkiye&#8217;ye \u00e7ekilebilmesi i\u00e7in yurt d\u0131\u015f\u0131 kazan\u00e7lar\u0131na y\u00f6nelik kapsaml\u0131 te\u015fvik sa\u011flayacak &#8220;Nitelikli Hizmet Merkezi&#8221; modeli olu\u015fturulacak.<\/p>\n\n\n\n<p>S\u00f6z konusu \u015firketlerin operasyon merkezlerini \u0130FM&#8217;ye ta\u015f\u0131malar\u0131 halinde buras\u0131 \u00fczerinden yurt d\u0131\u015f\u0131ndan elde ettikleri kazan\u00e7lar\u0131, kurumlar vergisinden tamamen ve s\u00fcresiz istisna olacak.<\/p>\n\n\n\n<p>\u00d6te yandan, \u00e7al\u0131\u015fma kapsam\u0131nda istisna \u0130FM b\u00f6lgesiyle s\u0131n\u0131rl\u0131 olmayacak ve \u00e7ok uluslu \u015firketlerin operasyon merkezlerini \u0130FM d\u0131\u015f\u0131nda bir b\u00f6lgeye ta\u015f\u0131malar\u0131 halinde ise yurt d\u0131\u015f\u0131ndan elde ettikleri kazan\u00e7lar\u0131n\u0131n y\u00fczde 95&#8217;i kurumlar vergisinden istisna tutulacak.<\/p>\n\n\n\n<h2 class=\"wp-block-heading\">\u0130stisna yaln\u0131zca kurumlar vergisiyle s\u0131n\u0131rl\u0131 de\u011fil<\/h2>\n\n\n\n<p>&#8220;Nitelikli Hizmet Merkezi&#8221; modeli kapsam\u0131nda T\u00fcrkiye&#8217;ye gelen \u015firketlerin personeline de \u00fccret istisnas\u0131 sa\u011flanacak.<\/p>\n\n\n\n<p>Bu merkezlerde nitelikli personele sa\u011flanacak istisnan\u0131n tutar\u0131 ise br\u00fct asgari \u00fccretin 4 kat\u0131na kadar olacak.<\/p>\n\n\n\n<p>S\u00f6z konusu istisnalardan yararlanman\u0131n ko\u015fulunun, en az \u00fc\u00e7 farkl\u0131 \u00fclkede faaliyette bulunulmas\u0131 ve bu \u015firketlerin y\u0131ll\u0131k br\u00fct gelirlerinin en az y\u00fczde 80&#8217;inin yurt d\u0131\u015f\u0131ndan elde edilmesi oldu\u011fu belirtiliyor. \u200b\u200b<\/p>\n","protected":false},"excerpt":{"rendered":"<p>&#8220;Yat\u0131r\u0131m \u0130\u00e7in G\u00fc\u00e7l\u00fc Merkez T\u00fcrkiye Program\u0131&#8221; kapsam\u0131nda \u00e7ok uluslu \u015firketlerin yurt d\u0131\u015f\u0131 operasyonlar\u0131n\u0131n T\u00fcrkiye&#8217;ye \u00e7ekilebilmesi i\u00e7in yurt d\u0131\u015f\u0131 kazan\u00e7lar\u0131na ili\u015fkin kapsaml\u0131 te\u015fvik sa\u011flayacak &#8220;Nitelikli Hizmet Merkezi&#8221; modeli olu\u015fturulacak. \u0130stanbul AA muhabirinin Hazine ve Maliye Bakanl\u0131\u011f\u0131ndan edindi\u011fi bilgiye g\u00f6re, Cumhurba\u015fkan\u0131 Recep Tayyip Erdo\u011fan taraf\u0131ndan ge\u00e7en hafta a\u00e7\u0131klanan &#8220;T\u00fcrkiye&#8217;yi uluslararas\u0131 \u00f6l\u00e7ekte finans, hizmet ve ticaret merkezi haline<\/p>\n","protected":false},"author":1,"featured_media":562,"comment_status":"open","ping_status":"open","sticky":false,"template":"","format":"standard","meta":{"_rtcl_gb_attr":"","footnotes":""},"categories":[14],"tags":[],"class_list":["post-561","post","type-post","status-publish","format-standard","has-post-thumbnail","hentry","category-ekonomi"],"_links":{"self":[{"href":"https:\/\/turkiyemhaber.com\/index.php?rest_route=\/wp\/v2\/posts\/561","targetHints":{"allow":["GET"]}}],"collection":[{"href":"https:\/\/turkiyemhaber.com\/index.php?rest_route=\/wp\/v2\/posts"}],"about":[{"href":"https:\/\/turkiyemhaber.com\/index.php?rest_route=\/wp\/v2\/types\/post"}],"author":[{"embeddable":true,"href":"https:\/\/turkiyemhaber.com\/index.php?rest_route=\/wp\/v2\/users\/1"}],"replies":[{"embeddable":true,"href":"https:\/\/turkiyemhaber.com\/index.php?rest_route=%2Fwp%2Fv2%2Fcomments&post=561"}],"version-history":[{"count":1,"href":"https:\/\/turkiyemhaber.com\/index.php?rest_route=\/wp\/v2\/posts\/561\/revisions"}],"predecessor-version":[{"id":563,"href":"https:\/\/turkiyemhaber.com\/index.php?rest_route=\/wp\/v2\/posts\/561\/revisions\/563"}],"wp:featuredmedia":[{"embeddable":true,"href":"https:\/\/turkiyemhaber.com\/index.php?rest_route=\/wp\/v2\/media\/562"}],"wp:attachment":[{"href":"https:\/\/turkiyemhaber.com\/index.php?rest_route=%2Fwp%2Fv2%2Fmedia&parent=561"}],"wp:term":[{"taxonomy":"category","embeddable":true,"href":"https:\/\/turkiyemhaber.com\/index.php?rest_route=%2Fwp%2Fv2%2Fcategories&post=561"},{"taxonomy":"post_tag","embeddable":true,"href":"https:\/\/turkiyemhaber.com\/index.php?rest_route=%2Fwp%2Fv2%2Ftags&post=561"}],"curies":[{"name":"wp","href":"https:\/\/api.w.org\/{rel}","templated":true}]}}