{"id":5609,"date":"2026-09-03T21:27:08","date_gmt":"2026-09-03T21:27:08","guid":{"rendered":"https:\/\/turkiyemhaber.com\/?p=5609"},"modified":"2026-09-03T21:27:18","modified_gmt":"2026-09-03T21:27:18","slug":"sultanbeylide-deas-operasyonu-polise-ates-acan-supheli-etkisiz-hale-getirildi","status":"publish","type":"post","link":"https:\/\/turkiyemhaber.com\/?p=5609","title":{"rendered":"Sultanbeyli&#8217;de DEA\u015e Operasyonu: Polise Ate\u015f A\u00e7an \u015e\u00fcpheli Etkisiz Hale Getirildi"},"content":{"rendered":"\n<p class=\"wp-block-paragraph\">\u0130stanbul&#8217;da DEA\u015e ter\u00f6r \u00f6rg\u00fct\u00fcyle ba\u011flant\u0131l\u0131 oldu\u011fu ve T\u00fcrkiye&#8217;de ter\u00f6r sald\u0131r\u0131s\u0131 planlad\u0131\u011f\u0131 de\u011ferlendirilen 21 ya\u015f\u0131ndaki \u015f\u00fcpheli, Sultanbeyli&#8217;de d\u00fczenlenen operasyonda polise ate\u015f a\u00e7t\u0131. Polis ekiplerince \u015f\u00fcpheli etkisiz hale getirilirken, olay s\u0131ras\u0131nda 1 vatanda\u015f yaraland\u0131.<\/p>\n\n\n\n<p class=\"wp-block-paragraph\">\u0130stanbul Emniyet M\u00fcd\u00fcrl\u00fc\u011f\u00fc Ter\u00f6rle M\u00fccadele \u015eube M\u00fcd\u00fcrl\u00fc\u011f\u00fc ekipleri, \u0130stihbarat \u015eube M\u00fcd\u00fcrl\u00fc\u011f\u00fc ile koordineli olarak DEA\u015e silahl\u0131 ter\u00f6r \u00f6rg\u00fct\u00fcne y\u00f6nelik \u00e7al\u0131\u015fma y\u00fcr\u00fctt\u00fc. \u00c7al\u0131\u015fmalarda, ter\u00f6r \u00f6rg\u00fct\u00fcyle ba\u011flant\u0131l\u0131 oldu\u011fu ve T\u00fcrkiye&#8217;de ter\u00f6r sald\u0131r\u0131s\u0131 planlad\u0131\u011f\u0131 de\u011ferlendirilen B.\u00c7.\u2018nin (21) yakalanmas\u0131 amac\u0131yla Sultanbeyli&#8217;de operasyon d\u00fczenlendi.<\/p>\n\n\n\n<p class=\"wp-block-paragraph\"><strong>POL\u0130SE ATE\u015e A\u00c7TI<\/strong><\/p>\n\n\n\n<p class=\"wp-block-paragraph\">Operasyon s\u0131ras\u0131nda \u015f\u00fcpheli B.\u00c7.&#8217;nin ate\u015f a\u00e7mas\u0131 \u00fczerine polisler de kar\u015f\u0131l\u0131k verdi. \u00c7\u0131kan \u00e7at\u0131\u015fmada \u015f\u00fcpheli etkisiz hale getirildi. Olay s\u0131ras\u0131nda 1 vatanda\u015f\u0131n da yaraland\u0131\u011f\u0131 bildirildi. Olayla ilgili soru\u015fturman\u0131n s\u00fcrd\u00fc\u011f\u00fc belirtildi.<\/p>\n\n\n\n<p class=\"wp-block-paragraph\"><strong>\u0130STANBUL VAL\u0130L\u0130\u011e\u0130NDEN A\u00c7IKLAMA<\/strong><\/p>\n\n\n\n<p class=\"wp-block-paragraph\">Konuya ili\u015fkin \u0130stanbul Valili\u011fi&#8217;nden yap\u0131lan a\u00e7\u0131klamada, &#8220;\u0130stanbul Emniyet M\u00fcd\u00fcrl\u00fc\u011f\u00fc Ter\u00f6rle M\u00fccadele \u015eube M\u00fcd\u00fcrl\u00fc\u011f\u00fc\u2019nce, \u0130stihbarat \u015eube M\u00fcd\u00fcrl\u00fc\u011f\u00fc ile koordineli olarak y\u00fcr\u00fct\u00fclen \u00e7al\u0131\u015fmalarda; DEA\u015e Silahl\u0131 Ter\u00f6r \u00d6rg\u00fct\u00fc ile ba\u011flant\u0131l\u0131 oldu\u011fu ve \u00fclkemizde ter\u00f6r sald\u0131r\u0131s\u0131 planlad\u0131\u011f\u0131 de\u011ferlendirilen Berkan \u00c7. (21) isimli \u015fahs\u0131n yakalanmas\u0131na y\u00f6nelik Sultanbeyli\u2018de bir operasyon ger\u00e7ekle\u015ftirilmi\u015ftir. \u015e\u00fcphelinin g\u00f6revli polislerimize ate\u015f a\u00e7mas\u0131 \u00fczerine kar\u015f\u0131l\u0131k verilmi\u015f ve \u015f\u00fcpheli Berkan \u00c7. etkisiz hale getirilmi\u015ftir. Bu esnada bir vatanda\u015f\u0131m\u0131z yaralanm\u0131\u015ft\u0131r. Konuyla ilgili tahkikat devam etmektedir&#8221; ifadeleri yer ald\u0131.<\/p>\n\n\n\n<p class=\"wp-block-paragraph\">#Sultanbeyli #DEA\u015e #\u0130stanbulEmniyeti #\u0130stanbulValili\u011fi #SonDakika #G\u00fcndem #Haber<\/p>\n","protected":false},"excerpt":{"rendered":"<p>\u0130stanbul&#8217;da DEA\u015e ter\u00f6r \u00f6rg\u00fct\u00fcyle ba\u011flant\u0131l\u0131 oldu\u011fu ve T\u00fcrkiye&#8217;de ter\u00f6r sald\u0131r\u0131s\u0131 planlad\u0131\u011f\u0131 de\u011ferlendirilen 21 ya\u015f\u0131ndaki \u015f\u00fcpheli,<\/p>\n","protected":false},"author":10,"featured_media":5610,"comment_status":"open","ping_status":"open","sticky":false,"template":"","format":"standard","meta":{"_rtcl_gb_attr":"","footnotes":""},"categories":[43],"tags":[],"class_list":["post-5609","post","type-post","status-publish","format-standard","has-post-thumbnail","hentry","category-son-dakika"],"_links":{"self":[{"href":"https:\/\/turkiyemhaber.com\/index.php?rest_route=\/wp\/v2\/posts\/5609","targetHints":{"allow":["GET"]}}],"collection":[{"href":"https:\/\/turkiyemhaber.com\/index.php?rest_route=\/wp\/v2\/posts"}],"about":[{"href":"https:\/\/turkiyemhaber.com\/index.php?rest_route=\/wp\/v2\/types\/post"}],"author":[{"embeddable":true,"href":"https:\/\/turkiyemhaber.com\/index.php?rest_route=\/wp\/v2\/users\/10"}],"replies":[{"embeddable":true,"href":"https:\/\/turkiyemhaber.com\/index.php?rest_route=%2Fwp%2Fv2%2Fcomments&post=5609"}],"version-history":[{"count":1,"href":"https:\/\/turkiyemhaber.com\/index.php?rest_route=\/wp\/v2\/posts\/5609\/revisions"}],"predecessor-version":[{"id":5611,"href":"https:\/\/turkiyemhaber.com\/index.php?rest_route=\/wp\/v2\/posts\/5609\/revisions\/5611"}],"wp:featuredmedia":[{"embeddable":true,"href":"https:\/\/turkiyemhaber.com\/index.php?rest_route=\/wp\/v2\/media\/5610"}],"wp:attachment":[{"href":"https:\/\/turkiyemhaber.com\/index.php?rest_route=%2Fwp%2Fv2%2Fmedia&parent=5609"}],"wp:term":[{"taxonomy":"category","embeddable":true,"href":"https:\/\/turkiyemhaber.com\/index.php?rest_route=%2Fwp%2Fv2%2Fcategories&post=5609"},{"taxonomy":"post_tag","embeddable":true,"href":"https:\/\/turkiyemhaber.com\/index.php?rest_route=%2Fwp%2Fv2%2Ftags&post=5609"}],"curies":[{"name":"wp","href":"https:\/\/api.w.org\/{rel}","templated":true}]}}