{"id":5604,"date":"2026-08-26T19:24:43","date_gmt":"2026-08-26T19:24:43","guid":{"rendered":"https:\/\/turkiyemhaber.com\/?p=5604"},"modified":"2026-08-26T19:24:48","modified_gmt":"2026-08-26T19:24:48","slug":"ahlatta-cocuklarla-bir-araya-gelen-bahceliden-adini-ogrendigi-cocuga-anlamli-nasihat","status":"publish","type":"post","link":"https:\/\/turkiyemhaber.com\/?p=5604","title":{"rendered":"Ahlat\u2019ta \u00c7ocuklarla Bir Araya Gelen Bah\u00e7eli\u2019den Ad\u0131n\u0131 \u00d6\u011frendi\u011fi \u00c7ocu\u011fa Anlaml\u0131 Nasihat"},"content":{"rendered":"\n<p class=\"wp-block-paragraph\">MHP Genel Ba\u015fkan\u0131 Devlet Bah\u00e7eli, Malazgirt Zaferi\u2019nin 955. y\u0131l d\u00f6n\u00fcm\u00fc etkinlikleri kapsam\u0131nda Bitlis\u2019in Ahlat il\u00e7esinde \u00e7ocuklarla bir araya geldi.<\/p>\n\n\n\n<p class=\"wp-block-paragraph\">Ahlat\u2019taki Emir Bay\u0131nd\u0131r Yerle\u015fkesi Devlet Bey Kona\u011f\u0131\u2019nda Cumhurba\u015fkan\u0131 Recep Tayyip Erdo\u011fan\u2019\u0131n ziyaretini a\u011f\u0131rlayan Bah\u00e7eli, g\u00f6r\u00fc\u015fmenin ard\u0131ndan beraberindekilerle birlikte Ahlat Mesleki ve Teknik Anadolu Lisesi Uygulama Oteli\u2019nin bah\u00e7esine ge\u00e7ti.<\/p>\n\n\n\n<p class=\"wp-block-paragraph\">Etkinlik alan\u0131nda \u00e7evresini saran \u00e7ocuklarla yak\u0131ndan ilgilenen Bah\u00e7eli\u2019nin ne\u015feli ve samimi halleri kameralara yans\u0131d\u0131.<\/p>\n\n\n\n<h2 class=\"wp-block-heading\">\u201cSEN DE \u00d6YLE OL\u201d<\/h2>\n\n\n\n<p class=\"wp-block-paragraph\">\u00c7ocuklarla sohbet eden Bah\u00e7eli, yan\u0131na gelen k\u00fc\u00e7\u00fck bir \u00e7ocu\u011fun ad\u0131n\u0131 sordu.<\/p>\n\n\n\n<p class=\"wp-block-paragraph\">\u00c7ocu\u011fun ad\u0131n\u0131n \u201cMetehan\u201d oldu\u011funu s\u00f6ylemesi \u00fczerine Bah\u00e7eli, \u201cTuran\u2019\u0131n kurucusu, hepsinin ba\u015fkan\u0131 oydu. Sen de \u00f6yle ol\u201d dedi.<\/p>\n\n\n\n<p class=\"wp-block-paragraph\">Bah\u00e7eli\u2019nin s\u00f6zleri \u00e7evrede bulunan vatanda\u015flar ve parti kurmaylar\u0131 taraf\u0131ndan tebess\u00fcmle kar\u015f\u0131land\u0131.<\/p>\n\n\n\n<h2 class=\"wp-block-heading\">\u00c7OCUKLARLA YAKINDAN \u0130LG\u0130LEND\u0130<\/h2>\n\n\n\n<p class=\"wp-block-paragraph\">Ziyareti s\u0131ras\u0131nda \u00e7ocuklarla sohbet eden Bah\u00e7eli, \u00e7ocuklar\u0131n ellerini tuttu ve onlarla hat\u0131ra foto\u011fraflar\u0131 \u00e7ektirdi.<\/p>\n\n\n\n<p class=\"wp-block-paragraph\">Bah\u00e7eli ayr\u0131ca k\u00fc\u00e7\u00fck misafirlerine ikramlarda bulundu.<\/p>\n","protected":false},"excerpt":{"rendered":"<p>MHP Genel Ba\u015fkan\u0131 Devlet Bah\u00e7eli, Malazgirt Zaferi\u2019nin 955. y\u0131l d\u00f6n\u00fcm\u00fc etkinlikleri kapsam\u0131nda Bitlis\u2019in Ahlat il\u00e7esinde<\/p>\n","protected":false},"author":1,"featured_media":5605,"comment_status":"open","ping_status":"open","sticky":false,"template":"","format":"standard","meta":{"_rtcl_gb_attr":"","footnotes":""},"categories":[44],"tags":[],"class_list":["post-5604","post","type-post","status-publish","format-standard","has-post-thumbnail","hentry","category-politika"],"_links":{"self":[{"href":"https:\/\/turkiyemhaber.com\/index.php?rest_route=\/wp\/v2\/posts\/5604","targetHints":{"allow":["GET"]}}],"collection":[{"href":"https:\/\/turkiyemhaber.com\/index.php?rest_route=\/wp\/v2\/posts"}],"about":[{"href":"https:\/\/turkiyemhaber.com\/index.php?rest_route=\/wp\/v2\/types\/post"}],"author":[{"embeddable":true,"href":"https:\/\/turkiyemhaber.com\/index.php?rest_route=\/wp\/v2\/users\/1"}],"replies":[{"embeddable":true,"href":"https:\/\/turkiyemhaber.com\/index.php?rest_route=%2Fwp%2Fv2%2Fcomments&post=5604"}],"version-history":[{"count":1,"href":"https:\/\/turkiyemhaber.com\/index.php?rest_route=\/wp\/v2\/posts\/5604\/revisions"}],"predecessor-version":[{"id":5606,"href":"https:\/\/turkiyemhaber.com\/index.php?rest_route=\/wp\/v2\/posts\/5604\/revisions\/5606"}],"wp:featuredmedia":[{"embeddable":true,"href":"https:\/\/turkiyemhaber.com\/index.php?rest_route=\/wp\/v2\/media\/5605"}],"wp:attachment":[{"href":"https:\/\/turkiyemhaber.com\/index.php?rest_route=%2Fwp%2Fv2%2Fmedia&parent=5604"}],"wp:term":[{"taxonomy":"category","embeddable":true,"href":"https:\/\/turkiyemhaber.com\/index.php?rest_route=%2Fwp%2Fv2%2Fcategories&post=5604"},{"taxonomy":"post_tag","embeddable":true,"href":"https:\/\/turkiyemhaber.com\/index.php?rest_route=%2Fwp%2Fv2%2Ftags&post=5604"}],"curies":[{"name":"wp","href":"https:\/\/api.w.org\/{rel}","templated":true}]}}