{"id":5601,"date":"2026-08-26T19:19:49","date_gmt":"2026-08-26T19:19:49","guid":{"rendered":"https:\/\/turkiyemhaber.com\/?p=5601"},"modified":"2026-08-26T19:19:55","modified_gmt":"2026-08-26T19:19:55","slug":"filenin-sultanlarindan-avrupa-sampiyonasinda-4te-4","status":"publish","type":"post","link":"https:\/\/turkiyemhaber.com\/?p=5601","title":{"rendered":"Filenin Sultanlar\u0131&#8217;ndan Avrupa \u015eampiyonas\u0131&#8217;nda 4&#8217;te 4"},"content":{"rendered":"\n<p class=\"wp-block-paragraph\">A Milli Kad\u0131n Voleybol Tak\u0131m\u0131, 2026 Avrupa Kad\u0131nlar Voleybol \u015eampiyonas\u0131 A Grubu&#8217;ndaki d\u00f6rd\u00fcnc\u00fc ma\u00e7\u0131nda Almanya&#8217;y\u0131 3-1 ma\u011flup ederek turnuvada 4&#8217;te 4 yapt\u0131.<\/p>\n\n\n\n<h2 class=\"wp-block-heading\">\u0130LK SET T\u00dcRK\u0130YE&#8217;N\u0130N<\/h2>\n\n\n\n<p class=\"wp-block-paragraph\">Kar\u015f\u0131l\u0131kl\u0131 say\u0131larla ba\u015flayan ilk sette T\u00fcrkiye, Melissa Vargas&#8217;\u0131n servis turunda fark\u0131 a\u00e7arak 9-4 \u00f6ne ge\u00e7ti. Almanya&#8217;n\u0131n Alsmeier ile kar\u015f\u0131l\u0131k vermesine ra\u011fmen milliler, orta oyuncular\u0131n\u0131 etkili kullanarak seti 25-21 kazand\u0131 ve 1-0 \u00f6ne ge\u00e7ti.<\/p>\n\n\n\n<h2 class=\"wp-block-heading\">ALMANYA SKORU E\u015e\u0130TLED\u0130<\/h2>\n\n\n\n<p class=\"wp-block-paragraph\">\u0130kinci sete Almanya etkili ba\u015flad\u0131. T\u00fcrkiye, Vargas&#8217;\u0131n say\u0131lar\u0131yla rakibini yakalarken setin ilerleyen b\u00f6l\u00fcm\u00fcnde Hande Balad\u0131n da devreye girdi.<\/p>\n\n\n\n<p class=\"wp-block-paragraph\">Son b\u00f6l\u00fcmde Almanya, Grozer&#8217;in etkili oyunuyla skoru 23-23&#8217;e getirdi. B\u00fcy\u00fck \u00e7eki\u015fmeye sahne olan seti Almanya 27-25 kazanarak skoru 1-1 yapt\u0131.<\/p>\n\n\n\n<h2 class=\"wp-block-heading\">T\u00dcRK\u0130YE YEN\u0130DEN \u00d6NE GE\u00c7T\u0130<\/h2>\n\n\n\n<p class=\"wp-block-paragraph\">\u00dc\u00e7\u00fcnc\u00fc sette Vargas ve Hande Balad\u0131n&#8217;\u0131n etkili oyunuyla kontrol\u00fc yeniden eline alan T\u00fcrkiye, set boyunca \u00fcst\u00fcnl\u00fc\u011f\u00fcn\u00fc korudu.<\/p>\n\n\n\n<p class=\"wp-block-paragraph\">Ay-y\u0131ld\u0131zl\u0131lar \u00fc\u00e7\u00fcnc\u00fc seti 25-20 kazanarak ma\u00e7ta 2-1 \u00f6ne ge\u00e7ti.<\/p>\n\n\n\n<h2 class=\"wp-block-heading\">SULTANLAR MA\u00c7I 3-1 KAZANDI<\/h2>\n\n\n\n<p class=\"wp-block-paragraph\">D\u00f6rd\u00fcnc\u00fc sete Saliha \u015eahin&#8217;in sma\u00e7lar\u0131yla ba\u015flayan T\u00fcrkiye, Deniz Uyan\u0131k&#8217;\u0131n bloklar\u0131yla fark\u0131 a\u00e7t\u0131 ve skoru 17-11&#8217;e getirdi.<\/p>\n\n\n\n<p class=\"wp-block-paragraph\">Milliler, setin kalan b\u00f6l\u00fcm\u00fcnde \u00fcst\u00fcnl\u00fc\u011f\u00fcn\u00fc koruyarak d\u00f6rd\u00fcnc\u00fc seti 25-19 kazand\u0131. T\u00fcrkiye, kar\u015f\u0131la\u015fmadan 3-1 galip ayr\u0131ld\u0131.<\/p>\n\n\n\n<h2 class=\"wp-block-heading\">AVRUPA \u015eAMP\u0130YONASI&#8217;NDA 4&#8217;TE 4<\/h2>\n\n\n\n<p class=\"wp-block-paragraph\">Bu sonu\u00e7la A Milli Kad\u0131n Voleybol Tak\u0131m\u0131, Avrupa \u015eampiyonas\u0131&#8217;nda oynad\u0131\u011f\u0131 d\u00f6rt ma\u00e7\u0131n tamam\u0131n\u0131 kazanarak 4&#8217;te 4 yapt\u0131. Almanya ise turnuvadaki ikinci ma\u011flubiyetini ald\u0131.<\/p>\n\n\n\n<p class=\"wp-block-paragraph\">Filenin Sultanlar\u0131, grup etab\u0131ndaki be\u015finci ve son ma\u00e7\u0131nda 28 A\u011fustos Cuma g\u00fcn\u00fc saat 19.00&#8217;da Polonya ile kar\u015f\u0131la\u015facak. T\u00fcrkiye, son 16 turunda m\u00fccadele etmeyi de garantiledi. (<a href=\"https:\/\/www.aa.com.tr\/tr\/spor\/a-milli-kadin-voleybol-takimi-2026-avrupa-sampiyonasinda-4te-4-yapti\/4038504?utm_source=chatgpt.com\">aa.com.tr<\/a>)<\/p>\n","protected":false},"excerpt":{"rendered":"<p>A Milli Kad\u0131n Voleybol Tak\u0131m\u0131, 2026 Avrupa Kad\u0131nlar Voleybol \u015eampiyonas\u0131 A Grubu&#8217;ndaki d\u00f6rd\u00fcnc\u00fc ma\u00e7\u0131nda Almanya&#8217;y\u0131<\/p>\n","protected":false},"author":1,"featured_media":5602,"comment_status":"open","ping_status":"open","sticky":false,"template":"","format":"standard","meta":{"_rtcl_gb_attr":"","footnotes":""},"categories":[3],"tags":[],"class_list":["post-5601","post","type-post","status-publish","format-standard","has-post-thumbnail","hentry","category-spor"],"_links":{"self":[{"href":"https:\/\/turkiyemhaber.com\/index.php?rest_route=\/wp\/v2\/posts\/5601","targetHints":{"allow":["GET"]}}],"collection":[{"href":"https:\/\/turkiyemhaber.com\/index.php?rest_route=\/wp\/v2\/posts"}],"about":[{"href":"https:\/\/turkiyemhaber.com\/index.php?rest_route=\/wp\/v2\/types\/post"}],"author":[{"embeddable":true,"href":"https:\/\/turkiyemhaber.com\/index.php?rest_route=\/wp\/v2\/users\/1"}],"replies":[{"embeddable":true,"href":"https:\/\/turkiyemhaber.com\/index.php?rest_route=%2Fwp%2Fv2%2Fcomments&post=5601"}],"version-history":[{"count":1,"href":"https:\/\/turkiyemhaber.com\/index.php?rest_route=\/wp\/v2\/posts\/5601\/revisions"}],"predecessor-version":[{"id":5603,"href":"https:\/\/turkiyemhaber.com\/index.php?rest_route=\/wp\/v2\/posts\/5601\/revisions\/5603"}],"wp:featuredmedia":[{"embeddable":true,"href":"https:\/\/turkiyemhaber.com\/index.php?rest_route=\/wp\/v2\/media\/5602"}],"wp:attachment":[{"href":"https:\/\/turkiyemhaber.com\/index.php?rest_route=%2Fwp%2Fv2%2Fmedia&parent=5601"}],"wp:term":[{"taxonomy":"category","embeddable":true,"href":"https:\/\/turkiyemhaber.com\/index.php?rest_route=%2Fwp%2Fv2%2Fcategories&post=5601"},{"taxonomy":"post_tag","embeddable":true,"href":"https:\/\/turkiyemhaber.com\/index.php?rest_route=%2Fwp%2Fv2%2Ftags&post=5601"}],"curies":[{"name":"wp","href":"https:\/\/api.w.org\/{rel}","templated":true}]}}