{"id":5596,"date":"2026-08-26T17:22:33","date_gmt":"2026-08-26T17:22:33","guid":{"rendered":"https:\/\/turkiyemhaber.com\/?p=5596"},"modified":"2026-08-26T17:22:39","modified_gmt":"2026-08-26T17:22:39","slug":"mhp-edirnede-yeni-donem-ahmet-bicer-goreve-basladi","status":"publish","type":"post","link":"https:\/\/turkiyemhaber.com\/?p=5596","title":{"rendered":"MHP Edirne&#8217;de Yeni D\u00f6nem: Ahmet Bi\u00e7er G\u00f6reve Ba\u015flad\u0131"},"content":{"rendered":"\n<p class=\"wp-block-paragraph\">MHP Edirne 15. Ola\u011fan \u0130l Kongresi&#8217;nde il ba\u015fkanl\u0131\u011f\u0131na se\u00e7ilen Ahmet Bi\u00e7er, mazbatas\u0131n\u0131 alarak g\u00f6revine ba\u015flad\u0131.<\/p>\n\n\n\n<p class=\"wp-block-paragraph\">Bi\u00e7er, beraberindeki y\u00f6netim kurulu \u00fcyeleriyle Edirne Adliyesi&#8217;ne geldi. \u0130l Se\u00e7im Kurulu yetkililerinden mazbatas\u0131n\u0131 alan Bi\u00e7er, ard\u0131ndan gazetecilere a\u00e7\u0131klamalarda bulundu.<\/p>\n\n\n\n<h2 class=\"wp-block-heading\">\u201cTE\u015eK\u0130LATIMIZI G\u00dc\u00c7LEND\u0130RECE\u011e\u0130Z\u201d<\/h2>\n\n\n\n<p class=\"wp-block-paragraph\">Ahmet Bi\u00e7er, te\u015fkilat\u0131n g\u00fc\u00e7lendirilmesi i\u00e7in birlik ve beraberlik i\u00e7erisinde \u00e7al\u0131\u015facaklar\u0131n\u0131 s\u00f6yledi.<\/p>\n\n\n\n<p class=\"wp-block-paragraph\">Te\u015fkilat i\u00e7in gerekli \u00e7al\u0131\u015fmalar\u0131 yapacaklar\u0131n\u0131 belirten Bi\u00e7er, \u201cTe\u015fkilat\u0131m\u0131z i\u00e7in gerekli olan her \u015feyi A&#8217;dan Z&#8217;ye ko\u015fturarak, il y\u00f6netimimizde ve il\u00e7e y\u00f6netimimizde birle\u015ftirerek devam edece\u011fiz. Allah&#8217;\u0131n izniyle te\u015fkilatlar\u0131m\u0131z\u0131 g\u00fc\u00e7lendirerek, gerekli takviyelerle bu s\u00fcreci do\u011fru bir \u015fekilde Edirne&#8217;miz i\u00e7in devam ettirece\u011fiz\u201d dedi.<\/p>\n","protected":false},"excerpt":{"rendered":"<p>MHP Edirne 15. Ola\u011fan \u0130l Kongresi&#8217;nde il ba\u015fkanl\u0131\u011f\u0131na se\u00e7ilen Ahmet Bi\u00e7er, mazbatas\u0131n\u0131 alarak g\u00f6revine ba\u015flad\u0131.<\/p>\n","protected":false},"author":1,"featured_media":5597,"comment_status":"open","ping_status":"open","sticky":false,"template":"","format":"standard","meta":{"_rtcl_gb_attr":"","footnotes":""},"categories":[44,74],"tags":[],"class_list":["post-5596","post","type-post","status-publish","format-standard","has-post-thumbnail","hentry","category-politika","category-yerel-haberler"],"_links":{"self":[{"href":"https:\/\/turkiyemhaber.com\/index.php?rest_route=\/wp\/v2\/posts\/5596","targetHints":{"allow":["GET"]}}],"collection":[{"href":"https:\/\/turkiyemhaber.com\/index.php?rest_route=\/wp\/v2\/posts"}],"about":[{"href":"https:\/\/turkiyemhaber.com\/index.php?rest_route=\/wp\/v2\/types\/post"}],"author":[{"embeddable":true,"href":"https:\/\/turkiyemhaber.com\/index.php?rest_route=\/wp\/v2\/users\/1"}],"replies":[{"embeddable":true,"href":"https:\/\/turkiyemhaber.com\/index.php?rest_route=%2Fwp%2Fv2%2Fcomments&post=5596"}],"version-history":[{"count":1,"href":"https:\/\/turkiyemhaber.com\/index.php?rest_route=\/wp\/v2\/posts\/5596\/revisions"}],"predecessor-version":[{"id":5598,"href":"https:\/\/turkiyemhaber.com\/index.php?rest_route=\/wp\/v2\/posts\/5596\/revisions\/5598"}],"wp:featuredmedia":[{"embeddable":true,"href":"https:\/\/turkiyemhaber.com\/index.php?rest_route=\/wp\/v2\/media\/5597"}],"wp:attachment":[{"href":"https:\/\/turkiyemhaber.com\/index.php?rest_route=%2Fwp%2Fv2%2Fmedia&parent=5596"}],"wp:term":[{"taxonomy":"category","embeddable":true,"href":"https:\/\/turkiyemhaber.com\/index.php?rest_route=%2Fwp%2Fv2%2Fcategories&post=5596"},{"taxonomy":"post_tag","embeddable":true,"href":"https:\/\/turkiyemhaber.com\/index.php?rest_route=%2Fwp%2Fv2%2Ftags&post=5596"}],"curies":[{"name":"wp","href":"https:\/\/api.w.org\/{rel}","templated":true}]}}