{"id":5592,"date":"2026-08-26T17:20:47","date_gmt":"2026-08-26T17:20:47","guid":{"rendered":"https:\/\/turkiyemhaber.com\/?p=5592"},"modified":"2026-08-26T17:20:54","modified_gmt":"2026-08-26T17:20:54","slug":"ahmet-davutoglu-hakkindaki-katar-iddiasi-ortaligi-karistirdi-ilk-aciklama-geldi","status":"publish","type":"post","link":"https:\/\/turkiyemhaber.com\/?p=5592","title":{"rendered":"Ahmet Davuto\u011flu Hakk\u0131ndaki Katar \u0130ddias\u0131 Ortal\u0131\u011f\u0131 Kar\u0131\u015ft\u0131rd\u0131! \u0130lk A\u00e7\u0131klama Geldi"},"content":{"rendered":"\n<p class=\"wp-block-paragraph\">Gelecek Partisi&#8217;ni feshetme karar\u0131 alan eski Ba\u015fbakan Ahmet Davuto\u011flu&#8217;nun Katar Emiri&#8217;nin d\u0131\u015f politika ba\u015fdan\u0131\u015fman\u0131 olaca\u011f\u0131 y\u00f6n\u00fcnde iddia ortaya at\u0131ld\u0131. Davuto\u011flu&#8217;nun bas\u0131n dan\u0131\u015fman\u0131 Ufuk Karc\u0131, s\u00f6z konusu iddiay\u0131 kesin bir dille yalanlad\u0131.<\/p>\n\n\n\n<h2 class=\"wp-block-heading\">KATAR EM\u0130R\u0130&#8217;NE DANI\u015eMANLIK \u0130DD\u0130ASI<\/h2>\n\n\n\n<p class=\"wp-block-paragraph\">Gazeteci yazar Sebahattin \u00d6nkibar, YouTube kanal\u0131nda yapt\u0131\u011f\u0131 a\u00e7\u0131klamada Ahmet Davuto\u011flu&#8217;nun Katar Emiri&#8217;nin d\u0131\u015f politikada ba\u015fdan\u0131\u015fman\u0131 olaca\u011f\u0131n\u0131 \u00f6ne s\u00fcrd\u00fc.<\/p>\n\n\n\n<p class=\"wp-block-paragraph\">\u00d6nkibar, haber kayna\u011f\u0131n\u0131n s\u00f6z konusu bilgiyi teyit etti\u011fini belirterek, \u201cDavuto\u011flu, Katar Emirinin d\u0131\u015f politikada ba\u015fdan\u0131\u015fman\u0131 oluyor. T\u00fcrkiye&#8217;nin yak\u0131n ge\u00e7mi\u015fteki ba\u015fbakan\u0131 bundan sonra Katar Emirine ak\u0131l verecek\u201d ifadelerini kulland\u0131.<\/p>\n\n\n\n<figure class=\"wp-block-image size-large\"><img loading=\"lazy\" decoding=\"async\" width=\"621\" height=\"1024\" src=\"https:\/\/turkiyemhaber.com\/wp-content\/uploads\/2026\/08\/ahmet-davutoglu-hakkindaki-kat-95630790-3595_1_m-621x1024.webp\" alt=\"\" class=\"wp-image-5594\" srcset=\"https:\/\/turkiyemhaber.com\/wp-content\/uploads\/2026\/08\/ahmet-davutoglu-hakkindaki-kat-95630790-3595_1_m-621x1024.webp 621w, https:\/\/turkiyemhaber.com\/wp-content\/uploads\/2026\/08\/ahmet-davutoglu-hakkindaki-kat-95630790-3595_1_m-182x300.webp 182w, https:\/\/turkiyemhaber.com\/wp-content\/uploads\/2026\/08\/ahmet-davutoglu-hakkindaki-kat-95630790-3595_1_m-7x12.webp 7w, https:\/\/turkiyemhaber.com\/wp-content\/uploads\/2026\/08\/ahmet-davutoglu-hakkindaki-kat-95630790-3595_1_m.webp 640w\" sizes=\"auto, (max-width: 621px) 100vw, 621px\" \/><\/figure>\n\n\n\n<h2 class=\"wp-block-heading\">DAVUTO\u011eLU&#8217;NUN DANI\u015eMANINDAN YALANLAMA<\/h2>\n\n\n\n<p class=\"wp-block-paragraph\">\u0130ddialar\u0131n ard\u0131ndan Ahmet Davuto\u011flu&#8217;nun bas\u0131n dan\u0131\u015fman\u0131 Ufuk Karc\u0131, sosyal medya hesab\u0131ndan a\u00e7\u0131klama yapt\u0131.<\/p>\n\n\n\n<p class=\"wp-block-paragraph\">Karc\u0131, Davuto\u011flu&#8217;nun Katar&#8217;\u0131n mevcut Emiri ve b\u00f6lgedeki bir\u00e7ok devlet ba\u015fkan\u0131yla uzun y\u0131llara dayanan dostluk ve isti\u015fare ili\u015fkileri bulundu\u011funu belirtti.<\/p>\n\n\n\n<p class=\"wp-block-paragraph\">Davuto\u011flu&#8217;nun T\u00fcrkiye Cumhuriyeti&#8217;nin eski Ba\u015fbakan\u0131 ve D\u0131\u015fi\u015fleri Bakan\u0131 oldu\u011funu ifade eden Karc\u0131, b\u00f6lgeyi ve b\u00f6lge halklar\u0131n\u0131 yak\u0131ndan tan\u0131yan bir devlet ve siyaset adam\u0131 olarak bilgi ve tecr\u00fcbelerine ba\u015fvurulmas\u0131 i\u00e7in herhangi bir \u00fcnvana ihtiya\u00e7 duymad\u0131\u011f\u0131n\u0131 s\u00f6yledi.<\/p>\n\n\n\n<h2 class=\"wp-block-heading\">\u201cRESM\u0130 VEYA FAHR\u0130 H\u0130\u00c7B\u0130R TEKL\u0130F\u0130 KABUL ETMED\u0130\u201d<\/h2>\n\n\n\n<p class=\"wp-block-paragraph\">Ufuk Karc\u0131, Ahmet Davuto\u011flu&#8217;nun ba\u015fbakanl\u0131k g\u00f6revinden ayr\u0131lmas\u0131n\u0131n ard\u0131ndan kendisine sunulan resmi veya fahri hi\u00e7bir makam teklifini kabul etmedi\u011fini belirtti.<\/p>\n\n\n\n<p class=\"wp-block-paragraph\">Karc\u0131, Katar Emiri&#8217;nin d\u0131\u015f politika ba\u015fdan\u0131\u015fmanl\u0131\u011f\u0131 iddias\u0131n\u0131n ger\u00e7e\u011fi yans\u0131tmad\u0131\u011f\u0131n\u0131 ifade ederek, resmi dayana\u011f\u0131 bulunmayan iddialara itibar edilmemesini istedi.<\/p>\n","protected":false},"excerpt":{"rendered":"<p>Gelecek Partisi&#8217;ni feshetme karar\u0131 alan eski Ba\u015fbakan Ahmet Davuto\u011flu&#8217;nun Katar Emiri&#8217;nin d\u0131\u015f politika ba\u015fdan\u0131\u015fman\u0131 olaca\u011f\u0131<\/p>\n","protected":false},"author":1,"featured_media":5593,"comment_status":"open","ping_status":"open","sticky":false,"template":"","format":"standard","meta":{"_rtcl_gb_attr":"","footnotes":""},"categories":[44],"tags":[],"class_list":["post-5592","post","type-post","status-publish","format-standard","has-post-thumbnail","hentry","category-politika"],"_links":{"self":[{"href":"https:\/\/turkiyemhaber.com\/index.php?rest_route=\/wp\/v2\/posts\/5592","targetHints":{"allow":["GET"]}}],"collection":[{"href":"https:\/\/turkiyemhaber.com\/index.php?rest_route=\/wp\/v2\/posts"}],"about":[{"href":"https:\/\/turkiyemhaber.com\/index.php?rest_route=\/wp\/v2\/types\/post"}],"author":[{"embeddable":true,"href":"https:\/\/turkiyemhaber.com\/index.php?rest_route=\/wp\/v2\/users\/1"}],"replies":[{"embeddable":true,"href":"https:\/\/turkiyemhaber.com\/index.php?rest_route=%2Fwp%2Fv2%2Fcomments&post=5592"}],"version-history":[{"count":1,"href":"https:\/\/turkiyemhaber.com\/index.php?rest_route=\/wp\/v2\/posts\/5592\/revisions"}],"predecessor-version":[{"id":5595,"href":"https:\/\/turkiyemhaber.com\/index.php?rest_route=\/wp\/v2\/posts\/5592\/revisions\/5595"}],"wp:featuredmedia":[{"embeddable":true,"href":"https:\/\/turkiyemhaber.com\/index.php?rest_route=\/wp\/v2\/media\/5593"}],"wp:attachment":[{"href":"https:\/\/turkiyemhaber.com\/index.php?rest_route=%2Fwp%2Fv2%2Fmedia&parent=5592"}],"wp:term":[{"taxonomy":"category","embeddable":true,"href":"https:\/\/turkiyemhaber.com\/index.php?rest_route=%2Fwp%2Fv2%2Fcategories&post=5592"},{"taxonomy":"post_tag","embeddable":true,"href":"https:\/\/turkiyemhaber.com\/index.php?rest_route=%2Fwp%2Fv2%2Ftags&post=5592"}],"curies":[{"name":"wp","href":"https:\/\/api.w.org\/{rel}","templated":true}]}}