{"id":558,"date":"2026-05-02T21:38:48","date_gmt":"2026-05-02T21:38:48","guid":{"rendered":"https:\/\/turkiyemhaber.com\/?p=558"},"modified":"2026-05-02T21:38:52","modified_gmt":"2026-05-02T21:38:52","slug":"tarim-sezonunun-ilk-6-ayinda-yagislar-gecen-yila-gore-yuzde-87-artti","status":"publish","type":"post","link":"https:\/\/turkiyemhaber.com\/?p=558","title":{"rendered":"Tar\u0131m sezonunun ilk 6 ay\u0131nda ya\u011f\u0131\u015flar ge\u00e7en y\u0131la g\u00f6re y\u00fczde 87 artt\u0131"},"content":{"rendered":"\n<p>T\u00fcrkiye&#8217;de, 1 Ekim ile 31 Mart aras\u0131ndaki tar\u0131m sezonunda ya\u011f\u0131\u015flar, uzun y\u0131llar ortalamas\u0131na g\u00f6re y\u00fczde 25, ge\u00e7en y\u0131la g\u00f6re y\u00fczde 87 artt\u0131.<\/p>\n\n\n\n<p>\u0130stanbul<\/p>\n\n\n\n<p>T\u00fcrkiye&#8217;de su\/tar\u0131m y\u0131l\u0131 ya\u011f\u0131\u015flar\u0131, mevcut senenin 1 Ekim&#8217;i ile sonraki y\u0131l\u0131n 30 Eyl\u00fcl&#8217;\u00fcne kadar olan d\u00f6nemde Meteoroloji Genel M\u00fcd\u00fcrl\u00fc\u011f\u00fcnce takip edilip hesaplan\u0131yor.<\/p>\n\n\n\n<p>AA muhabirinin Meteoroloji Genel M\u00fcd\u00fcrl\u00fc\u011f\u00fc verilerinden derledi\u011fi bilgilere g\u00f6re, T\u00fcrkiye&#8217;de uzun y\u0131llar su\/tar\u0131m y\u0131l\u0131 ekim-mart ya\u011f\u0131\u015flar\u0131 (1991-2020) 374,3 milimetre \u00f6l\u00e7\u00fcld\u00fc. Ya\u011f\u0131\u015flar, ge\u00e7en y\u0131l\u0131n ayn\u0131 d\u00f6neminde 250,2, bu y\u0131l ayn\u0131 d\u00f6nemde ise ortalama 468,8 milimetre olarak kay\u0131tlara ge\u00e7ti. Bu d\u00f6nemde ya\u011f\u0131\u015flar uzun y\u0131llar ortalamas\u0131na g\u00f6re y\u00fczde 25, ge\u00e7en y\u0131la g\u00f6re y\u00fczde 87 artt\u0131.<\/p>\n\n\n\n<p>T\u00fcrkiye geneli ya\u011f\u0131\u015flar son 38 y\u0131l\u0131n en y\u00fcksek seviyesinde kay\u0131tlara ge\u00e7ti.<\/p>\n\n\n\n<p>Ya\u011f\u0131\u015flar Kastamonu, G\u00fcm\u00fc\u015fhane, Bayburt ve Artvin \u00e7evrelerinde yer yer normaline g\u00f6re y\u00fczde 20&#8217;nin \u00fczerinde azal\u0131rken, \u0130zmir, Bal\u0131kesir, Antalya, Mersin, Adana, Diyarbak\u0131r, Siirt, \u015e\u0131rnak, Van ve Hakkari \u00e7evrelerinde y\u00fczde 60&#8217;\u0131n \u00fczerinde artt\u0131.<\/p>\n\n\n\n<p>Ya\u011f\u0131\u015flar t\u00fcm b\u00f6lgelerde normalin ve ge\u00e7en y\u0131l ya\u011f\u0131\u015flar\u0131n\u0131n \u00fczerinde ger\u00e7ekle\u015firken, en fazla art\u0131\u015f y\u00fczde 39 ile G\u00fcneydo\u011fu Anadolu B\u00f6lgesi\u2019nde ya\u015fand\u0131. Ege ve \u0130\u00e7 Anadolu b\u00f6lgelerinde ya\u011f\u0131\u015flar son 11 y\u0131l\u0131n en y\u00fcksek seviyesinde kaydedildi.<\/p>\n\n\n\n<p>\u0130l genelinde ise en fazla ya\u011f\u0131\u015f 904,5 milimetre ile Antalya\u2019da ger\u00e7ekle\u015fti, sezon normaline g\u00f6re en fazla art\u0131\u015f y\u00fczde 74 ile \u015e\u0131rnak&#8217;ta kay\u0131tlara ge\u00e7ti.<\/p>\n\n\n\n<p>Su\/tar\u0131m y\u0131l\u0131 ya\u011f\u0131\u015flar\u0131nda en az ya\u011f\u0131\u015f alan il 199,5 milimetre ile I\u011fd\u0131r, normaline g\u00f6re en fazla azal\u0131\u015f g\u00f6steren il ise y\u00fczde 17 ile Rize oldu.<\/p>\n\n\n\n<p>2026 su\/tar\u0131m y\u0131l\u0131 ya\u011f\u0131\u015flar\u0131nda Ordu&#8217;da son 58, A\u011fr\u0131&#8217;da son 38, D\u00fczce&#8217;de ve Zonguldak&#8217;ta son 31, \u0130zmir ve Manisa&#8217;da son 27 y\u0131l\u0131n en y\u00fcksek seviyesi kay\u0131tlara ge\u00e7ti.<\/p>\n\n\n\n<p>2026 su\/tar\u0131m y\u0131l\u0131 6 ayl\u0131k ya\u011f\u0131\u015flar\u0131na ili\u015fkin tablo \u015f\u00f6yle \u015fekillendi:<\/p>\n\n\n\n<figure class=\"wp-block-table\"><table class=\"has-fixed-layout\"><tbody><tr><td class=\"has-text-align-left\" data-align=\"left\">B\u00f6lgeler<\/td><td class=\"has-text-align-left\" data-align=\"left\">2026 su\/tar\u0131m y\u0131l\u0131 ya\u011f\u0131\u015f (mm)<\/td><td class=\"has-text-align-left\" data-align=\"left\">Normal (mm)<\/td><td class=\"has-text-align-left\" data-align=\"left\">2025 su\/tar\u0131m y\u0131l\u0131 ya\u011f\u0131\u015f (mm)<\/td><td class=\"has-text-align-left\" data-align=\"left\">Normaline G\u00f6re De\u011fi\u015fim<\/td><td class=\"has-text-align-left\" data-align=\"left\">Ge\u00e7en Y\u0131la G\u00f6re De\u011fi\u015fim<\/td><\/tr><tr><td class=\"has-text-align-left\" data-align=\"left\">Marmara<\/td><td class=\"has-text-align-left\" data-align=\"left\">514,5<\/td><td class=\"has-text-align-left\" data-align=\"left\">448,2<\/td><td class=\"has-text-align-left\" data-align=\"left\">328,3<\/td><td class=\"has-text-align-left\" data-align=\"left\">Y\u00fczde 16 art\u0131\u015f<\/td><td class=\"has-text-align-left\" data-align=\"left\">Y\u00fczde 57 art\u0131\u015f<\/td><\/tr><tr><td class=\"has-text-align-left\" data-align=\"left\">Ege<\/td><td class=\"has-text-align-left\" data-align=\"left\">566,3<\/td><td class=\"has-text-align-left\" data-align=\"left\">437,9<\/td><td class=\"has-text-align-left\" data-align=\"left\">283,3<\/td><td class=\"has-text-align-left\" data-align=\"left\">Y\u00fczde 29 art\u0131\u015f<\/td><td class=\"has-text-align-left\" data-align=\"left\">Yakla\u015f\u0131k y\u00fczde 100 art\u0131\u015f<\/td><\/tr><tr><td class=\"has-text-align-left\" data-align=\"left\">Akdeniz<\/td><td class=\"has-text-align-left\" data-align=\"left\">691,3<\/td><td class=\"has-text-align-left\" data-align=\"left\">512,5<\/td><td class=\"has-text-align-left\" data-align=\"left\">303,6<\/td><td class=\"has-text-align-left\" data-align=\"left\">Y\u00fczde 35 art\u0131\u015f<\/td><td class=\"has-text-align-left\" data-align=\"left\">Y\u00fczde 100&#8217;\u00fcn \u00fczerinde art\u0131\u015f<\/td><\/tr><tr><td class=\"has-text-align-left\" data-align=\"left\">\u0130\u00e7 Anadolu<\/td><td class=\"has-text-align-left\" data-align=\"left\">275,1<\/td><td class=\"has-text-align-left\" data-align=\"left\">232,9<\/td><td class=\"has-text-align-left\" data-align=\"left\">120,6<\/td><td class=\"has-text-align-left\" data-align=\"left\">Y\u00fczde 18 art\u0131\u015f<\/td><td class=\"has-text-align-left\" data-align=\"left\">Y\u00fczde 100&#8217;\u00fcn \u00fczerinde art\u0131\u015f<\/td><\/tr><tr><td class=\"has-text-align-left\" data-align=\"left\">Karadeniz<\/td><td class=\"has-text-align-left\" data-align=\"left\">417,6<\/td><td class=\"has-text-align-left\" data-align=\"left\">391,3<\/td><td class=\"has-text-align-left\" data-align=\"left\">393,8<\/td><td class=\"has-text-align-left\" data-align=\"left\">Y\u00fczde 7 art\u0131\u015f<\/td><td class=\"has-text-align-left\" data-align=\"left\">Y\u00fczde 6 art\u0131\u015f<\/td><\/tr><tr><td class=\"has-text-align-left\" data-align=\"left\">Do\u011fu Anadolu<\/td><td class=\"has-text-align-left\" data-align=\"left\">435,4<\/td><td class=\"has-text-align-left\" data-align=\"left\">325,6<\/td><td class=\"has-text-align-left\" data-align=\"left\">203<\/td><td class=\"has-text-align-left\" data-align=\"left\">Y\u00fczde 34 art\u0131\u015f<\/td><td class=\"has-text-align-left\" data-align=\"left\">Y\u00fczde 100&#8217;\u00fcn \u00fczerinde art\u0131\u015f<\/td><\/tr><tr><td class=\"has-text-align-left\" data-align=\"left\">G\u00fcneydo\u011fu Anadolu<\/td><td class=\"has-text-align-left\" data-align=\"left\">573,4<\/td><td class=\"has-text-align-left\" data-align=\"left\">412,4<\/td><td class=\"has-text-align-left\" data-align=\"left\">178,5<\/td><td class=\"has-text-align-left\" data-align=\"left\">Y\u00fczde 39 art\u0131\u015f<\/td><td class=\"has-text-align-left\" data-align=\"left\">Y\u00fczde 100&#8217;\u00fcn \u00fczerinde art\u0131\u015f<\/td><\/tr><\/tbody><\/table><\/figure>\n","protected":false},"excerpt":{"rendered":"<p>T\u00fcrkiye&#8217;de, 1 Ekim ile 31 Mart aras\u0131ndaki tar\u0131m sezonunda ya\u011f\u0131\u015flar, uzun y\u0131llar ortalamas\u0131na g\u00f6re y\u00fczde 25, ge\u00e7en y\u0131la g\u00f6re y\u00fczde 87 artt\u0131. \u0130stanbul T\u00fcrkiye&#8217;de su\/tar\u0131m y\u0131l\u0131 ya\u011f\u0131\u015flar\u0131, mevcut senenin 1 Ekim&#8217;i ile sonraki y\u0131l\u0131n 30 Eyl\u00fcl&#8217;\u00fcne kadar olan d\u00f6nemde Meteoroloji Genel M\u00fcd\u00fcrl\u00fc\u011f\u00fcnce takip edilip hesaplan\u0131yor. AA muhabirinin Meteoroloji Genel M\u00fcd\u00fcrl\u00fc\u011f\u00fc verilerinden derledi\u011fi bilgilere g\u00f6re, T\u00fcrkiye&#8217;de<\/p>\n","protected":false},"author":1,"featured_media":559,"comment_status":"open","ping_status":"open","sticky":false,"template":"","format":"standard","meta":{"_rtcl_gb_attr":"","footnotes":""},"categories":[1],"tags":[],"class_list":["post-558","post","type-post","status-publish","format-standard","has-post-thumbnail","hentry","category-http-turkiyemhaber-com-wp-content-uploads-2026-03-saray-59-haber-13-mart-pdf"],"_links":{"self":[{"href":"https:\/\/turkiyemhaber.com\/index.php?rest_route=\/wp\/v2\/posts\/558","targetHints":{"allow":["GET"]}}],"collection":[{"href":"https:\/\/turkiyemhaber.com\/index.php?rest_route=\/wp\/v2\/posts"}],"about":[{"href":"https:\/\/turkiyemhaber.com\/index.php?rest_route=\/wp\/v2\/types\/post"}],"author":[{"embeddable":true,"href":"https:\/\/turkiyemhaber.com\/index.php?rest_route=\/wp\/v2\/users\/1"}],"replies":[{"embeddable":true,"href":"https:\/\/turkiyemhaber.com\/index.php?rest_route=%2Fwp%2Fv2%2Fcomments&post=558"}],"version-history":[{"count":1,"href":"https:\/\/turkiyemhaber.com\/index.php?rest_route=\/wp\/v2\/posts\/558\/revisions"}],"predecessor-version":[{"id":560,"href":"https:\/\/turkiyemhaber.com\/index.php?rest_route=\/wp\/v2\/posts\/558\/revisions\/560"}],"wp:featuredmedia":[{"embeddable":true,"href":"https:\/\/turkiyemhaber.com\/index.php?rest_route=\/wp\/v2\/media\/559"}],"wp:attachment":[{"href":"https:\/\/turkiyemhaber.com\/index.php?rest_route=%2Fwp%2Fv2%2Fmedia&parent=558"}],"wp:term":[{"taxonomy":"category","embeddable":true,"href":"https:\/\/turkiyemhaber.com\/index.php?rest_route=%2Fwp%2Fv2%2Fcategories&post=558"},{"taxonomy":"post_tag","embeddable":true,"href":"https:\/\/turkiyemhaber.com\/index.php?rest_route=%2Fwp%2Fv2%2Ftags&post=558"}],"curies":[{"name":"wp","href":"https:\/\/api.w.org\/{rel}","templated":true}]}}