{"id":5573,"date":"2026-08-26T16:36:19","date_gmt":"2026-08-26T16:36:19","guid":{"rendered":"https:\/\/turkiyemhaber.com\/?p=5573"},"modified":"2026-08-26T16:36:24","modified_gmt":"2026-08-26T16:36:24","slug":"sgk-borc-yapilandirmasinda-yeni-donem-72-aya-varan-taksit-ve-dusuk-faiz","status":"publish","type":"post","link":"https:\/\/turkiyemhaber.com\/?p=5573","title":{"rendered":"SGK Bor\u00e7 Yap\u0131land\u0131rmas\u0131nda Yeni D\u00f6nem: 72 Aya Varan Taksit ve D\u00fc\u015f\u00fck Faiz"},"content":{"rendered":"\n<p class=\"wp-block-paragraph\">Ni\u011fde Sosyal G\u00fcvenlik \u0130l M\u00fcd\u00fcr\u00fc Eray Buz, SGK&#8217;ya borcu bulunan vatanda\u015flar ve i\u015fverenlere y\u00f6nelik yeni bor\u00e7 yap\u0131land\u0131rmas\u0131 hakk\u0131nda a\u00e7\u0131klamalarda bulundu. 2026\/15 say\u0131l\u0131 SGK Genelgesi kapsam\u0131nda bor\u00e7lar\u0131n 72 aya kadar taksitlendirilebilece\u011fi, y\u0131ll\u0131k tecil faiz oran\u0131n\u0131n y\u00fczde 29&#8217;a indirildi\u011fi ve 10 milyon liraya kadar olan bor\u00e7larda teminat \u015fart\u0131n\u0131n kald\u0131r\u0131ld\u0131\u011f\u0131 belirtildi.<\/p>\n\n\n\n<h2 class=\"wp-block-heading\">TAKS\u0130T S\u00dcRES\u0130 72 AYA \u00c7IKARILDI<\/h2>\n\n\n\n<p class=\"wp-block-paragraph\">Yeni d\u00fczenlemeyle daha \u00f6nce en fazla 36 ay olarak uygulanan taksit s\u00fcresi, bor\u00e7lular\u0131n mali durumuna g\u00f6re 72 aya kadar \u00e7\u0131kar\u0131ld\u0131.<\/p>\n\n\n\n<p class=\"wp-block-paragraph\">Y\u0131ll\u0131k tecil faiz oran\u0131 ise y\u00fczde 39&#8217;dan y\u00fczde 29&#8217;a indirildi. Ayr\u0131ca 10 milyon liraya kadar olan bor\u00e7larda teminat \u015fart\u0131 aranmayaca\u011f\u0131 bildirildi.<\/p>\n\n\n\n<p class=\"wp-block-paragraph\">Eray Buz, \u201cKurumumuz taraf\u0131ndan yay\u0131mlanan yeni genelgeyle birlikte bor\u00e7lu i\u015fverenlerimiz ve sigortal\u0131lar\u0131m\u0131z i\u00e7in \u00f6nemli avantajlar devreye girdi. Daha \u00f6nce en fazla 36 ay olarak uygulanan azami taksit s\u00fcresini, bor\u00e7lular\u0131m\u0131z\u0131n mali durumuna g\u00f6re 72 aya kadar \u00e7\u0131kard\u0131k. Y\u0131ll\u0131k tecil faiz oran\u0131n\u0131 da y\u00fczde 39&#8217;dan y\u00fczde 29&#8217;a indirdik. Ayr\u0131ca 10 milyon liraya kadar olan bor\u00e7larda art\u0131k teminat \u015fart\u0131 aramayaca\u011f\u0131z\u201d dedi.<\/p>\n\n\n\n<h2 class=\"wp-block-heading\">\u0130LK TAKS\u0130T \u0130\u00c7\u0130N SON TAR\u0130H 31 A\u011eUSTOS<\/h2>\n\n\n\n<p class=\"wp-block-paragraph\">Ba\u015fvuru ve \u00f6deme takvimine ili\u015fkin bilgi veren Buz, SGK prim bor\u00e7lar\u0131nda ilk taksit \u00f6demesinin de 31 A\u011fustos 2026 tarihine kadar yap\u0131lmas\u0131 gerekti\u011fini belirtti.<\/p>\n\n\n\n<p class=\"wp-block-paragraph\">Ba\u015fvurular\u0131n son g\u00fcne b\u0131rak\u0131lmamas\u0131 \u00e7a\u011fr\u0131s\u0131nda bulunan Buz, vatanda\u015flar\u0131n ve i\u015fverenlerin ma\u011fduriyet ya\u015famamas\u0131 amac\u0131yla Ni\u011fde Sosyal G\u00fcvenlik \u0130l M\u00fcd\u00fcrl\u00fc\u011f\u00fc ile Bor \u015eehit \u00d6mer Halisdemir Sosyal G\u00fcvenlik Merkezinin hafta sonunda da hizmet verece\u011fini a\u00e7\u0131klad\u0131.<\/p>\n\n\n\n<h2 class=\"wp-block-heading\">SGK HAFTA SONU A\u00c7IK OLACAK<\/h2>\n\n\n\n<p class=\"wp-block-paragraph\">Buz, son ba\u015fvuru tarihinin yakla\u015fmas\u0131 nedeniyle Ni\u011fde Sosyal G\u00fcvenlik \u0130l M\u00fcd\u00fcrl\u00fc\u011f\u00fc ile Bor \u015eehit \u00d6mer Halisdemir Sosyal G\u00fcvenlik Merkezinin 29 A\u011fustos Cumartesi ve 30 A\u011fustos Pazar g\u00fcnlerinde a\u00e7\u0131k tutulaca\u011f\u0131n\u0131 bildirdi.<\/p>\n\n\n\n<p class=\"wp-block-paragraph\">SGK&#8217;ya borcu bulunan vatanda\u015flar ve i\u015fverenlerin yap\u0131land\u0131rma imkanlar\u0131ndan yararlanabilmeleri i\u00e7in ba\u015fvurular\u0131n\u0131 31 A\u011fustos 2026 tarihine kadar yapmalar\u0131 gerekiyor.<\/p>\n","protected":false},"excerpt":{"rendered":"<p>Ni\u011fde Sosyal G\u00fcvenlik \u0130l M\u00fcd\u00fcr\u00fc Eray Buz, SGK&#8217;ya borcu bulunan vatanda\u015flar ve i\u015fverenlere y\u00f6nelik yeni<\/p>\n","protected":false},"author":1,"featured_media":5574,"comment_status":"open","ping_status":"open","sticky":false,"template":"","format":"standard","meta":{"_rtcl_gb_attr":"","footnotes":""},"categories":[14],"tags":[],"class_list":["post-5573","post","type-post","status-publish","format-standard","has-post-thumbnail","hentry","category-ekonomi"],"_links":{"self":[{"href":"https:\/\/turkiyemhaber.com\/index.php?rest_route=\/wp\/v2\/posts\/5573","targetHints":{"allow":["GET"]}}],"collection":[{"href":"https:\/\/turkiyemhaber.com\/index.php?rest_route=\/wp\/v2\/posts"}],"about":[{"href":"https:\/\/turkiyemhaber.com\/index.php?rest_route=\/wp\/v2\/types\/post"}],"author":[{"embeddable":true,"href":"https:\/\/turkiyemhaber.com\/index.php?rest_route=\/wp\/v2\/users\/1"}],"replies":[{"embeddable":true,"href":"https:\/\/turkiyemhaber.com\/index.php?rest_route=%2Fwp%2Fv2%2Fcomments&post=5573"}],"version-history":[{"count":1,"href":"https:\/\/turkiyemhaber.com\/index.php?rest_route=\/wp\/v2\/posts\/5573\/revisions"}],"predecessor-version":[{"id":5575,"href":"https:\/\/turkiyemhaber.com\/index.php?rest_route=\/wp\/v2\/posts\/5573\/revisions\/5575"}],"wp:featuredmedia":[{"embeddable":true,"href":"https:\/\/turkiyemhaber.com\/index.php?rest_route=\/wp\/v2\/media\/5574"}],"wp:attachment":[{"href":"https:\/\/turkiyemhaber.com\/index.php?rest_route=%2Fwp%2Fv2%2Fmedia&parent=5573"}],"wp:term":[{"taxonomy":"category","embeddable":true,"href":"https:\/\/turkiyemhaber.com\/index.php?rest_route=%2Fwp%2Fv2%2Fcategories&post=5573"},{"taxonomy":"post_tag","embeddable":true,"href":"https:\/\/turkiyemhaber.com\/index.php?rest_route=%2Fwp%2Fv2%2Ftags&post=5573"}],"curies":[{"name":"wp","href":"https:\/\/api.w.org\/{rel}","templated":true}]}}