{"id":5570,"date":"2026-08-26T16:34:23","date_gmt":"2026-08-26T16:34:23","guid":{"rendered":"https:\/\/turkiyemhaber.com\/?p=5570"},"modified":"2026-08-26T16:34:28","modified_gmt":"2026-08-26T16:34:28","slug":"bomba-iddia-ali-koc-fransanin-koklu-takimini-satin-aliyor","status":"publish","type":"post","link":"https:\/\/turkiyemhaber.com\/?p=5570","title":{"rendered":"Bomba \u0130ddia: Ali Ko\u00e7 Fransa&#8217;n\u0131n K\u00f6kl\u00fc Tak\u0131m\u0131n\u0131 Sat\u0131n Al\u0131yor"},"content":{"rendered":"\n<p class=\"wp-block-paragraph\">Fransa Ligue 1&#8217;in k\u00f6kl\u00fc ekiplerinden OGC Nice ile ilgili dikkat \u00e7eken bir iddia ortaya at\u0131ld\u0131. Bir T\u00fcrk i\u015f insan\u0131n\u0131n Frans\u0131z kul\u00fcb\u00fcn\u00fc sat\u0131n almak i\u00e7in kul\u00fcb\u00fcn \u015fartlar\u0131 hakk\u0131nda bilgi ald\u0131\u011f\u0131 \u00f6ne s\u00fcr\u00fcld\u00fc.<\/p>\n\n\n\n<h2 class=\"wp-block-heading\">SATIN ALMAK \u0130\u00c7\u0130N \u015eARTLARINI SORDU<\/h2>\n\n\n\n<p class=\"wp-block-paragraph\">Gazeteci Ya\u011f\u0131z Sabuncuo\u011flu, 343 YouTube kanal\u0131nda yapt\u0131\u011f\u0131 a\u00e7\u0131klamada bir T\u00fcrk i\u015f insan\u0131n\u0131n OGC Nice ile ilgilendi\u011fini ve kul\u00fcb\u00fc sat\u0131n alma \u015fartlar\u0131 hakk\u0131nda bilgi ald\u0131\u011f\u0131n\u0131 aktard\u0131.<\/p>\n\n\n\n<p class=\"wp-block-paragraph\">Sabuncuo\u011flu&#8217;nun aktard\u0131\u011f\u0131 bilgilere g\u00f6re kimli\u011fi a\u00e7\u0131klanmayan T\u00fcrk i\u015f insan\u0131, Nice&#8217;i sat\u0131n alma ihtimalini de\u011ferlendirmek amac\u0131yla kul\u00fcple ileti\u015fime ge\u00e7ti. S\u00f6z konusu i\u015f insan\u0131n\u0131n kul\u00fcple ilgili bilgi ald\u0131\u011f\u0131 ve sat\u0131n alma \u015fartlar\u0131n\u0131 sordu\u011fu belirtildi.<\/p>\n\n\n\n<p class=\"wp-block-paragraph\">Ancak \u015fu a\u015famada Nice i\u00e7in resmi bir sat\u0131n alma teklifi yap\u0131ld\u0131\u011f\u0131na ili\u015fkin herhangi bir bilgi payla\u015f\u0131lmad\u0131.<\/p>\n\n\n\n<h2 class=\"wp-block-heading\">AL\u0130 KO\u00c7 \u0130DD\u0130ASI<\/h2>\n\n\n\n<p class=\"wp-block-paragraph\">T\u00fcrk i\u015f insan\u0131n\u0131n kimli\u011fi a\u00e7\u0131klanmazken, sosyal medyada s\u00f6z konusu ki\u015finin Ali Ko\u00e7 oldu\u011fu y\u00f6n\u00fcnde iddialar ortaya at\u0131ld\u0131.<\/p>\n\n\n\n<p class=\"wp-block-paragraph\">Ali Ko\u00e7&#8217;un OGC Nice&#8217;i sat\u0131n almak i\u00e7in giri\u015fimde bulundu\u011funa y\u00f6nelik iddialar\u0131 do\u011frulayan resmi bir a\u00e7\u0131klama bulunmuyor. Ali Ko\u00e7 cephesinden de konuyla ilgili \u015fu ana kadar herhangi bir a\u00e7\u0131klama yap\u0131lmad\u0131.<\/p>\n\n\n\n<h2 class=\"wp-block-heading\">FRANSA&#8217;DA 4 KEZ \u015eAMP\u0130YON OLDU<\/h2>\n\n\n\n<p class=\"wp-block-paragraph\">Fransa&#8217;n\u0131n g\u00fcneyindeki Nice kentini temsil eden OGC Nice, Frans\u0131z futbolunun k\u00f6kl\u00fc kul\u00fcpleri aras\u0131nda yer al\u0131yor.<\/p>\n\n\n\n<p class=\"wp-block-paragraph\">OGC Nice tarihinde 4 lig \u015fampiyonlu\u011fu ve 3 Fransa Kupas\u0131 kazand\u0131. Frans\u0131z ekibi, Avrupa kupalar\u0131nda da bir\u00e7ok kez m\u00fccadele etti.<\/p>\n","protected":false},"excerpt":{"rendered":"<p>Fransa Ligue 1&#8217;in k\u00f6kl\u00fc ekiplerinden OGC Nice ile ilgili dikkat \u00e7eken bir iddia ortaya at\u0131ld\u0131.<\/p>\n","protected":false},"author":1,"featured_media":5571,"comment_status":"open","ping_status":"open","sticky":false,"template":"","format":"standard","meta":{"_rtcl_gb_attr":"","footnotes":""},"categories":[3],"tags":[],"class_list":["post-5570","post","type-post","status-publish","format-standard","has-post-thumbnail","hentry","category-spor"],"_links":{"self":[{"href":"https:\/\/turkiyemhaber.com\/index.php?rest_route=\/wp\/v2\/posts\/5570","targetHints":{"allow":["GET"]}}],"collection":[{"href":"https:\/\/turkiyemhaber.com\/index.php?rest_route=\/wp\/v2\/posts"}],"about":[{"href":"https:\/\/turkiyemhaber.com\/index.php?rest_route=\/wp\/v2\/types\/post"}],"author":[{"embeddable":true,"href":"https:\/\/turkiyemhaber.com\/index.php?rest_route=\/wp\/v2\/users\/1"}],"replies":[{"embeddable":true,"href":"https:\/\/turkiyemhaber.com\/index.php?rest_route=%2Fwp%2Fv2%2Fcomments&post=5570"}],"version-history":[{"count":1,"href":"https:\/\/turkiyemhaber.com\/index.php?rest_route=\/wp\/v2\/posts\/5570\/revisions"}],"predecessor-version":[{"id":5572,"href":"https:\/\/turkiyemhaber.com\/index.php?rest_route=\/wp\/v2\/posts\/5570\/revisions\/5572"}],"wp:featuredmedia":[{"embeddable":true,"href":"https:\/\/turkiyemhaber.com\/index.php?rest_route=\/wp\/v2\/media\/5571"}],"wp:attachment":[{"href":"https:\/\/turkiyemhaber.com\/index.php?rest_route=%2Fwp%2Fv2%2Fmedia&parent=5570"}],"wp:term":[{"taxonomy":"category","embeddable":true,"href":"https:\/\/turkiyemhaber.com\/index.php?rest_route=%2Fwp%2Fv2%2Fcategories&post=5570"},{"taxonomy":"post_tag","embeddable":true,"href":"https:\/\/turkiyemhaber.com\/index.php?rest_route=%2Fwp%2Fv2%2Ftags&post=5570"}],"curies":[{"name":"wp","href":"https:\/\/api.w.org\/{rel}","templated":true}]}}