{"id":5561,"date":"2026-08-26T16:25:27","date_gmt":"2026-08-26T16:25:27","guid":{"rendered":"https:\/\/turkiyemhaber.com\/?p=5561"},"modified":"2026-08-26T16:25:33","modified_gmt":"2026-08-26T16:25:33","slug":"sakarya-kultur-festivali-sona-erdi","status":"publish","type":"post","link":"https:\/\/turkiyemhaber.com\/?p=5561","title":{"rendered":"Sakarya K\u00fclt\u00fcr Festivali Sona Erdi"},"content":{"rendered":"\n<p class=\"wp-block-paragraph\">Sakarya\u2019da d\u00fczenlenen 3. Geleneksel Sakarya K\u00fclt\u00fcr Festivali, Millet Bah\u00e7esi\u2019nde ger\u00e7ekle\u015ftirilen kapan\u0131\u015f program\u0131yla sona erdi. 7 g\u00fcn s\u00fcren festival, Roman K\u00fclt\u00fcr Bulu\u015fmas\u0131 ve konser program\u0131yla tamamland\u0131.<\/p>\n\n\n\n<p class=\"wp-block-paragraph\">Festival kapsam\u0131nda Yerel K\u00fclt\u00fcr, Rumeli-Balkan, Karadeniz, Kafkas, \u0130\u00e7 Anadolu, Do\u011fu ve G\u00fcneydo\u011fu Anadolu ile Roman k\u00fclt\u00fcrlerine ait stantlar kuruldu.<\/p>\n\n\n\n<p class=\"wp-block-paragraph\">Bir hafta boyunca d\u00fczenlenen etkinliklerde y\u00f6resel k\u00fclt\u00fcrler ve lezzetler tan\u0131t\u0131ld\u0131. Festival alan\u0131nda m\u00fczik ve dans g\u00f6sterileri ger\u00e7ekle\u015ftirilirken, y\u00f6resel ezgiler, halk oyunlar\u0131, gastronomi etkinlikleri ve konserler d\u00fczenlendi.<\/p>\n\n\n\n<p class=\"wp-block-paragraph\">Festivalin son g\u00fcn\u00fcnde ger\u00e7ekle\u015ftirilen Roman K\u00fclt\u00fcr Bulu\u015fmas\u0131 ve konser program\u0131nda vatanda\u015flar m\u00fczik ve sahne g\u00f6sterilerini takip etti.<\/p>\n\n\n\n<p class=\"wp-block-paragraph\">7 g\u00fcn boyunca devam eden festival, son g\u00f6sterilerin ard\u0131ndan tamamland\u0131.<\/p>\n","protected":false},"excerpt":{"rendered":"<p>Sakarya\u2019da d\u00fczenlenen 3. Geleneksel Sakarya K\u00fclt\u00fcr Festivali, Millet Bah\u00e7esi\u2019nde ger\u00e7ekle\u015ftirilen kapan\u0131\u015f program\u0131yla sona erdi. 7<\/p>\n","protected":false},"author":1,"featured_media":5562,"comment_status":"open","ping_status":"open","sticky":false,"template":"","format":"standard","meta":{"_rtcl_gb_attr":"","footnotes":""},"categories":[74],"tags":[],"class_list":["post-5561","post","type-post","status-publish","format-standard","has-post-thumbnail","hentry","category-yerel-haberler"],"_links":{"self":[{"href":"https:\/\/turkiyemhaber.com\/index.php?rest_route=\/wp\/v2\/posts\/5561","targetHints":{"allow":["GET"]}}],"collection":[{"href":"https:\/\/turkiyemhaber.com\/index.php?rest_route=\/wp\/v2\/posts"}],"about":[{"href":"https:\/\/turkiyemhaber.com\/index.php?rest_route=\/wp\/v2\/types\/post"}],"author":[{"embeddable":true,"href":"https:\/\/turkiyemhaber.com\/index.php?rest_route=\/wp\/v2\/users\/1"}],"replies":[{"embeddable":true,"href":"https:\/\/turkiyemhaber.com\/index.php?rest_route=%2Fwp%2Fv2%2Fcomments&post=5561"}],"version-history":[{"count":1,"href":"https:\/\/turkiyemhaber.com\/index.php?rest_route=\/wp\/v2\/posts\/5561\/revisions"}],"predecessor-version":[{"id":5563,"href":"https:\/\/turkiyemhaber.com\/index.php?rest_route=\/wp\/v2\/posts\/5561\/revisions\/5563"}],"wp:featuredmedia":[{"embeddable":true,"href":"https:\/\/turkiyemhaber.com\/index.php?rest_route=\/wp\/v2\/media\/5562"}],"wp:attachment":[{"href":"https:\/\/turkiyemhaber.com\/index.php?rest_route=%2Fwp%2Fv2%2Fmedia&parent=5561"}],"wp:term":[{"taxonomy":"category","embeddable":true,"href":"https:\/\/turkiyemhaber.com\/index.php?rest_route=%2Fwp%2Fv2%2Fcategories&post=5561"},{"taxonomy":"post_tag","embeddable":true,"href":"https:\/\/turkiyemhaber.com\/index.php?rest_route=%2Fwp%2Fv2%2Ftags&post=5561"}],"curies":[{"name":"wp","href":"https:\/\/api.w.org\/{rel}","templated":true}]}}