{"id":5553,"date":"2026-08-26T16:20:41","date_gmt":"2026-08-26T16:20:41","guid":{"rendered":"https:\/\/turkiyemhaber.com\/?p=5553"},"modified":"2026-08-26T16:20:48","modified_gmt":"2026-08-26T16:20:48","slug":"sakarya-tramvay-ile-bulusuyor-tarihi-imzalar-atildi","status":"publish","type":"post","link":"https:\/\/turkiyemhaber.com\/?p=5553","title":{"rendered":"Sakarya Tramvay ile Bulu\u015fuyor: Tarihi \u0130mzalar At\u0131ld\u0131"},"content":{"rendered":"\n<p class=\"wp-block-paragraph\">Sakarya B\u00fcy\u00fck\u015fehir Belediye Ba\u015fkan\u0131 Yusuf Alemdar, Adapazar\u0131-Serdivan Tramvay Hatt\u0131 Projesi i\u00e7in \u00f6nemli bir a\u015faman\u0131n tamamland\u0131\u011f\u0131n\u0131 a\u00e7\u0131klad\u0131. Ula\u015ft\u0131rma ve Altyap\u0131 Bakanl\u0131\u011f\u0131 ile y\u00fcklenici firma aras\u0131nda s\u00f6zle\u015fmenin imzaland\u0131\u011f\u0131n\u0131 belirten Alemdar, saha \u00e7al\u0131\u015fmalar\u0131n\u0131n k\u0131sa s\u00fcre i\u00e7erisinde ba\u015flayaca\u011f\u0131n\u0131 duyurdu.<\/p>\n\n\n\n<figure class=\"wp-block-image size-full\"><img loading=\"lazy\" decoding=\"async\" width=\"640\" height=\"360\" src=\"https:\/\/turkiyemhaber.com\/wp-content\/uploads\/2026\/08\/sakarya-tramvay-ile-bulusuyor-19136461-6666_1_m.webp\" alt=\"\" class=\"wp-image-5555\" srcset=\"https:\/\/turkiyemhaber.com\/wp-content\/uploads\/2026\/08\/sakarya-tramvay-ile-bulusuyor-19136461-6666_1_m.webp 640w, https:\/\/turkiyemhaber.com\/wp-content\/uploads\/2026\/08\/sakarya-tramvay-ile-bulusuyor-19136461-6666_1_m-300x169.webp 300w, https:\/\/turkiyemhaber.com\/wp-content\/uploads\/2026\/08\/sakarya-tramvay-ile-bulusuyor-19136461-6666_1_m-18x10.webp 18w\" sizes=\"auto, (max-width: 640px) 100vw, 640px\" \/><\/figure>\n\n\n\n<h2 class=\"wp-block-heading\">\u201c\u0130MZALAR ATILDI, SAHA \u00c7ALI\u015eMALARI BA\u015eLIYOR\u201d<\/h2>\n\n\n\n<p class=\"wp-block-paragraph\">Yusuf Alemdar, Adapazar\u0131-Serdivan Tramvay Hatt\u0131&#8217;n\u0131n yap\u0131m\u0131 i\u00e7in ba\u015flat\u0131lan ihale s\u00fcrecinin ard\u0131ndan Ula\u015ft\u0131rma ve Altyap\u0131 Bakanl\u0131\u011f\u0131 ile y\u00fcklenici firma aras\u0131nda s\u00f6zle\u015fmelerin imzaland\u0131\u011f\u0131n\u0131 belirtti.<\/p>\n\n\n\n<p class=\"wp-block-paragraph\">Alemdar, \u201cBir s\u00fcredir bekledi\u011fimiz bir geli\u015fmeyi hem\u015ferilerimizle payla\u015fmak istiyorum. Bilindi\u011fi \u00fczere \u015fehrin ula\u015f\u0131m\u0131 i\u00e7in omurga niteli\u011fi ta\u015f\u0131yan Adapazar\u0131-Serdivan Tramvay Hatt\u0131&#8217;n\u0131n yap\u0131m\u0131 i\u00e7in ihale s\u00fcreci ba\u015flat\u0131lm\u0131\u015ft\u0131. Bug\u00fcn itibar\u0131yla Ula\u015ft\u0131rma ve Altyap\u0131 Bakanl\u0131\u011f\u0131m\u0131z ile y\u00fcklenici firma aras\u0131nda s\u00f6zle\u015fmeler imzaland\u0131. Sakarya\u2019m\u0131za tramvayla ula\u015f\u0131m modelini kazand\u0131racak projede saha \u00e7al\u0131\u015fmalar\u0131 k\u0131sa s\u00fcre i\u00e7erisinde ba\u015fl\u0131yor. Bu tarihi geli\u015fmeyi hem\u015fehrilerimizle payla\u015fman\u0131n b\u00fcy\u00fck mutlulu\u011funu ya\u015f\u0131yorum\u201d dedi.<\/p>\n\n\n\n<figure class=\"wp-block-image size-full\"><img loading=\"lazy\" decoding=\"async\" width=\"640\" height=\"360\" src=\"https:\/\/turkiyemhaber.com\/wp-content\/uploads\/2026\/08\/sakarya-tramvay-ile-bulusuyor-86411733-5339_1_m.webp\" alt=\"\" class=\"wp-image-5556\" srcset=\"https:\/\/turkiyemhaber.com\/wp-content\/uploads\/2026\/08\/sakarya-tramvay-ile-bulusuyor-86411733-5339_1_m.webp 640w, https:\/\/turkiyemhaber.com\/wp-content\/uploads\/2026\/08\/sakarya-tramvay-ile-bulusuyor-86411733-5339_1_m-18x10.webp 18w, https:\/\/turkiyemhaber.com\/wp-content\/uploads\/2026\/08\/sakarya-tramvay-ile-bulusuyor-86411733-5339_1_m-300x169.webp 300w\" sizes=\"auto, (max-width: 640px) 100vw, 640px\" \/><\/figure>\n\n\n\n<h2 class=\"wp-block-heading\">EME\u011e\u0130 GE\u00c7ENLERE TE\u015eEKK\u00dcR ETT\u0130<\/h2>\n\n\n\n<p class=\"wp-block-paragraph\">Ba\u015fkan Alemdar, projenin hayata ge\u00e7irilmesinde eme\u011fi bulunanlara te\u015fekk\u00fcr ederek, \u201cEn ba\u015fta Cumhurba\u015fkan\u0131m\u0131z Say\u0131n Recep Tayyip Erdo\u011fan olmak \u00fczere, Ula\u015ft\u0131rma ve Altyap\u0131 Bakan\u0131m\u0131z Abdulkadir Uralo\u011flu\u2019na, Genel Ba\u015fkan Yard\u0131mc\u0131m\u0131z Ali \u0130hsan Yavuz\u2019a ve destek olan herkese te\u015fekk\u00fcr ediyorum\u201d ifadelerini kulland\u0131.<\/p>\n\n\n\n<h2 class=\"wp-block-heading\">ULA\u015eIMDA OMURGA OLACAK<\/h2>\n\n\n\n<p class=\"wp-block-paragraph\">Adapazar\u0131-Serdivan Tramvay Hatt\u0131, \u015fehrin yo\u011fun kullan\u0131lan g\u00fczergahlar\u0131n\u0131 birbirine ba\u011flayacak.<\/p>\n\n\n\n<p class=\"wp-block-paragraph\">Adapazar\u0131&#8217;ndan ba\u015flayacak hat; \u00fcniversite kamp\u00fcs b\u00f6lgesi, stadyum b\u00f6lgesi, Yeni Cami, Demokrasi Meydan\u0131 ve \u00c7ark Caddesi&#8217;ne ula\u015f\u0131m sa\u011flayacak.<\/p>\n\n\n\n<h2 class=\"wp-block-heading\">TRAMVAY HATTININ G\u00dcZERGAHI<\/h2>\n\n\n\n<h3 class=\"wp-block-heading\">Ana Hat<\/h3>\n\n\n\n<p class=\"wp-block-paragraph\">Yeni Sakarya Atat\u00fcrk Stadyumu \u2013 15 Temmuz Bulvar\u0131 \u2013 Yeni Cami \u2013 Demokrasi Meydan\u0131 \u2013 Kud\u00fcs Caddesi \u2013 Orta Garaj \u2013 \u00c7ark Caddesi \u2013 Muhsin Yaz\u0131c\u0131o\u011flu Bulvar\u0131 \u2013 Tunatan Kav\u015fa\u011f\u0131.<\/p>\n\n\n\n<h3 class=\"wp-block-heading\">Birinci Kol<\/h3>\n\n\n\n<p class=\"wp-block-paragraph\">Medeniyet Bulvar\u0131 \u2013 Sakarya \u00dcniversitesi Kamp\u00fcs\u00fc.<\/p>\n\n\n\n<h3 class=\"wp-block-heading\">\u0130kinci Kol<\/h3>\n\n\n\n<ol start=\"2\" class=\"wp-block-list\">\n<li>Cadde \u2013 Sapak Camii \u2013 Mehmet Akif Ersoy Caddesi \u2013 Serdivan Spor Salonu \u2013 Yazl\u0131k Kav\u015fa\u011f\u0131.<\/li>\n<\/ol>\n","protected":false},"excerpt":{"rendered":"<p>Sakarya B\u00fcy\u00fck\u015fehir Belediye Ba\u015fkan\u0131 Yusuf Alemdar, Adapazar\u0131-Serdivan Tramvay Hatt\u0131 Projesi i\u00e7in \u00f6nemli bir a\u015faman\u0131n tamamland\u0131\u011f\u0131n\u0131<\/p>\n","protected":false},"author":1,"featured_media":5554,"comment_status":"open","ping_status":"open","sticky":false,"template":"","format":"standard","meta":{"_rtcl_gb_attr":"","footnotes":""},"categories":[74],"tags":[],"class_list":["post-5553","post","type-post","status-publish","format-standard","has-post-thumbnail","hentry","category-yerel-haberler"],"_links":{"self":[{"href":"https:\/\/turkiyemhaber.com\/index.php?rest_route=\/wp\/v2\/posts\/5553","targetHints":{"allow":["GET"]}}],"collection":[{"href":"https:\/\/turkiyemhaber.com\/index.php?rest_route=\/wp\/v2\/posts"}],"about":[{"href":"https:\/\/turkiyemhaber.com\/index.php?rest_route=\/wp\/v2\/types\/post"}],"author":[{"embeddable":true,"href":"https:\/\/turkiyemhaber.com\/index.php?rest_route=\/wp\/v2\/users\/1"}],"replies":[{"embeddable":true,"href":"https:\/\/turkiyemhaber.com\/index.php?rest_route=%2Fwp%2Fv2%2Fcomments&post=5553"}],"version-history":[{"count":1,"href":"https:\/\/turkiyemhaber.com\/index.php?rest_route=\/wp\/v2\/posts\/5553\/revisions"}],"predecessor-version":[{"id":5557,"href":"https:\/\/turkiyemhaber.com\/index.php?rest_route=\/wp\/v2\/posts\/5553\/revisions\/5557"}],"wp:featuredmedia":[{"embeddable":true,"href":"https:\/\/turkiyemhaber.com\/index.php?rest_route=\/wp\/v2\/media\/5554"}],"wp:attachment":[{"href":"https:\/\/turkiyemhaber.com\/index.php?rest_route=%2Fwp%2Fv2%2Fmedia&parent=5553"}],"wp:term":[{"taxonomy":"category","embeddable":true,"href":"https:\/\/turkiyemhaber.com\/index.php?rest_route=%2Fwp%2Fv2%2Fcategories&post=5553"},{"taxonomy":"post_tag","embeddable":true,"href":"https:\/\/turkiyemhaber.com\/index.php?rest_route=%2Fwp%2Fv2%2Ftags&post=5553"}],"curies":[{"name":"wp","href":"https:\/\/api.w.org\/{rel}","templated":true}]}}